{"id":174780,"date":"2025-06-14T02:02:16","date_gmt":"2025-06-14T02:02:16","guid":{"rendered":"https:\/\/www.europesays.com\/fr\/174780\/"},"modified":"2025-06-14T02:02:16","modified_gmt":"2025-06-14T02:02:16","slug":"droit-de-reponse-de-grenoble-ecole-de-management","status":"publish","type":"post","link":"https:\/\/www.europesays.com\/fr\/174780\/","title":{"rendered":"Droit de r\u00e9ponse de Grenoble \u00c9cole de Management"},"content":{"rendered":"<p>Grenoble \u00c9cole de Management prend connaissance de la publication, par Le Dauphin\u00e9 Lib\u00e9r\u00e9, d\u2019un article qui pr\u00e9tend s\u2019inscrire dans une d\u00e9marche d\u2019enqu\u00eate, mais qui alimente en r\u00e9alit\u00e9 une campagne de d\u00e9sinformation.<\/p>\n<p>En effet, l\u2019article s\u2019appuie sur un courrier anonyme, \u00e9manant de personnes vraisemblablement ext\u00e9rieures \u00e0 l\u2019\u00c9cole, pour lequel GEM vient de d\u00e9poser une plainte p\u00e9nale pour diffamation.\u00a0Ce choix \u00e9ditorial interroge : en relayant un document non v\u00e9rifi\u00e9, sans mise en perspective, Le Dauphin\u00e9 Lib\u00e9r\u00e9 s\u2019\u00e9loigne des principes attendus d\u2019un travail journalistique rigoureux. Ce traitement partiel, sans contextualisation, contribue \u00e0 alimenter une pol\u00e9mique plut\u00f4t qu\u2019\u00e0 \u00e9clairer l\u2019opinion.<\/p>\n<p>L\u2019article accumule approximations, insinuations et raccourcis. Il ne refl\u00e8te en rien la r\u00e9alit\u00e9 du travail accompli ces trois derni\u00e8res ann\u00e9es par la communaut\u00e9 de GEM pour redresser, assainir et transformer l\u2019\u00c9cole.<\/p>\n<p>Depuis 2023, Grenoble \u00c9cole de Management conna\u00eet un redressement concret, mesurable et reconnu :<br \/>1. Une trajectoire financi\u00e8re redress\u00e9e : retour \u00e0 l\u2019\u00e9quilibre pr\u00e9vu au 30 juin 2025, apr\u00e8s plusieurs exercices d\u00e9ficitaires. Cette performance est obtenue sans plan social, avec une hausse de +17 % des primo-entrants r\u00e9alis\u00e9e \u00e0 la rentr\u00e9e 2024 et un pilotage budg\u00e9taire rigoureux.<br \/>2. Des conditions de travail am\u00e9lior\u00e9es : un climat de travail stabilis\u00e9, un taux de turnover tr\u00e8s bas (2,5 % pour les CDI), un index \u00e9galit\u00e9 femmes hommes pass\u00e9 de 75 \u00e0 87 en un an, des\u00a0managers form\u00e9s et des \u00e9quipes ajust\u00e9es.<br \/>3. Une gouvernance professionnelle et renouvel\u00e9e : un Comex paritaire et des d\u00e9cisions structurantes partag\u00e9es<br \/>4. Un projet strat\u00e9gique ambitieux et collectif : un plan ambitieux, EAGLE 2030, coconstruit avec les collaborateurs, dont plus d\u2019une centaine a \u00e9t\u00e9 directement \u00e0 l\u2019initiative des projets, une refonte p\u00e9dagogique en profondeur avec une offre renouvel\u00e9e, le lancement de programmes innovants (MBA Tech avec le CEA, bachelors hybrides en construction, de nouveaux partenariats d\u2019excellence avec l\u2019IRIS, l\u2019IHEDN, \u2026), un rayonnement renforc\u00e9 en France comme \u00e0 l\u2019international.<\/p>\n<p>Les faits sont l\u00e0 : progression dans tous les classements, accr\u00e9ditations renouvel\u00e9es, attractivit\u00e9 renforc\u00e9e, portefeuille de programmes modernis\u00e9, partenariats strat\u00e9giques consolid\u00e9s.<\/p>\n<p>Dans ce contexte, nous d\u00e9non\u00e7ons avec force les attaques personnelles et insinuations visant la Directrice G\u00e9n\u00e9rale et les membres du Comex. Depuis deux ans, leur engagement s\u2019est traduit par une baisse significative des charges de gouvernance : plus d\u2019un million d\u2019euros d\u2019\u00e9conomies ont \u00e9t\u00e9\u00a0 r\u00e9alis\u00e9es sur la masse salariale et les d\u00e9penses li\u00e9es \u00e0 la direction. Les accusations infond\u00e9es autour du train de vie sont non seulement injustes, mais rel\u00e8vent d\u2019une volont\u00e9 manifeste de nuire.\u00a0Nous refusons que le travail collectif de nos \u00e9quipes soit \u00e9clips\u00e9 par des pol\u00e9miques artificielles. La\u00a0 transformation de GEM est bien r\u00e9elle, port\u00e9e avec rigueur, transparence et ambition &#8211; d\u2019ailleurs la presse internationale ne s\u2019y trompe pas, le Times et CNN ayant salu\u00e9 l\u2019initiative de GEM sur l\u2019accueil des \u00e9tudiants internationaux.<\/p>\n<p>Grenoble \u00c9cole de Management poursuivra, avec d\u00e9termination, sa mission de formation des acteurs du changement au sein d\u2019une Business School d\u2019excellence, engag\u00e9e, inclusive, ancr\u00e9e dans les Alpes et ouverte sur le monde.<\/p>\n<p>Grenoble Ecole de Management<\/p>\n","protected":false},"excerpt":{"rendered":"Grenoble \u00c9cole de Management prend connaissance de la publication, par Le Dauphin\u00e9 Lib\u00e9r\u00e9, d\u2019un article qui pr\u00e9tend s\u2019inscrire&hellip;\n","protected":false},"author":2,"featured_media":174781,"comment_status":"","ping_status":"","sticky":false,"template":"","format":"standard","meta":{"footnotes":""},"categories":[9566],"tags":[1111,11,2813,2190,2430,1109,251,1112,2811,1777,674,118,1011,27,2731,1922,1110,1114,2428,2810,12,241,316,25,2812,517,800],"class_list":{"0":"post-174780","1":"post","2":"type-post","3":"status-publish","4":"format-standard","5":"has-post-thumbnail","7":"category-grenoble","8":"tag-actu","9":"tag-actualites","10":"tag-article","11":"tag-asvel","12":"tag-auvergne-rhone-alpes","13":"tag-breves","14":"tag-culture","15":"tag-depeches","16":"tag-economique","17":"tag-eu","18":"tag-europe","19":"tag-faits-divers","20":"tag-fr","21":"tag-france","22":"tag-grenoble","23":"tag-info","24":"tag-informations","25":"tag-infos","26":"tag-lyon","27":"tag-lyonmag","28":"tag-news","29":"tag-ol","30":"tag-politique","31":"tag-republique-francaise","32":"tag-sociale","33":"tag-sport","34":"tag-transports"},"share_on_mastodon":{"url":"https:\/\/pubeurope.com\/@fr\/114679260379829553","error":""},"_links":{"self":[{"href":"https:\/\/www.europesays.com\/fr\/wp-json\/wp\/v2\/posts\/174780","targetHints":{"allow":["GET"]}}],"collection":[{"href":"https:\/\/www.europesays.com\/fr\/wp-json\/wp\/v2\/posts"}],"about":[{"href":"https:\/\/www.europesays.com\/fr\/wp-json\/wp\/v2\/types\/post"}],"author":[{"embeddable":true,"href":"https:\/\/www.europesays.com\/fr\/wp-json\/wp\/v2\/users\/2"}],"replies":[{"embeddable":true,"href":"https:\/\/www.europesays.com\/fr\/wp-json\/wp\/v2\/comments?post=174780"}],"version-history":[{"count":0,"href":"https:\/\/www.europesays.com\/fr\/wp-json\/wp\/v2\/posts\/174780\/revisions"}],"wp:featuredmedia":[{"embeddable":true,"href":"https:\/\/www.europesays.com\/fr\/wp-json\/wp\/v2\/media\/174781"}],"wp:attachment":[{"href":"https:\/\/www.europesays.com\/fr\/wp-json\/wp\/v2\/media?parent=174780"}],"wp:term":[{"taxonomy":"category","embeddable":true,"href":"https:\/\/www.europesays.com\/fr\/wp-json\/wp\/v2\/categories?post=174780"},{"taxonomy":"post_tag","embeddable":true,"href":"https:\/\/www.europesays.com\/fr\/wp-json\/wp\/v2\/tags?post=174780"}],"curies":[{"name":"wp","href":"https:\/\/api.w.org\/{rel}","templated":true}]}}