{"id":174784,"date":"2025-06-14T02:04:13","date_gmt":"2025-06-14T02:04:13","guid":{"rendered":"https:\/\/www.europesays.com\/fr\/174784\/"},"modified":"2025-06-14T02:04:13","modified_gmt":"2025-06-14T02:04:13","slug":"video-qui-sont-ces-motards-fous-tournant-a-toute-vitesse-sur-le-mur-de-la-mort-pres-de","status":"publish","type":"post","link":"https:\/\/www.europesays.com\/fr\/174784\/","title":{"rendered":"VID\u00c9O. Qui sont ces motards fous tournant \u00e0 toute vitesse sur le Mur de la mort\u00a0pr\u00e8s de"},"content":{"rendered":"<p>Ce serait l\u2019un des seuls encore actifs en France. Jusqu\u2019au dimanche 15\u00a0juin 2025, le Mur de la mort et sa troupe d\u00e9jant\u00e9e ont pos\u00e9 leurs valises au Milieu, \u00e0 Saint-Jacques-de-la-Lande, pr\u00e8s de Rennes (Ille-et-Vilaine). <a href=\"https:\/\/rennes.maville.com\/actu\/actudet_-ay-roop-20-ans-et-une-11e-biennale-de-cirque-contemporain-_7-6823918_actu.Htm?utm_source=troove&amp;utm_medium=site\" rel=\"nofollow noopener\" target=\"_blank\">\u00c0 l\u2019occasion du festival Ay-Roop,<\/a> Andr\u00e9as Saoulard, Raoul Carnet et Vincent Estaque enfourchent leurs motos trois fois par jour pour tourner comme des fous dans cette ar\u00e8ne en bois.<\/p>\n<p>\u00ab\u00a0Un autre monde\u00a0\u00bb<\/p>\n<p>Ce vendredi 13\u00a0juin, ils ouvraient leur s\u00e9rie de shows, nomm\u00e9e \u00ab\u00a0Mortel jus de mortel\u00a0\u00bb. Apr\u00e8s 40\u00a0minutes \u00e0 donner le tournis, Vincent Estaque, pilote se d\u00e9finissant comme<strong> \u00ab\u00a0coureur de mur\u00a0\u00bb<\/strong>, revient sur ses premi\u00e8res sensations\u00a0: <strong>\u00ab\u00a0Tourner sur le Mur de la mort\u00a0? C\u2019est un autre monde. Il faut accepter des choses pas naturelles. \u00c0 chaque fois que je le fais, je repense \u00e0 la premi\u00e8re fois que j\u2019ai roul\u00e9 sur le Mur. J\u2019ai eu la m\u00eame sensation lorsque j\u2019\u00e9tais enfant quand on a retir\u00e9 les petites roues de mon v\u00e9lo.\u00a0\u00bb<\/strong><\/p>\n<p><strong>Lire aussi\u00a0:<\/strong> <a href=\"https:\/\/saint-brieuc.maville.com\/actu\/actudet_-percussions-du-monde-danse-aerienne-braderies...-nos-sorties-coup-de-coeur-a-rennes-ce-week-end-_5-6852662_actu.Htm\" rel=\"nofollow noopener\" target=\"_blank\">Percussions du monde, danse a\u00e9rienne, braderies\u2026 nos sorties coup de c\u0153ur \u00e0 Rennes, ce week-end<\/a><\/p>\n<p>Depuis 22\u00a0ans, le pilote avale des kilom\u00e8tres sur ces planchettes de bois horizontales. Avec Raoul Carnet, ils se sont am\u00e9lior\u00e9s de spectacle en spectacle tout en formant de jeunes pilotes tels que Andr\u00e9as Saoulard. <strong>\u00ab\u00a0Au d\u00e9but, tu te contentes de rouler, puis d\u2019enlever une main, de te mettre en amazone, puis de tourner \u00e0 plusieurs, <\/strong>note le motard tomb\u00e9 raide de sa pratique aussi dangereuse soit-elle.<strong> Ce sont de longues \u00e9tapes qui demandent beaucoup de pratique.\u00a0\u00bb<\/strong><\/p>\n<p><strong>Pratique\u00a0:<\/strong> samedi\u00a014 et dimanche 15\u00a0juin au Milieu \u00e0 Saint-Jacques-de-la-Lande (rue du Haut-Bois). Spectacle de 40\u00a0min jou\u00e9 \u00e0 17\u00a0h, 19\u00a0h et 21\u00a0h samedi et 15\u00a0h et 18\u00a0h dimanche. Tarif\u00a0: 17\u00a0\u20ac (r\u00e9duit 13\u00a0\u20ac), billetterie en ligne sur <a href=\"https:\/\/www.ay-roop.com\/temps-fort-cirque-25-mortel-jus-de-mortel\/\" rel=\"nofollow noopener\" target=\"_blank\">ay-roop.com\/temps-fort-cirque-25-mortel-jus-de-mortel\/<\/a><\/p>\n<p>\u00a0<\/p>\n","protected":false},"excerpt":{"rendered":"Ce serait l\u2019un des seuls encore actifs en France. Jusqu\u2019au dimanche 15\u00a0juin 2025, le Mur de la mort&hellip;\n","protected":false},"author":2,"featured_media":174785,"comment_status":"","ping_status":"","sticky":false,"template":"","format":"standard","meta":{"footnotes":""},"categories":[2821],"tags":[1111,11,829,1777,674,31000,1011,27,18,3747,12597,12,3762,584,25,20381,133,6956],"class_list":{"0":"post-174784","1":"post","2":"type-post","3":"status-publish","4":"format-standard","5":"has-post-thumbnail","7":"category-rennes","8":"tag-actu","9":"tag-actualites","10":"tag-bretagne","11":"tag-eu","12":"tag-europe","13":"tag-fous","14":"tag-fr","15":"tag-france","16":"tag-mort","17":"tag-motards","18":"tag-mur","19":"tag-news","20":"tag-pres","21":"tag-rennes","22":"tag-republique-francaise","23":"tag-tournant","24":"tag-video","25":"tag-vitesse"},"share_on_mastodon":{"url":"https:\/\/pubeurope.com\/@fr\/114679268278990889","error":""},"_links":{"self":[{"href":"https:\/\/www.europesays.com\/fr\/wp-json\/wp\/v2\/posts\/174784","targetHints":{"allow":["GET"]}}],"collection":[{"href":"https:\/\/www.europesays.com\/fr\/wp-json\/wp\/v2\/posts"}],"about":[{"href":"https:\/\/www.europesays.com\/fr\/wp-json\/wp\/v2\/types\/post"}],"author":[{"embeddable":true,"href":"https:\/\/www.europesays.com\/fr\/wp-json\/wp\/v2\/users\/2"}],"replies":[{"embeddable":true,"href":"https:\/\/www.europesays.com\/fr\/wp-json\/wp\/v2\/comments?post=174784"}],"version-history":[{"count":0,"href":"https:\/\/www.europesays.com\/fr\/wp-json\/wp\/v2\/posts\/174784\/revisions"}],"wp:featuredmedia":[{"embeddable":true,"href":"https:\/\/www.europesays.com\/fr\/wp-json\/wp\/v2\/media\/174785"}],"wp:attachment":[{"href":"https:\/\/www.europesays.com\/fr\/wp-json\/wp\/v2\/media?parent=174784"}],"wp:term":[{"taxonomy":"category","embeddable":true,"href":"https:\/\/www.europesays.com\/fr\/wp-json\/wp\/v2\/categories?post=174784"},{"taxonomy":"post_tag","embeddable":true,"href":"https:\/\/www.europesays.com\/fr\/wp-json\/wp\/v2\/tags?post=174784"}],"curies":[{"name":"wp","href":"https:\/\/api.w.org\/{rel}","templated":true}]}}