{"id":174796,"date":"2025-06-14T02:10:11","date_gmt":"2025-06-14T02:10:11","guid":{"rendered":"https:\/\/www.europesays.com\/fr\/174796\/"},"modified":"2025-06-14T02:10:11","modified_gmt":"2025-06-14T02:10:11","slug":"les-pates-au-beurre-lincontournable-lien-des-familles-change-de-locaux","status":"publish","type":"post","link":"https:\/\/www.europesays.com\/fr\/174796\/","title":{"rendered":"Les P\u00e2tes au beurre, l\u2019incontournable lien des familles, change de locaux"},"content":{"rendered":"<p>Comment apprendre \u00e0 \u00eatre parent ou \u00e0 poser des limites\u00a0? Ou encore, comment comprendre le ressenti de son ou ses enfants\u00a0? Et ce satan\u00e9 portable, qui envahit nos vies, peut-on l\u2019apprivoiser\u00a0! <a href=\"https:\/\/nantes.maville.com\/info\/info-locale\/nantes-pour-l-enfant-l-ecran-ne-doit-pas-etre-une-baby-sitter-6575280\" target=\"_self\" rel=\"nofollow noopener\">Depuis plus de vingt-cinq ans maintenant, l\u2019association P\u00e2tes au beurre tente de r\u00e9pondre \u00e0 ces questions, et \u00e0 beaucoup d\u2019autres.<\/a><\/p>\n<p>Une aventure loin d\u2019\u00eatre termin\u00e9e. Mais<a href=\"https:\/\/www.lespatesaubeurre.fr\/lassociation\/\" rel=\"nofollow noopener\" target=\"_blank\"> l\u2019association<\/a>, n\u00e9e \u00e0 Nantes et pr\u00e9sente aujourd\u2019hui sur 18\u00a0sites en France (Vannes, Plo\u00ebrmel, Boulogne, Paris, Narbonne\u2026) et en Belgique, se r\u00e9organise. En partie <strong>\u00ab\u00a0pour mutualiser nos frais\u00a0\u00bb,<\/strong> ne cache pas Sophie Marinopoulos, psychologue clinicienne et fondatrice de cet endroit pas comme les autres.<\/p>\n<p>Les permanences maintenues<\/p>\n<p>L\u2019association quitte son local historique de la rue Monselet, \u00e0 Nantes, ferm\u00e9 depuis le d\u00e9but de l\u2019ann\u00e9e. Mais le lien avec des familles en souffrance ou en questionnement perdure. <strong>\u00ab\u00a0Il ne s\u2019est d\u2019ailleurs jamais arr\u00eat\u00e9\u00a0\u00bb,<\/strong> insiste Sophie Marinopoulos. Il se poursuivra, \u00e0 Carquefou toujours, rue des Argonautes, et dans deux autres lieux nantais, partag\u00e9s avec des associations \u00ab\u00a0amies\u00a0\u00bb\u00a0: <a href=\"https:\/\/nantes.maville.com\/actu\/actudet_-nantes.-le-coup-de-main-numerique-ouvre-un-lieu-d-accueil-gratuit-pour-les-demarches-administratives-_52716-5996838_actu.Htm\" target=\"_self\" rel=\"nofollow noopener\">Coup de main num\u00e9rique, <\/a>d\u2019une part, <a href=\"https:\/\/nantes.maville.com\/actu\/actudet_-le-musee-des-enfants-de-nantes-met-l-art-a-la-portee-des-plus-jeunes-_8-6759044_actu.Htm\" target=\"_self\" rel=\"nofollow noopener\">le Mus\u00e9e des enfants,<\/a> d\u2019autre part.<\/p>\n<p>Dans les locaux partag\u00e9s avec le Coup de main num\u00e9rique, les rendez-vous avec les familles auront donc lieu au 4, rue Samuel-de-Champlain. Avec le Mus\u00e9e des enfants, ils auront lieu au 118, rue du G\u00e9n\u00e9ral-Buat. Une r\u00e9organisation \u00e0 la marge qui ne change rien \u00e0 la philosophie g\u00e9n\u00e9rale de l\u2019association\u00a0: \u00eatre \u00e0 l\u2019\u00e9coute des familles, y compris, bien s\u00fbr, au t\u00e9l\u00e9phone, pour les accompagner sur le chemin de la parentalit\u00e9.<\/p>\n<p><strong>Contact\u00a0:<\/strong> Le Fil des P\u00e2tes au beurre, au 02\u00a040\u00a016\u00a090\u00a050, le lundi de 9\u00a0h \u00e0 11\u00a0h et le vendredi, de 12\u00a0h \u00e0 14\u00a0h.<\/p>\n<p>\u00a0<\/p>\n","protected":false},"excerpt":{"rendered":"Comment apprendre \u00e0 \u00eatre parent ou \u00e0 poser des limites\u00a0? Ou encore, comment comprendre le ressenti de son&hellip;\n","protected":false},"author":2,"featured_media":174797,"comment_status":"","ping_status":"","sticky":false,"template":"","format":"standard","meta":{"footnotes":""},"categories":[2818],"tags":[1111,11,25567,6861,1777,674,11265,1011,27,27683,4415,14917,766,12,19803,2636,25],"class_list":{"0":"post-174796","1":"post","2":"type-post","3":"status-publish","4":"format-standard","5":"has-post-thumbnail","7":"category-nantes","8":"tag-actu","9":"tag-actualites","10":"tag-beurre","11":"tag-change","12":"tag-eu","13":"tag-europe","14":"tag-familles","15":"tag-fr","16":"tag-france","17":"tag-incontournable","18":"tag-lien","19":"tag-locaux","20":"tag-nantes","21":"tag-news","22":"tag-pates","23":"tag-pays-de-la-loire","24":"tag-republique-francaise"},"share_on_mastodon":{"url":"https:\/\/pubeurope.com\/@fr\/114679291804919871","error":""},"_links":{"self":[{"href":"https:\/\/www.europesays.com\/fr\/wp-json\/wp\/v2\/posts\/174796","targetHints":{"allow":["GET"]}}],"collection":[{"href":"https:\/\/www.europesays.com\/fr\/wp-json\/wp\/v2\/posts"}],"about":[{"href":"https:\/\/www.europesays.com\/fr\/wp-json\/wp\/v2\/types\/post"}],"author":[{"embeddable":true,"href":"https:\/\/www.europesays.com\/fr\/wp-json\/wp\/v2\/users\/2"}],"replies":[{"embeddable":true,"href":"https:\/\/www.europesays.com\/fr\/wp-json\/wp\/v2\/comments?post=174796"}],"version-history":[{"count":0,"href":"https:\/\/www.europesays.com\/fr\/wp-json\/wp\/v2\/posts\/174796\/revisions"}],"wp:featuredmedia":[{"embeddable":true,"href":"https:\/\/www.europesays.com\/fr\/wp-json\/wp\/v2\/media\/174797"}],"wp:attachment":[{"href":"https:\/\/www.europesays.com\/fr\/wp-json\/wp\/v2\/media?parent=174796"}],"wp:term":[{"taxonomy":"category","embeddable":true,"href":"https:\/\/www.europesays.com\/fr\/wp-json\/wp\/v2\/categories?post=174796"},{"taxonomy":"post_tag","embeddable":true,"href":"https:\/\/www.europesays.com\/fr\/wp-json\/wp\/v2\/tags?post=174796"}],"curies":[{"name":"wp","href":"https:\/\/api.w.org\/{rel}","templated":true}]}}