{"id":174799,"date":"2025-06-14T02:12:12","date_gmt":"2025-06-14T02:12:12","guid":{"rendered":"https:\/\/www.europesays.com\/fr\/174799\/"},"modified":"2025-06-14T02:12:12","modified_gmt":"2025-06-14T02:12:12","slug":"lascaux-de-retour-a-cap-sciences-a-bordeaux","status":"publish","type":"post","link":"https:\/\/www.europesays.com\/fr\/174799\/","title":{"rendered":"Lascaux de retour \u00e0 Cap Sciences \u00e0 Bordeaux"},"content":{"rendered":"<p><img decoding=\"async\" class=\"\" style=\"width:100%\" src=\"https:\/\/www.europesays.com\/fr\/wp-content\/uploads\/2025\/06\/IMG_17841749829013506.jpg\" alt=\"La salle des Taureaux est mis en avant dans cette expo itin\u00e9rante de Lascaux\"\/><\/p>\n<p>La salle des Taureaux est mis en avant dans cette expo itin\u00e9rante de Lascaux<\/p>\n<p>Cr\u00e9dit : Elodie Quesnel<\/p>\n<p>Un effet \u00ab\u00a0wahoo\u00a0\u00bb mais aussi quelques frissons. Voila ce que pourront ressentir \u00e0 partir de ce samedi 14 juin, les visiteurs qui viendront d\u00e9couvrir la nouvelle exposition internationale et itin\u00e9rante Lascaux III \u00e0 Cap Sciences.<\/p>\n<p>Douze ans apr\u00e8s la premi\u00e8re expo itin\u00e9rante, c&rsquo;est une exposition r\u00e9inventer autour de la mise en lumi\u00e8re de la \u00ab\u00a0Salle des Taureaux\u00a0\u00bb qui est propos\u00e9e jusqu&rsquo;au 31 ao\u00fbt 2025.<\/p>\n<p>\u00a0<\/p>\n<p>Chapelle Sixtine de la Pr\u00e9histoire\u00a0<\/p>\n<p>D\u00e9couverte en 1940 par quatre adolescents, Lascaux class\u00e9 au patrimoine mondial de l&rsquo;UNESCO, a trouv\u00e9 une nouvelle fa\u00e7on de partager son histoire. Apr\u00e8s une premi\u00e8re exposition itin\u00e9rante qui pr\u00e9sentait fid\u00e8lement les reproductions de la Nef et du Puits gr\u00e2ce \u00e0 des fac-simil\u00e9s, c&rsquo;est une seconde exposition qui a trouv\u00e9 place \u00e0 Cap Sciences.<\/p>\n<p>Cette fois-ci, c&rsquo;est la \u00ab\u00a0Salle des Taureaux\u00a0\u00bb qui a \u00e9t\u00e9 reproduite \u00e0 l&rsquo;identique. Contrairement \u00e0 la premi\u00e8re expo itin\u00e9rante, les fac-simil\u00e9s qui repr\u00e9sentent cette salle mythique de Lascaux ont \u00e9t\u00e9 associ\u00e9s \u00e0 une projection vid\u00e9o repr\u00e9sentant l&rsquo;\u00e9poque pr\u00e9historique et la fa\u00e7on dont la naissance de ses dessins au coeur de la grotte jusqu&rsquo;\u00e0 sa d\u00e9couverte en 1940. L&rsquo;immersion dure neuf minutes.\u00a0<\/p>\n<p>Pour compl\u00e9ter cette immersion, plusieurs modules ont \u00e9t\u00e9 mis en place \u00e0 la sortie de la Salle des Taureaux pour permettre aux visiteurs de d\u00e9couvrir les objets utilis\u00e9s pour d\u00e9couvrir l&rsquo;art pari\u00e9tal.\u00a0<\/p>\n<p style=\"font-weight: 400;\">\ud83d\udccdCap Sciences, Hangar 20, Quai de Bacalan, Bordeaux<\/p>\n<p style=\"font-weight: 400;\">\ud83d\udcc6 Du 14 juin au 31 ao\u00fbt 2025<\/p>\n<p style=\"font-weight: 400;\">\u23f0 De 10h \u00e0 19h<\/p>\n","protected":false},"excerpt":{"rendered":"La salle des Taureaux est mis en avant dans cette expo itin\u00e9rante de Lascaux Cr\u00e9dit : Elodie Quesnel&hellip;\n","protected":false},"author":2,"featured_media":174800,"comment_status":"","ping_status":"","sticky":false,"template":"","format":"standard","meta":{"footnotes":""},"categories":[2817],"tags":[1111,11,1997,2904,30424,14817,1777,674,3293,31005,1011,27,2905,31006,31004,12,2219,7949,25,43],"class_list":{"0":"post-174799","1":"post","2":"type-post","3":"status-publish","4":"format-standard","5":"has-post-thumbnail","7":"category-bordeaux","8":"tag-actu","9":"tag-actualites","10":"tag-bordeaux","11":"tag-bordeaux-metropole","12":"tag-cap-sciences","13":"tag-dordogne","14":"tag-eu","15":"tag-europe","16":"tag-exposition","17":"tag-exposition-itinerante","18":"tag-fr","19":"tag-france","20":"tag-gironde","21":"tag-grotte","22":"tag-lascaux","23":"tag-news","24":"tag-nouvelle-aquitaine","25":"tag-prehistoire","26":"tag-republique-francaise","27":"tag-science"},"share_on_mastodon":{"url":"https:\/\/pubeurope.com\/@fr\/114679300069389676","error":""},"_links":{"self":[{"href":"https:\/\/www.europesays.com\/fr\/wp-json\/wp\/v2\/posts\/174799","targetHints":{"allow":["GET"]}}],"collection":[{"href":"https:\/\/www.europesays.com\/fr\/wp-json\/wp\/v2\/posts"}],"about":[{"href":"https:\/\/www.europesays.com\/fr\/wp-json\/wp\/v2\/types\/post"}],"author":[{"embeddable":true,"href":"https:\/\/www.europesays.com\/fr\/wp-json\/wp\/v2\/users\/2"}],"replies":[{"embeddable":true,"href":"https:\/\/www.europesays.com\/fr\/wp-json\/wp\/v2\/comments?post=174799"}],"version-history":[{"count":0,"href":"https:\/\/www.europesays.com\/fr\/wp-json\/wp\/v2\/posts\/174799\/revisions"}],"wp:featuredmedia":[{"embeddable":true,"href":"https:\/\/www.europesays.com\/fr\/wp-json\/wp\/v2\/media\/174800"}],"wp:attachment":[{"href":"https:\/\/www.europesays.com\/fr\/wp-json\/wp\/v2\/media?parent=174799"}],"wp:term":[{"taxonomy":"category","embeddable":true,"href":"https:\/\/www.europesays.com\/fr\/wp-json\/wp\/v2\/categories?post=174799"},{"taxonomy":"post_tag","embeddable":true,"href":"https:\/\/www.europesays.com\/fr\/wp-json\/wp\/v2\/tags?post=174799"}],"curies":[{"name":"wp","href":"https:\/\/api.w.org\/{rel}","templated":true}]}}