{"id":174803,"date":"2025-06-14T02:14:13","date_gmt":"2025-06-14T02:14:13","guid":{"rendered":"https:\/\/www.europesays.com\/fr\/174803\/"},"modified":"2025-06-14T02:14:13","modified_gmt":"2025-06-14T02:14:13","slug":"toulouse-apres-la-fin-de-linterdit-prefectoral-deux-nouvelles-manifestations-pour-la-palestine-annoncees","status":"publish","type":"post","link":"https:\/\/www.europesays.com\/fr\/174803\/","title":{"rendered":"Toulouse. Apr\u00e8s la fin de l&rsquo;interdit prefectoral, deux nouvelles manifestations pour la Palestine annonc\u00e9es"},"content":{"rendered":"<p>            Par<br \/>\n        <strong><br \/>\n            <a href=\"https:\/\/actu.fr\/auteur\/ancelin-emeryhenriot\" title=\"Consulter tous les articles de Ancelin Emery-Henriot\" target=\"_blank\" rel=\"noopener\">Ancelin Emery-Henriot<\/a><br \/>\n        <\/strong><\/p>\n<p>        Publi\u00e9 le<\/p>\n<p>            13 juin 2025 \u00e0 18h47        <\/p>\n<p>Les mobilisations se d\u00e9multiplient \u00e0<a href=\"https:\/\/actu.fr\/toulouse\/\" target=\"_blank\" rel=\"noopener\"> Toulouse<\/a>. <strong>Deux\u00a0nouvelles manifestations<\/strong> en soutien \u00e0 la Palestine ont \u00e9t\u00e9 annonc\u00e9es en cette matin\u00e9e du 13\u00a0juin 2025. La premi\u00e8re aura lieu samedi <strong>14\u00a0juin<\/strong> \u00e0 la Gare Matabiau \u00e0 partir de 14\u2009h. Suivra celle pr\u00e9vue le <strong>mardi\u00a017<\/strong> \u00e0 partir de 18\u2009h\u200930, au m\u00e9tro Jean Jaures.<\/p>\n<p>D\u2019autres manifestations<\/p>\n<p class=\" wall-content\">Pr\u00e9cisons que des rassemblements avaient <strong>d\u00e9j\u00e0 eu lieu<\/strong> en d\u00e9but de semaine. Celui du lundi 9\u00a0juin avait rassembl\u00e9 environ 2\u2009000\u00a0personnes place du Capitole, selon les forces de l\u2019ordre. Des messages avaient \u00e9t\u00e9 <strong>tagu\u00e9s<\/strong> sur la fa\u00e7ade du b\u00e2timent et certains manifestants l\u2019avaient escalad\u00e9 pour brandir le <strong>drapeau palestinien<\/strong>.<\/p>\n<p class=\" wall-content\">Une <a href=\"https:\/\/actu.fr\/occitanie\/toulouse_31555\/ils-occupent-gaza-on-occupe-le-capitole-une-centaine-de-manifestants-mobilises-a-toulouse_62757932.html\" target=\"_blank\" rel=\"noopener\">occupation <\/a>du Capitole par une centaine de militants avait \u00e9galement eu lieu \u00e0 partir de mardi soir.<\/p>\n<p>Fin d\u2019interdiction<\/p>\n<p class=\" wall-content\">En r\u00e9action aux d\u00e9bordements de la premi\u00e8re, la pr\u00e9fecture avait <strong>proscrit<\/strong> les \u00ab\u2009rassemblements revendicatifs non d\u00e9clar\u00e9s\u2009\u00bb. Cet arr\u00eat\u00e9 ne concernait que <strong>les rues de l\u2019hypercentre<\/strong>. Il a pris fin ce vendredi \u00e0 partir de 6\u2009h du matin.<\/p>\n<p>Vid\u00e9os : en ce moment sur Actu<\/p>\n<p class=\" wall-content\">L\u2019administration a tout de m\u00eame<strong> reconduit<\/strong> une nouvelle interdiction entre le dimanche 15\u00a0juin, \u00e0 partir de 12\u2009h, jusqu\u2019\u00e0 6\u2009h le lendemain.<\/p>\n<p class=\" wall-content\">Suivez toute l\u2019actualit\u00e9 de vos villes et m\u00e9dias favoris en vous inscrivant \u00e0 <a href=\"https:\/\/moncompte.actu.fr\" title=\"D\u00e9couvez Mon Actu\" rel=\"nofollow noopener\" data-trk=\"{&quot;cta&quot;:{&quot;action&quot;:&quot;https:\\\/\\\/moncompte.actu.fr&quot;,&quot;category&quot;:&quot;mon compte&quot;,&quot;from&quot;:&quot;article footer&quot;,&quot;name&quot;:&quot;Mon actu&quot;,&quot;type&quot;:&quot;cta&quot;}}\" target=\"_blank\">Mon Actu<\/a>.<\/p>\n<ul class=\"ac-article-tag wall-content\">\n<li><a href=\"https:\/\/actu.fr\/tag\/guerre-israel-hamas\" data-trk=\"{&quot;cta&quot;:{&quot;action&quot;:&quot;Guerre Isra\\u00ebl-Hamas&quot;,&quot;category&quot;:&quot;tag&quot;,&quot;from&quot;:&quot;article footer&quot;,&quot;name&quot;:&quot;Guerre Isra\\u00ebl-Hamas&quot;,&quot;type&quot;:&quot;cta&quot;}}\" target=\"_blank\" rel=\"noopener\">#Guerre Isra\u00ebl-Hamas<\/a><\/li>\n<li><a href=\"https:\/\/actu.fr\/tag\/manifestations\" data-trk=\"{&quot;cta&quot;:{&quot;action&quot;:&quot;Manifestations&quot;,&quot;category&quot;:&quot;tag&quot;,&quot;from&quot;:&quot;article footer&quot;,&quot;name&quot;:&quot;Manifestations&quot;,&quot;type&quot;:&quot;cta&quot;}}\" target=\"_blank\" rel=\"noopener\">#Manifestations<\/a><\/li>\n<\/ul>\n","protected":false},"excerpt":{"rendered":"Par Ancelin Emery-Henriot Publi\u00e9 le 13 juin 2025 \u00e0 18h47 Les mobilisations se d\u00e9multiplient \u00e0 Toulouse. Deux\u00a0nouvelles manifestations&hellip;\n","protected":false},"author":2,"featured_media":174804,"comment_status":"","ping_status":"","sticky":false,"template":"","format":"standard","meta":{"footnotes":""},"categories":[2816],"tags":[1111,11,1777,674,1011,27,5643,1272,12,2680,316,25,2312],"class_list":{"0":"post-174803","1":"post","2":"type-post","3":"status-publish","4":"format-standard","5":"has-post-thumbnail","7":"category-toulouse","8":"tag-actu","9":"tag-actualites","10":"tag-eu","11":"tag-europe","12":"tag-fr","13":"tag-france","14":"tag-guerre-israel-hamas","15":"tag-manifestations","16":"tag-news","17":"tag-occitanie","18":"tag-politique","19":"tag-republique-francaise","20":"tag-toulouse"},"share_on_mastodon":{"url":"https:\/\/pubeurope.com\/@fr\/114679307553523375","error":""},"_links":{"self":[{"href":"https:\/\/www.europesays.com\/fr\/wp-json\/wp\/v2\/posts\/174803","targetHints":{"allow":["GET"]}}],"collection":[{"href":"https:\/\/www.europesays.com\/fr\/wp-json\/wp\/v2\/posts"}],"about":[{"href":"https:\/\/www.europesays.com\/fr\/wp-json\/wp\/v2\/types\/post"}],"author":[{"embeddable":true,"href":"https:\/\/www.europesays.com\/fr\/wp-json\/wp\/v2\/users\/2"}],"replies":[{"embeddable":true,"href":"https:\/\/www.europesays.com\/fr\/wp-json\/wp\/v2\/comments?post=174803"}],"version-history":[{"count":0,"href":"https:\/\/www.europesays.com\/fr\/wp-json\/wp\/v2\/posts\/174803\/revisions"}],"wp:featuredmedia":[{"embeddable":true,"href":"https:\/\/www.europesays.com\/fr\/wp-json\/wp\/v2\/media\/174804"}],"wp:attachment":[{"href":"https:\/\/www.europesays.com\/fr\/wp-json\/wp\/v2\/media?parent=174803"}],"wp:term":[{"taxonomy":"category","embeddable":true,"href":"https:\/\/www.europesays.com\/fr\/wp-json\/wp\/v2\/categories?post=174803"},{"taxonomy":"post_tag","embeddable":true,"href":"https:\/\/www.europesays.com\/fr\/wp-json\/wp\/v2\/tags?post=174803"}],"curies":[{"name":"wp","href":"https:\/\/api.w.org\/{rel}","templated":true}]}}