{"id":174809,"date":"2025-06-14T02:19:10","date_gmt":"2025-06-14T02:19:10","guid":{"rendered":"https:\/\/www.europesays.com\/fr\/174809\/"},"modified":"2025-06-14T02:19:10","modified_gmt":"2025-06-14T02:19:10","slug":"un-elu-du-rn-condamne-pour-des-violences-conjugales","status":"publish","type":"post","link":"https:\/\/www.europesays.com\/fr\/174809\/","title":{"rendered":"un \u00e9lu du RN condamn\u00e9 pour des violences conjugales"},"content":{"rendered":"<p>Dans l\u2019\u00e9quipe de campagne de <a href=\"https:\/\/www.laprovence.com\/article\/region\/1429516818489714\/exclusif-securite-dans-les-transports-ses-relations-avec-payan-rn-et-lfi-le-grand-entretien-de-martine-vassal\" target=\"_blank\" rel=\"nofollow noopener\">Martine Vassal<\/a> pour l\u2019\u00e9lection municipale de Marseille, en 2020, Romain Brument avait \u00e9t\u00e9 propuls\u00e9 r\u00e9f\u00e9rent \u00ab\u00a0\u00e9coles\u00a0\u00bb. Une position idoine pour ce professeur d\u2019histoire-g\u00e9o exer\u00e7ant dans un coll\u00e8ge des quartiers Nord. Devenu conseiller m\u00e9tropolitain (LR) et conseiller d\u2019arrondissement en charge des \u00e9coles de la mairie des 13e\/14e g\u00e9r\u00e9e par Marion Bareille (LR), le m\u00eame <a href=\"https:\/\/www.laprovence.com\/article\/politique\/5887516\/ecoles-vassal-tente-de-se-detacher-du-bilan-gaudin.html\" target=\"_blank\" rel=\"nofollow noopener\">Romain Brument<\/a> \u00e9tait un an plus tard en premi\u00e8re ligne lors d\u2019une manifestation organis\u00e9e devant le coll\u00e8ge Jacques Pr\u00e9vert (13e).\u00a0\u00ab\u00a0Dans nos quartiers, c\u2019est le r\u00e8gne de la peur. Les parents renoncent \u00e0 t\u00e9moigner ou \u00e0 porter plainte car les d\u00e9linquants entretiennent cette peur en mena\u00e7ant ouvertement quiconque serait tent\u00e9 de les d\u00e9noncer. C\u2019est aussi le r\u00e8gne de l\u2019indiff\u00e9rence, avec des enfants qui grandissent dans un espace satur\u00e9 de violence au point que celle-ci en est devenue presque normale\u00a0\u00bb, d\u00e9non\u00e7ait le fonctionnaire \u00e0 la t\u00eate d\u2019un collectif baptis\u00e9 \u00ab\u00a0Pas de quartier pour l\u2019ins\u00e9curit\u00e9\u00a0\u00bb.<\/p>\n<p>Il n\u2019a pas fait appel de son jugement<\/p>\n<p>Des paroles qui r\u00e9sonnent \u00e9trangement, aujourd\u2019hui, au regard des faits de \u00ab\u00a0violence sur conjointe en pr\u00e9sence d\u2019un mineur\u00a0\u00bb pour lesquels Romain Brument, 41 ans, a r\u00e9cemment \u00e9t\u00e9 jug\u00e9 et condamn\u00e9s \u00e0 4 mois de prison avec sursis. Une peine contre laquelle<a href=\"https:\/\/www.laprovence.com\/article\/region\/2449338382597114\/metropole-aix-marseille-le-rn-recrute-encore-chez-martine-vassal\" target=\"_blank\" rel=\"nofollow noopener\"> l\u2019\u00e9lu d\u00e9bauch\u00e9 par le Rassemblement national (RN) en octobre\u00a02024 n\u2019a pas i<\/a>nterjet\u00e9 appel.<\/p>\n<p>\u00c0 l\u2019origine de ce jugement, une plainte d\u00e9pos\u00e9e en juillet\u00a02024 par son ex-compagne, P., une cadre commerciale de 39\u00a0ans\u00a0: \u00ab\u00a0Pendant une dizaine d\u2019ann\u00e9es, j\u2019ai subi des violences physiques tel que des coups de pied, coups de poing, \u00e9tranglement, tirage de cheveux, etc. Les violences physiques ont commenc\u00e9 globalement un mois apr\u00e8s notre rencontre courant \u00e9t\u00e9 2011, et jusqu\u2019\u00e0 notre s\u00e9paration vers d\u00e9but 2021 [\u2026] Les violences psychologiques ont commenc\u00e9 d\u00e8s le d\u00e9but de notre relation et encore \u00e0 ce jour elles continuent\u00a0\u00bb, s\u2019\u00e9tait-elle effondr\u00e9e devant les enqu\u00eateurs.<\/p>\n<p>Et de d\u00e9crire des sc\u00e8nes gla\u00e7antes, dont ce jour de 2013 o\u00f9 elle a \u00ab\u00a0vraiment\u00a0cru mourir\u00a0\u00bb\u00a0: \u00ab\u00a0Il a saisi un couteau que j\u2019avais pris dans la cuisine pour me prot\u00e9ger des violences et il m\u2019avait menac\u00e9 en me mettant le couteau de cuisine sous la gorge et en me bloquant par terre sur le carrelage de la cuisine.\u00a0\u00bb \u00c0 la suite de cette agression, P. s\u2019\u00e9tait vue prescrire 4 jours d\u2019ITT. Photos et certificat m\u00e9dical \u00e0 l\u2019appui. \u00ab\u00a0Ma m\u00e8re a d\u00e9j\u00e0 \u00e9t\u00e9 t\u00e9moin de certaines violences\u00a0\u00bb, a-t-elle pr\u00e9cis\u00e9. Entendus en audition, les deux enfants du couple ont \u00e9galement confi\u00e9 avoir assist\u00e9 \u00e0 des \u00e9v\u00e9nements similaires.<\/p>\n<p>Couteau de cuisine sous la gorge<\/p>\n<p>La d\u00e9cision de la cadre commerciale de porter l\u2019affaire devant la justice, trois ans apr\u00e8s la s\u00e9paration du couple, avait \u00e9t\u00e9 motiv\u00e9e par un nouveau coup de sang de Romain Brument lors d\u2019un \u00e9change de garde d\u2019enfant. \u00ab\u00a0Ce jour-l\u00e0, il s\u2019est cach\u00e9 dans un garage et est sorti d\u2019un coup du noir pour l\u2019agonir d\u2019insultes alors qu\u2019elle avait leur enfant au bras. \u00c7a a \u00e9t\u00e9 un d\u00e9clic. Elle a compris que \u00e7a ne s\u2019arr\u00eaterait jamais et qu\u2019elle devait porter plainte\u00a0\u00bb, confie Me Thomas Tribot, son avocat. Devant le tribunal correctionnel, le 25\u00a0avril dernier, alors que Me Tribot plaidait pour une requalification du dossier en \u00ab\u00a0violences habituelles sur conjoint\u00a0\u00bb, seules des violences dat\u00e9es du 31 d\u00e9cembre 2020 (sans ITT) &#8211; en pr\u00e9sence de la fille a\u00een\u00e9e du couple &#8211; ont finalement \u00e9t\u00e9 retenues.<\/p>\n<p>Une \u00ab\u00a0jalousie maladive\u00a0\u00bb<\/p>\n<p>Ce soir de la Saint-Sylvestre, Romain Brument est accus\u00e9 d\u2019avoir frapp\u00e9 sa compagne avant de lui jeter son t\u00e9l\u00e9phone \u00e0 la figure. S\u2019il a reconnu la survenance de crises au d\u00e9but de leur relation, li\u00e9es, dixit la partie civile, \u00e0 une \u00ab\u00a0<a href=\"https:\/\/www.laprovence.com\/article\/region\/6527017746509514\/dans-les-hautes-alpes-un-homme-depose-une-balle-de-carabine-dans-la-boite-aux-lettres-du-nouveau-petit-ami-de-son-ex-compagne\" target=\"_blank\" rel=\"nofollow noopener\">jalousie maladive<\/a>\u00ab\u00a0, et au fait qu\u2019il ne supporte pas que son \u00e9pouse \u00ab\u00a0gagne plus que lui\u00a0\u00bb, Romain Brumet a assur\u00e9 pendant l\u2019instruction que la situation s\u2019\u00e9tait rapidement apais\u00e9e gr\u00e2ce \u00e0 la consultation d\u2019un th\u00e9rapeute. Il a \u00e9galement ni\u00e9 avoir port\u00e9 un coup le 31 d\u00e9cembre. Contact\u00e9, il maintient : \u00ab\u00a0C\u2019est une histoire un peu p\u00e9nible. Une dispute qui a mal tourn\u00e9. Mon ex-femme \u00e9tait dans un \u00e9tat d\u2019alcool\u00e9mie avanc\u00e9. Il y a juste eu un moment o\u00f9 il y a eu ce coup d\u2019\u00e9nervement, j\u2019avais ce t\u00e9l\u00e9phone en main, je l\u2019ai balanc\u00e9, il est arriv\u00e9 malheureusement sur son visage. Mais il n&rsquo;y a jamais eu de violences r\u00e9p\u00e9t\u00e9es.\u00a0\u00bb. Et d\u2019\u00e9voquer une sorte de cabale\u00a0: \u00ab\u00a0On m\u2019a charg\u00e9. C\u2019est comme par hasard au moment o\u00f9 je change de parti politique.\u00a0\u00bb<\/p>\n<p>Dans ce dossier, Romain Brument s\u2019est \u00e9galement vu imposer l\u2019obligation d\u2019effectuer <a href=\"https:\/\/www.laprovence.com\/article\/edition-vaucluse\/4765866\/des-stages-pour-les-auteurs-de-violences-conjugales.html\" target=\"_blank\" rel=\"nofollow noopener\">un stage de responsabilisation pour les auteurs de violences conjugales<\/a>, une interdiction d\u2019entrer en contact avec son ex-\u00e9pouse et \u00e0 une amende de 500\u00a0euros. L\u2019\u00e9lu RN devra, en outre, verser 1\u00a0euro \u00e0 sa fille, \u00e9galement partie civile. \u00ab\u00a0Mais \u00e0 ce jour, pointe Me Tribot, le condamn\u00e9 ne respecte pas son interdiction d\u2019entrer en contact et ne s\u2019est acquitt\u00e9 d\u2019aucune de ses condamnations.\u00a0\u00bb<\/p>\n","protected":false},"excerpt":{"rendered":"Dans l\u2019\u00e9quipe de campagne de Martine Vassal pour l\u2019\u00e9lection municipale de Marseille, en 2020, Romain Brument avait \u00e9t\u00e9&hellip;\n","protected":false},"author":2,"featured_media":174810,"comment_status":"","ping_status":"","sticky":false,"template":"","format":"standard","meta":{"footnotes":""},"categories":[2814],"tags":[17,1111,11,8652,12145,154,14192,1777,674,274,1011,27,884,12,471,882,25,2949],"class_list":{"0":"post-174809","1":"post","2":"type-post","3":"status-publish","4":"format-standard","5":"has-post-thumbnail","7":"category-marseille","8":"tag-17","9":"tag-actu","10":"tag-actualites","11":"tag-condamne","12":"tag-conjugales","13":"tag-des","14":"tag-elu","15":"tag-eu","16":"tag-europe","17":"tag-faits-divers-justice","18":"tag-fr","19":"tag-france","20":"tag-marseille","21":"tag-news","22":"tag-pour","23":"tag-provence-alpes-cote-dazur","24":"tag-republique-francaise","25":"tag-violences"},"share_on_mastodon":{"url":"https:\/\/pubeurope.com\/@fr\/114679327253584918","error":""},"_links":{"self":[{"href":"https:\/\/www.europesays.com\/fr\/wp-json\/wp\/v2\/posts\/174809","targetHints":{"allow":["GET"]}}],"collection":[{"href":"https:\/\/www.europesays.com\/fr\/wp-json\/wp\/v2\/posts"}],"about":[{"href":"https:\/\/www.europesays.com\/fr\/wp-json\/wp\/v2\/types\/post"}],"author":[{"embeddable":true,"href":"https:\/\/www.europesays.com\/fr\/wp-json\/wp\/v2\/users\/2"}],"replies":[{"embeddable":true,"href":"https:\/\/www.europesays.com\/fr\/wp-json\/wp\/v2\/comments?post=174809"}],"version-history":[{"count":0,"href":"https:\/\/www.europesays.com\/fr\/wp-json\/wp\/v2\/posts\/174809\/revisions"}],"wp:featuredmedia":[{"embeddable":true,"href":"https:\/\/www.europesays.com\/fr\/wp-json\/wp\/v2\/media\/174810"}],"wp:attachment":[{"href":"https:\/\/www.europesays.com\/fr\/wp-json\/wp\/v2\/media?parent=174809"}],"wp:term":[{"taxonomy":"category","embeddable":true,"href":"https:\/\/www.europesays.com\/fr\/wp-json\/wp\/v2\/categories?post=174809"},{"taxonomy":"post_tag","embeddable":true,"href":"https:\/\/www.europesays.com\/fr\/wp-json\/wp\/v2\/tags?post=174809"}],"curies":[{"name":"wp","href":"https:\/\/api.w.org\/{rel}","templated":true}]}}