{"id":174811,"date":"2025-06-14T02:20:10","date_gmt":"2025-06-14T02:20:10","guid":{"rendered":"https:\/\/www.europesays.com\/fr\/174811\/"},"modified":"2025-06-14T02:20:10","modified_gmt":"2025-06-14T02:20:10","slug":"il-menace-de-poignarder-une-surveillante-en-pleine-ceremonie-dhommage","status":"publish","type":"post","link":"https:\/\/www.europesays.com\/fr\/174811\/","title":{"rendered":"il menace de poignarder une surveillante en pleine c\u00e9r\u00e9monie d\u2019hommage"},"content":{"rendered":"<p itemprop=\"description\"><strong>Le recueillement en m\u00e9moire de M\u00e9lanie, tu\u00e9e \u00e0 Nogent-sur-Marne, a \u00e9t\u00e9 marqu\u00e9 par une vive tension dans un coll\u00e8ge du nord de Lyon.<\/strong><\/p>\n<p>Un \u00e9l\u00e8ve de 14 ans a prof\u00e9r\u00e9 de graves menaces contre une assistante d\u2019\u00e9ducation, jeudi 12 juin au coll\u00e8ge Jacques-C\u0153ur de Lentilly (Rh\u00f4ne), en pleine <a href=\"https:\/\/www.lyonmag.com\/article\/144644\/surveillante-tuee-par-un-collegien-un-rassemblement-silencieux-en-hommage-a-melanie-ce-mercredi-a-lyon\" target=\"_blank\" rel=\"noopener\">journ\u00e9e d\u2019hommage national \u00e0 M\u00e9lanie<\/a>, la surveillante poignard\u00e9e par un \u00e9l\u00e8ve \u00e0 Nogent-sur-Marne.<\/p>\n<p>\u00c0 la pause d\u00e9jeuner, le coll\u00e9gien n\u2019a pas support\u00e9 qu\u2019une surveillante lui rappelle que sa\u00a0sacoche \u00e9tait interdite dans l\u2019\u00e9tablissement. Selon les informations du <a href=\"https:\/\/c.leprogres.fr\/faits-divers-justice\/2025\/06\/13\/un-collegien-menace-de-planter-une-surveillante-dans-un-etablissement-au-nord-de-lyon\" target=\"_blank\" rel=\"noopener\">Progr\u00e8s<\/a> il aurait d\u00e9clar\u00e9 \u00e0 haute voix : \u00ab\u00a0Moi aussi je suis capable de planter une surveillante.\u00a0\u00bb<\/p>\n<p>Renvoy\u00e9 vers l\u2019administration, l\u2019\u00e9l\u00e8ve a alors manifest\u00e9 une attitude agressive, frappant une vitre et une table, avant de se montrer mena\u00e7ant face au chef d\u2019\u00e9tablissement. Ce dernier a fait appel \u00e0 la gendarmerie pour \u00e9viter toute escalade.\u00a0<\/p>\n<p>L\u2019adolescent a ensuite \u00e9t\u00e9 r\u00e9cup\u00e9r\u00e9 par sa famille.\u00a0L&rsquo;\u00e9l\u00e8ve passera prochainement en\u00a0conseil de discipline.<\/p>\n","protected":false},"excerpt":{"rendered":"Le recueillement en m\u00e9moire de M\u00e9lanie, tu\u00e9e \u00e0 Nogent-sur-Marne, a \u00e9t\u00e9 marqu\u00e9 par une vive tension dans un&hellip;\n","protected":false},"author":2,"featured_media":174812,"comment_status":"","ping_status":"","sticky":false,"template":"","format":"standard","meta":{"footnotes":""},"categories":[1889],"tags":[1111,11,2813,2190,2430,1109,251,1112,2811,1777,674,118,1011,27,1922,1110,1114,2428,2810,12,241,316,25,2812,517,800],"class_list":{"0":"post-174811","1":"post","2":"type-post","3":"status-publish","4":"format-standard","5":"has-post-thumbnail","7":"category-lyon","8":"tag-actu","9":"tag-actualites","10":"tag-article","11":"tag-asvel","12":"tag-auvergne-rhone-alpes","13":"tag-breves","14":"tag-culture","15":"tag-depeches","16":"tag-economique","17":"tag-eu","18":"tag-europe","19":"tag-faits-divers","20":"tag-fr","21":"tag-france","22":"tag-info","23":"tag-informations","24":"tag-infos","25":"tag-lyon","26":"tag-lyonmag","27":"tag-news","28":"tag-ol","29":"tag-politique","30":"tag-republique-francaise","31":"tag-sociale","32":"tag-sport","33":"tag-transports"},"share_on_mastodon":{"url":"https:\/\/pubeurope.com\/@fr\/114679331258992316","error":""},"_links":{"self":[{"href":"https:\/\/www.europesays.com\/fr\/wp-json\/wp\/v2\/posts\/174811","targetHints":{"allow":["GET"]}}],"collection":[{"href":"https:\/\/www.europesays.com\/fr\/wp-json\/wp\/v2\/posts"}],"about":[{"href":"https:\/\/www.europesays.com\/fr\/wp-json\/wp\/v2\/types\/post"}],"author":[{"embeddable":true,"href":"https:\/\/www.europesays.com\/fr\/wp-json\/wp\/v2\/users\/2"}],"replies":[{"embeddable":true,"href":"https:\/\/www.europesays.com\/fr\/wp-json\/wp\/v2\/comments?post=174811"}],"version-history":[{"count":0,"href":"https:\/\/www.europesays.com\/fr\/wp-json\/wp\/v2\/posts\/174811\/revisions"}],"wp:featuredmedia":[{"embeddable":true,"href":"https:\/\/www.europesays.com\/fr\/wp-json\/wp\/v2\/media\/174812"}],"wp:attachment":[{"href":"https:\/\/www.europesays.com\/fr\/wp-json\/wp\/v2\/media?parent=174811"}],"wp:term":[{"taxonomy":"category","embeddable":true,"href":"https:\/\/www.europesays.com\/fr\/wp-json\/wp\/v2\/categories?post=174811"},{"taxonomy":"post_tag","embeddable":true,"href":"https:\/\/www.europesays.com\/fr\/wp-json\/wp\/v2\/tags?post=174811"}],"curies":[{"name":"wp","href":"https:\/\/api.w.org\/{rel}","templated":true}]}}