{"id":174813,"date":"2025-06-14T02:21:14","date_gmt":"2025-06-14T02:21:14","guid":{"rendered":"https:\/\/www.europesays.com\/fr\/174813\/"},"modified":"2025-06-14T02:21:14","modified_gmt":"2025-06-14T02:21:14","slug":"lyon-une-soiree-queer-pour-les-nuits-de-fourviere-samedi-14-juin","status":"publish","type":"post","link":"https:\/\/www.europesays.com\/fr\/174813\/","title":{"rendered":"Lyon : une soir\u00e9e queer pour les Nuits de Fourvi\u00e8re samedi 14 juin"},"content":{"rendered":"<p><img loading=\"lazy\" decoding=\"async\" alt=\"\u00a9 William Bibet Raw - La drag queen Ruby on the Nail est attendue \u00e0 Lyon samedi 14 juin pour les Nuits de Fourvi\u00e8re.\" data-zoom-src=\"https:\/\/www.europesays.com\/fr\/wp-content\/uploads\/2025\/06\/initial-ruby-on-the-nail-nuits-de-fourviere-2025-lyon-credits-william-bibetraw.jpg\" data-zoomable=\"\" height=\"702\" src=\"https:\/\/www.europesays.com\/fr\/wp-content\/uploads\/2025\/06\/initial-ruby-on-the-nail-nuits-de-fourviere-2025-lyon-credits-william-bibetraw.jpg\" width=\"1248\"\/>  <\/p>\n<p class=\"article-desc\">\u00a9 William Bibet Raw &#8211; La drag queen Ruby on the Nail est attendue \u00e0 Lyon samedi 14 juin pour les Nuits de Fourvi\u00e8re. <\/p>\n<p>A Lyon, les <strong>Nuits de Fourvi\u00e8re 2025<\/strong> ont commenc\u00e9 dans la joie et sous des trombes d\u2019eau le 2 juin dernier avec la reprise en version XXL de la pi\u00e8ce Political mother, le tube du chor\u00e9graphe isra\u00e9lien <strong>Hofesh Shechter<\/strong>. <\/p>\n<p>En effet, la <strong>danse <\/strong>est assez pr\u00e9sente cette ann\u00e9e sur la sc\u00e8ne du grand th\u00e9\u00e2tre (m\u00eame si celle-ci n\u2019est pas tr\u00e8s adapt\u00e9e aux arts chor\u00e9graphiques). <\/p>\n<p>Le grand th\u00e9\u00e2tre de Fourvi\u00e8re promet une \u00ab\u00a0Nuit flamboyante\u00a0\u00bb samedi 14 juin <\/p>\n<p>Et pour la premi\u00e8re fois, le <strong>cabaret<\/strong> fait son apparition sur la dite sc\u00e8ne avec un<strong> grand show <\/strong>qui promet d\u2019\u00eatre haut en couleurs et en musiques. <\/p>\n<p>C\u2019est que l\u2019\u00e9quipe des Nuits a r\u00e9uni la fine fleur du genre pour sa<strong> Nuit flamboyante<\/strong>. Une troupe de choc compos\u00e9e de <strong>Juda LaVidange<\/strong>, <strong>Ruby on the Nail<\/strong>, les collectifs Lyon Ballroom scene, Lyon Waacking project et Oshumar\u00e9,\u00a0la d\u00e9sormais c\u00e9l\u00e8bre Romane Santarelli et les joyeux drilles de Madame Arthur. <\/p>\n<p>Autant dire que \u00e7a va briller et que l\u2019ambiance va atteindre des sommets en temp\u00e9rature. Pour clore en beaut\u00e9 la <strong>Marche des Fiert\u00e9s<\/strong> et prendre le pouvoir sur les id\u00e9es moroses et rassies, cette nuit qui porte bien son nom devrait mettre le feu au th\u00e9\u00e2tre. <\/p>\n<p>Avec pour commencer, un collectif lyonnais bien connu des aficionados de waaking, cette danse n\u00e9e dans les ann\u00e9es 70 dans les <strong>clubs LBTQIA+ angelinos<\/strong> pour affirmer une identit\u00e9 latino et afro, le <strong>Lyon Waacking project<\/strong> fond\u00e9 par <strong>Paul de Saint-Paul<\/strong>, une star du mouvement.<\/p>\n<p> Le cabaret de Madame Arthur et Romane Santarelli au programme des Nuits de Fourvi\u00e8re 2025 <\/p>\n<p>Cette danse m\u00e9lange les poses des stars du cin\u00e9ma hollywoodien \u00e0 son \u00e2ge d\u2019or, les ann\u00e9es 20, des mouvements de bras et des figures de hip-hop et s\u2019invente en parall\u00e8le de son pendant de la c\u00f4te est, le <strong>voguing<\/strong>. <\/p>\n<p>Le voguing qui est aussi \u00e0 l\u2019honneur pour <strong>cette soir\u00e9e qui va durer pas moins de quatre heures<\/strong>, avec le<strong> Lyon Balroom scene<\/strong>, autre collectif lyonnais, avant que le mythique cabaret de <strong>Madame Arthur<\/strong> s\u2019empare des tubes du groupe su\u00e9dois <strong>Abba<\/strong> puis que <strong>Romane Santarelli <\/strong>enflamme la sc\u00e8ne pour la transformer en immense dance-floor. <\/p>\n<p>Sans oublier les <strong>cr\u00e9atures afro-queer de Oshumar\u00e9<\/strong>, qui finiront de mettre le feu\u2026 <\/p>\n<p><strong>Infos pratiques<\/strong> <\/p>\n<p>Nuit flamboyante, cabaret &#8211; drag &#8211; voguing &#8211; waacking, samedi 14 juin 2025 \u00e0 20h. <\/p>\n<p>Grand th\u00e9\u00e2tre de Fourvi\u00e8re \u00e0 Lyon. <\/p>\n<p>Tarifs : de 23 \u00e0 29 euros. <\/p>\n<p>Billetterie sur le site : <a href=\"https:\/\/www.nuitsdefourviere.com\/\" rel=\"noopener nofollow\" target=\"_blank\">www.nuitsdefourviere.com<\/a>.<\/p>\n","protected":false},"excerpt":{"rendered":"\u00a9 William Bibet Raw &#8211; La drag queen Ruby on the Nail est attendue \u00e0 Lyon samedi 14&hellip;\n","protected":false},"author":2,"featured_media":174814,"comment_status":"","ping_status":"","sticky":false,"template":"","format":"standard","meta":{"footnotes":""},"categories":[1889],"tags":[1111,11,2430,1777,674,1011,27,2428,873,12,31007,25,3336],"class_list":{"0":"post-174813","1":"post","2":"type-post","3":"status-publish","4":"format-standard","5":"has-post-thumbnail","7":"category-lyon","8":"tag-actu","9":"tag-actualites","10":"tag-auvergne-rhone-alpes","11":"tag-eu","12":"tag-europe","13":"tag-fr","14":"tag-france","15":"tag-lyon","16":"tag-musique","17":"tag-news","18":"tag-nuits-de-fourviu00e8re","19":"tag-republique-francaise","20":"tag-sortir-u00e0-lyon"},"share_on_mastodon":{"url":"https:\/\/pubeurope.com\/@fr\/114679335035522973","error":""},"_links":{"self":[{"href":"https:\/\/www.europesays.com\/fr\/wp-json\/wp\/v2\/posts\/174813","targetHints":{"allow":["GET"]}}],"collection":[{"href":"https:\/\/www.europesays.com\/fr\/wp-json\/wp\/v2\/posts"}],"about":[{"href":"https:\/\/www.europesays.com\/fr\/wp-json\/wp\/v2\/types\/post"}],"author":[{"embeddable":true,"href":"https:\/\/www.europesays.com\/fr\/wp-json\/wp\/v2\/users\/2"}],"replies":[{"embeddable":true,"href":"https:\/\/www.europesays.com\/fr\/wp-json\/wp\/v2\/comments?post=174813"}],"version-history":[{"count":0,"href":"https:\/\/www.europesays.com\/fr\/wp-json\/wp\/v2\/posts\/174813\/revisions"}],"wp:featuredmedia":[{"embeddable":true,"href":"https:\/\/www.europesays.com\/fr\/wp-json\/wp\/v2\/media\/174814"}],"wp:attachment":[{"href":"https:\/\/www.europesays.com\/fr\/wp-json\/wp\/v2\/media?parent=174813"}],"wp:term":[{"taxonomy":"category","embeddable":true,"href":"https:\/\/www.europesays.com\/fr\/wp-json\/wp\/v2\/categories?post=174813"},{"taxonomy":"post_tag","embeddable":true,"href":"https:\/\/www.europesays.com\/fr\/wp-json\/wp\/v2\/tags?post=174813"}],"curies":[{"name":"wp","href":"https:\/\/api.w.org\/{rel}","templated":true}]}}