{"id":174821,"date":"2025-06-14T02:26:15","date_gmt":"2025-06-14T02:26:15","guid":{"rendered":"https:\/\/www.europesays.com\/fr\/174821\/"},"modified":"2025-06-14T02:26:15","modified_gmt":"2025-06-14T02:26:15","slug":"paris-videoprotection-et-rondes-24-h-24-la-recette-de-la-tranquillite-pour-la-dalle-beaugrenelle","status":"publish","type":"post","link":"https:\/\/www.europesays.com\/fr\/174821\/","title":{"rendered":"Paris\u00a0: vid\u00e9oprotection et rondes 24 h\/24, la recette de la tranquillit\u00e9 pour la dalle Beaugrenelle\u00a0?"},"content":{"rendered":"<p class=\"paragraph text_align_left\">Assis sur un banc \u00e0 l\u2019ombre des gratte-ciel, Farid, 21 ans, s\u2019en grille une et profite des courants d\u2019air qui slaloment entre les <a href=\"https:\/\/www.leparisien.fr\/paris-75\/the-circle-tour-mirabeau-a-paris-le-quartier-des-gratte-ciel-en-mutation-permanente-02-03-2025-HG6FIEPIINE6LDOJTP2XCZNDWI.php\" target=\"_blank\" rel=\"noreferrer nofollow noopener\">tours du Front de Seine<\/a> (XVe) en ce vendredi de forte chaleur. \u00ab \u00c7a cogne l\u00e0-haut \u00bb, dit-il en jetant un coup d\u2019\u0153il \u00e0 sa tour, lui qui vit depuis toujours sur la dalle Beaugrenelle. \u00ab Le soir, des groupes de jeunes fument, des sans-abri se r\u00e9unissent dans certains coins, mais ni les uns, ni les autres n\u2019emb\u00eatent personne. \u00bb<\/p>\n<p class=\"paragraph text_align_left\">L\u2019apr\u00e8s-midi est presque caniculaire et bien calme sur la dalle parisienne. Cette retrait\u00e9e se rafra\u00eechit dans les rayons du Monoprix. \u00ab J\u2019ai emm\u00e9nag\u00e9 dans le quartier il y a un peu moins de dix ans. Je ne regrette pas. La dalle est propre et entretenue, des gardiens sont en poste dans chaque tour, jour et nuit, explique-t-elle. \u00c7a a un co\u00fbt, les charges sont \u00e9lev\u00e9es, mais \u00e7a permet de s\u00e9curiser les immeubles. \u00bb Apr\u00e8s ses courses, sur son trajet, cette riveraine tire son cabas devant le nouveau poste de s\u00e9curit\u00e9.<\/p>\n","protected":false},"excerpt":{"rendered":"Assis sur un banc \u00e0 l\u2019ombre des gratte-ciel, Farid, 21 ans, s\u2019en grille une et profite des courants&hellip;\n","protected":false},"author":2,"featured_media":174822,"comment_status":"","ping_status":"","sticky":false,"template":"","format":"standard","meta":{"footnotes":""},"categories":[1888],"tags":[11,1777,674,1011,27,1944,12,626,25],"class_list":{"0":"post-174821","1":"post","2":"type-post","3":"status-publish","4":"format-standard","5":"has-post-thumbnail","7":"category-paris","8":"tag-actualites","9":"tag-eu","10":"tag-europe","11":"tag-fr","12":"tag-france","13":"tag-ma-ville","14":"tag-news","15":"tag-paris","16":"tag-republique-francaise"},"share_on_mastodon":{"url":"https:\/\/pubeurope.com\/@fr\/114679354705870025","error":""},"_links":{"self":[{"href":"https:\/\/www.europesays.com\/fr\/wp-json\/wp\/v2\/posts\/174821","targetHints":{"allow":["GET"]}}],"collection":[{"href":"https:\/\/www.europesays.com\/fr\/wp-json\/wp\/v2\/posts"}],"about":[{"href":"https:\/\/www.europesays.com\/fr\/wp-json\/wp\/v2\/types\/post"}],"author":[{"embeddable":true,"href":"https:\/\/www.europesays.com\/fr\/wp-json\/wp\/v2\/users\/2"}],"replies":[{"embeddable":true,"href":"https:\/\/www.europesays.com\/fr\/wp-json\/wp\/v2\/comments?post=174821"}],"version-history":[{"count":0,"href":"https:\/\/www.europesays.com\/fr\/wp-json\/wp\/v2\/posts\/174821\/revisions"}],"wp:featuredmedia":[{"embeddable":true,"href":"https:\/\/www.europesays.com\/fr\/wp-json\/wp\/v2\/media\/174822"}],"wp:attachment":[{"href":"https:\/\/www.europesays.com\/fr\/wp-json\/wp\/v2\/media?parent=174821"}],"wp:term":[{"taxonomy":"category","embeddable":true,"href":"https:\/\/www.europesays.com\/fr\/wp-json\/wp\/v2\/categories?post=174821"},{"taxonomy":"post_tag","embeddable":true,"href":"https:\/\/www.europesays.com\/fr\/wp-json\/wp\/v2\/tags?post=174821"}],"curies":[{"name":"wp","href":"https:\/\/api.w.org\/{rel}","templated":true}]}}