{"id":174825,"date":"2025-06-14T02:28:11","date_gmt":"2025-06-14T02:28:11","guid":{"rendered":"https:\/\/www.europesays.com\/fr\/174825\/"},"modified":"2025-06-14T02:28:11","modified_gmt":"2025-06-14T02:28:11","slug":"poutine-propose-la-mediation-de-la-russie-dans-le-conflit-iran-israel","status":"publish","type":"post","link":"https:\/\/www.europesays.com\/fr\/174825\/","title":{"rendered":"Poutine propose la m\u00e9diation de la Russie dans le conflit Iran-Isra\u00ebl"},"content":{"rendered":"<p style=\"text-align:justify;\">AA\/Istabul\/Alperen Aktas<\/p>\n<p style=\"text-align:justify;\">Le pr\u00e9sident Vladimir Poutine a d\u00e9clar\u00e9 vendredi que la Russie \u00e9tait pr\u00eate \u00e0 jouer un r\u00f4le de m\u00e9diateur entre Isra\u00ebl et l\u2019Iran afin d\u2019\u00e9viter une escalade apr\u00e8s une vague de frappes a\u00e9riennes isra\u00e9liennes sur le territoire iranien, a indiqu\u00e9 le Kremlin.<\/p>\n<p style=\"text-align:justify;\">Poutine a eu des appels t\u00e9l\u00e9phoniques s\u00e9par\u00e9s avec le pr\u00e9sident iranien Masoud Pezeshkian et le Premier ministre isra\u00e9lien Benjamin Netanyahu, condamnant les r\u00e9centes frappes isra\u00e9liennes en Iran et offrant la m\u00e9diation russe pour apaiser les tensions.<\/p>\n<p style=\"text-align:justify;\">Lors de son entretien avec Netanyahu, Poutine a soulign\u00e9 la n\u00e9cessit\u00e9 d\u2019une r\u00e9solution pacifique des diff\u00e9rends isra\u00e9lo-iraniens et appel\u00e9 \u00e0 un retour aux n\u00e9gociations.<\/p>\n<p style=\"text-align:justify;\">\u00ab L\u2019importance de r\u00e9soudre toutes les questions li\u00e9es au programme nucl\u00e9aire iranien uniquement par des moyens politiques et diplomatiques a \u00e9t\u00e9 mise en avant \u00bb, a pr\u00e9cis\u00e9 le Kremlin, ajoutant que Moscou est pr\u00eat \u00e0 fournir des services de m\u00e9diation \u00ab pour pr\u00e9venir toute nouvelle escalade \u00bb.<\/p>\n<p style=\"text-align:justify;\">Le bureau du Premier ministre isra\u00e9lien avait auparavant annonc\u00e9 que Netanyahu pr\u00e9voyait de tenir Poutine inform\u00e9 des derniers d\u00e9veloppements.<\/p>\n<p style=\"text-align:justify;\">Dans sa conversation avec Pezeshkian, Poutine a pr\u00e9sent\u00e9 ses condol\u00e9ances aux dirigeants iraniens et au peuple pour les pertes caus\u00e9es par les attaques isra\u00e9liennes. Moscou \u00ab condamne fermement \u00bb les actions d\u2019Isra\u00ebl, qui violent la Charte des Nations unies et le droit international, selon le communiqu\u00e9.<\/p>\n<p style=\"text-align:justify;\">Poutine a r\u00e9affirm\u00e9 le soutien total de la Russie aux efforts pacifiques pour r\u00e9soudre les questions li\u00e9es au programme nucl\u00e9aire iranien.<\/p>\n<p style=\"text-align:justify;\">Isra\u00ebl a lanc\u00e9 son op\u00e9ration militaire t\u00f4t vendredi, visant les installations nucl\u00e9aires et militaires iraniennes et tuant plusieurs hauts responsables militaires et scientifiques. Les attaques se sont poursuivies jusqu\u2019\u00e0 vendredi soir, touchant des villes telles que T\u00e9h\u00e9ran, Natanz, Tabriz et Ispahan.<\/p>\n<p style=\"text-align:justify;\">Le Guide supr\u00eame iranien, l\u2019ayatollah Ali Khamenei, a promis une r\u00e9ponse s\u00e9v\u00e8re, qui a d\u00e9but\u00e9 vendredi soir.<\/p>\n<p style=\"text-align:justify;\">Traduit de l&rsquo;anglais par Sanaa Amir<\/p>\n<p>                            &#13;<br \/>\n                                <a href=\"https:\/\/www.aa.com.tr\/fr\/p\/abonnement\/1001\" target=\"_blank\" style=\"font-size:12px; color:#444; text-decoration:none;\" rel=\"nofollow noopener\">&#13;<br \/>\n                                    Seulement une partie des d\u00e9p\u00eaches, que l&rsquo;Agence Anadolu diffuse \u00e0 ses abonn\u00e9s via le Syst\u00e8me de Diffusion interne (HAS), est diffus\u00e9e sur le site de l&rsquo;AA, de mani\u00e8re r\u00e9sum\u00e9e. <b style=\"color:#1897F7\">Contactez-nous s&rsquo;il vous pla\u00eet pour vous abonner.<\/b>&#13;<br \/>\n                                <\/a>&#13;<\/p>\n","protected":false},"excerpt":{"rendered":"AA\/Istabul\/Alperen Aktas Le pr\u00e9sident Vladimir Poutine a d\u00e9clar\u00e9 vendredi que la Russie \u00e9tait pr\u00eate \u00e0 jouer un r\u00f4le&hellip;\n","protected":false},"author":2,"featured_media":174826,"comment_status":"","ping_status":"","sticky":false,"template":"","format":"standard","meta":{"footnotes":""},"categories":[1591],"tags":[11,1785,1887,3019,12,1885,1886,132],"class_list":{"0":"post-174825","1":"post","2":"type-post","3":"status-publish","4":"format-standard","5":"has-post-thumbnail","7":"category-russie","8":"tag-actualites","9":"tag-anadolu-ajansi","10":"tag-federation-de-russie","11":"tag-iran","12":"tag-news","13":"tag-russia","14":"tag-russian-federation","15":"tag-russie"},"share_on_mastodon":{"url":"https:\/\/pubeurope.com\/@fr\/114679362615794342","error":""},"_links":{"self":[{"href":"https:\/\/www.europesays.com\/fr\/wp-json\/wp\/v2\/posts\/174825","targetHints":{"allow":["GET"]}}],"collection":[{"href":"https:\/\/www.europesays.com\/fr\/wp-json\/wp\/v2\/posts"}],"about":[{"href":"https:\/\/www.europesays.com\/fr\/wp-json\/wp\/v2\/types\/post"}],"author":[{"embeddable":true,"href":"https:\/\/www.europesays.com\/fr\/wp-json\/wp\/v2\/users\/2"}],"replies":[{"embeddable":true,"href":"https:\/\/www.europesays.com\/fr\/wp-json\/wp\/v2\/comments?post=174825"}],"version-history":[{"count":0,"href":"https:\/\/www.europesays.com\/fr\/wp-json\/wp\/v2\/posts\/174825\/revisions"}],"wp:featuredmedia":[{"embeddable":true,"href":"https:\/\/www.europesays.com\/fr\/wp-json\/wp\/v2\/media\/174826"}],"wp:attachment":[{"href":"https:\/\/www.europesays.com\/fr\/wp-json\/wp\/v2\/media?parent=174825"}],"wp:term":[{"taxonomy":"category","embeddable":true,"href":"https:\/\/www.europesays.com\/fr\/wp-json\/wp\/v2\/categories?post=174825"},{"taxonomy":"post_tag","embeddable":true,"href":"https:\/\/www.europesays.com\/fr\/wp-json\/wp\/v2\/tags?post=174825"}],"curies":[{"name":"wp","href":"https:\/\/api.w.org\/{rel}","templated":true}]}}