{"id":174827,"date":"2025-06-14T02:29:11","date_gmt":"2025-06-14T02:29:11","guid":{"rendered":"https:\/\/www.europesays.com\/fr\/174827\/"},"modified":"2025-06-14T02:29:11","modified_gmt":"2025-06-14T02:29:11","slug":"defie-par-lukraine-vladimir-poutine-se-rabat-sur-la-defense-des-valeurs-traditionnelles","status":"publish","type":"post","link":"https:\/\/www.europesays.com\/fr\/174827\/","title":{"rendered":"D\u00e9fi\u00e9 par l\u2019Ukraine, Vladimir Poutine se rabat sur la \u201cd\u00e9fense des valeurs traditionnelles\u201d"},"content":{"rendered":"\n<p>Le 10\u00a0juin dernier, le chef de l\u2019\u00c9tat russe avait convoqu\u00e9 en urgence une r\u00e9union \u201c\u00e9largie\u201d de son Conseil de s\u00e9curit\u00e9, <a class=\"ithalc\" data-ithal=\"lien_externe\" data-ithalc=\"[nav_article]\" target=\"_blank\" href=\"https:\/\/lenta.ru\/news\/2025\/06\/10\/putin-sobral-bolshoe-zasedanie-sovbeza\/\" rel=\"nofollow noopener\">comme le rappelle le journal en ligne <strong>Lenta.ru<\/strong><\/a><strong>.<\/strong> Depuis mars 2024, cet organe qui r\u00e9unit les principaux siloviki du pays, soit les repr\u00e9sentants de l\u2019arm\u00e9e, de la police et des agences de s\u00e9curit\u00e9, est dirig\u00e9 par l\u2019ancien ministre de la D\u00e9fense, Sergue\u00ef Cho\u00efgou, qui a remplac\u00e9 \u00e0 ce poste un autre fid\u00e8le de longue date du pr\u00e9sident, Nikola\u00ef Patrouchev.<\/p>\n<p>Cette r\u00e9union, malgr\u00e9 son importance et son format (ou peut-\u00eatre \u00e0 cause de cela) s\u2019est d\u00e9roul\u00e9e enti\u00e8rement en ligne, se sont \u00e9tonn\u00e9s bon nombre de m\u00e9dias russes. <a class=\"ithalc\" data-ithal=\"lien_externe\" data-ithalc=\"[nav_article]\" target=\"_blank\" href=\"https:\/\/t.me\/RIAKremlinpool\/16820\" rel=\"nofollow\"><strong>Kremlinpool,<\/strong> la cha\u00eene Telegram<\/a> des journalistes officiels accr\u00e9dit\u00e9s aupr\u00e8s de la pr\u00e9sidence, a d\u2019ailleurs publi\u00e9 \u201cune photo montrant Vladimir Poutine assis devant un \u00e9cran affichant en mosa\u00efque les membres du Conseil de s\u00e9curit\u00e9 participant \u00e0 la r\u00e9union par visioconf\u00e9rence\u201d, poursuit Lenta.ru.<\/p>\n<p>La plupart des observateurs, russes comme ukrainiens d\u2019ailleurs, attendaient avec une certaine impatience m\u00eal\u00e9e d\u2019appr\u00e9hension cette s\u00e9ance du Conseil de s\u00e9curit\u00e9. \u201cFaut-il en avoir peur\u00a0?\u201d s\u2019interrogeait m\u00eame le politologue Tarass Zagorodny <a class=\"ithalc\" data-ithal=\"lien_externe\" data-ithalc=\"[nav_article]\" target=\"_blank\" href=\"https:\/\/nv.ua\/world\/geopolitics\/putin-na-sovbeze-obyavit-mobilizaciyu-privlechet-voennyh-iz-kndr-anneksiruet-novye-territorii-ekspert-50520826.html\" rel=\"nofollow noopener\">sur les ondes de la radio de Kiev <strong>New Voice <\/strong>(NV)<\/a>.<\/p>\n<p> \u201cAbsurde\u201d <\/p>\n<p>Tous croyaien<\/p>\n","protected":false},"excerpt":{"rendered":"Le 10\u00a0juin dernier, le chef de l\u2019\u00c9tat russe avait convoqu\u00e9 en urgence une r\u00e9union \u201c\u00e9largie\u201d de son Conseil&hellip;\n","protected":false},"author":2,"featured_media":174828,"comment_status":"","ping_status":"","sticky":false,"template":"","format":"standard","meta":{"footnotes":""},"categories":[1590],"tags":[11,1777,674,1892,131,12,132,220,135],"class_list":{"0":"post-174827","1":"post","2":"type-post","3":"status-publish","4":"format-standard","5":"has-post-thumbnail","7":"category-ukraine","8":"tag-actualites","9":"tag-eu","10":"tag-europe","11":"tag-gu00e9opolitique","12":"tag-guerre-en-ukraine","13":"tag-news","14":"tag-russie","15":"tag-ukraine","16":"tag-vladimir-poutine"},"share_on_mastodon":{"url":"https:\/\/pubeurope.com\/@fr\/114679366533468148","error":""},"_links":{"self":[{"href":"https:\/\/www.europesays.com\/fr\/wp-json\/wp\/v2\/posts\/174827","targetHints":{"allow":["GET"]}}],"collection":[{"href":"https:\/\/www.europesays.com\/fr\/wp-json\/wp\/v2\/posts"}],"about":[{"href":"https:\/\/www.europesays.com\/fr\/wp-json\/wp\/v2\/types\/post"}],"author":[{"embeddable":true,"href":"https:\/\/www.europesays.com\/fr\/wp-json\/wp\/v2\/users\/2"}],"replies":[{"embeddable":true,"href":"https:\/\/www.europesays.com\/fr\/wp-json\/wp\/v2\/comments?post=174827"}],"version-history":[{"count":0,"href":"https:\/\/www.europesays.com\/fr\/wp-json\/wp\/v2\/posts\/174827\/revisions"}],"wp:featuredmedia":[{"embeddable":true,"href":"https:\/\/www.europesays.com\/fr\/wp-json\/wp\/v2\/media\/174828"}],"wp:attachment":[{"href":"https:\/\/www.europesays.com\/fr\/wp-json\/wp\/v2\/media?parent=174827"}],"wp:term":[{"taxonomy":"category","embeddable":true,"href":"https:\/\/www.europesays.com\/fr\/wp-json\/wp\/v2\/categories?post=174827"},{"taxonomy":"post_tag","embeddable":true,"href":"https:\/\/www.europesays.com\/fr\/wp-json\/wp\/v2\/tags?post=174827"}],"curies":[{"name":"wp","href":"https:\/\/api.w.org\/{rel}","templated":true}]}}