{"id":174829,"date":"2025-06-14T02:30:10","date_gmt":"2025-06-14T02:30:10","guid":{"rendered":"https:\/\/www.europesays.com\/fr\/174829\/"},"modified":"2025-06-14T02:30:10","modified_gmt":"2025-06-14T02:30:10","slug":"onu-liran-accuse-les-usa-detre-complices-des-frappes-israeliennes-14-06-2025-a-0131","status":"publish","type":"post","link":"https:\/\/www.europesays.com\/fr\/174829\/","title":{"rendered":"Onu-L&rsquo;Iran accuse les USA d&rsquo;\u00eatre complices des frappes isra\u00e9liennes &#8211; 14\/06\/2025 \u00e0 01:31"},"content":{"rendered":"<p>\n par Michelle Nichols\n<\/p>\n<p>\n L&rsquo;Iran a accus\u00e9,<br \/>\ndevant le Conseil de s\u00e9curit\u00e9 des Nations unies, les Etats-Unis<br \/>\nd&rsquo;\u00eatre complices des attaques men\u00e9es vendredi par Isra\u00ebl, ce que<br \/>\nWashington a d\u00e9menti, disant \u00e0 T\u00e9h\u00e9ran qu&rsquo;il serait \u00ab\u00a0sage\u00a0\u00bb de<br \/>\nn\u00e9gocier sur son programme nucl\u00e9aire.\n<\/p>\n<p>\n T\u00e9h\u00e9ran a lanc\u00e9 des missiles vers Isra\u00ebl vendredi en fin de<br \/>\njourn\u00e9e, en repr\u00e9sailles aux frappes men\u00e9es par Isra\u00ebl en Iran<br \/>\nplus t\u00f4t dans la journ\u00e9e.\n<\/p>\n<p>\n L&rsquo;ambassadeur d&rsquo;Isra\u00ebl aupr\u00e8s des Nations unies, Danny<br \/>\nDanon, a d\u00e9clar\u00e9 que l&rsquo;Iran s&rsquo;\u00e9tait \u00ab\u00a0pr\u00e9par\u00e9 \u00e0 la guerre\u00a0\u00bb et que<br \/>\nles frappes isra\u00e9liennes \u00e9taient \u00ab\u00a0un acte de pr\u00e9servation<br \/>\nnationale\u00a0\u00bb.\n<\/p>\n<p>\n Son homologue iranien, Amir Sae\u00efd Iravani, a accus\u00e9 Isra\u00ebl<br \/>\nde chercher \u00e0 \u00ab\u00a0tuer la diplomatie, \u00e0 saboter les n\u00e9gociations et<br \/>\n\u00e0 entra\u00eener la r\u00e9gion dans un conflit plus vaste\u00a0\u00bb. Il a<br \/>\n\u00e9galement estim\u00e9 que la complicit\u00e9 de Washington ne faisait<br \/>\n\u00ab\u00a0aucun doute\u00a0\u00bb.\n<\/p>\n<p>\n \u00ab\u00a0Ceux qui soutiennent ce r\u00e9gime, les Etats-Unis en t\u00eate,<br \/>\ndoivent comprendre qu&rsquo;ils sont complices\u00a0\u00bb, a-t-il dit devant le<br \/>\nConseil de s\u00e9curit\u00e9 de l&rsquo;Onu. \u00ab\u00a0En aidant et en permettant ces<br \/>\ncrimes, ils partagent l&rsquo;enti\u00e8re responsabilit\u00e9 de leurs<br \/>\ncons\u00e9quences\u00a0\u00bb.\n<\/p>\n<p>\n Le pr\u00e9sident am\u00e9ricain Donald Trump a d\u00e9clar\u00e9 vendredi qu&rsquo;il<br \/>\navait donn\u00e9 \u00e0 T\u00e9h\u00e9ran un ultimatum de 60 jours, qui a expir\u00e9<br \/>\njeudi, pour conclure un accord sur l&rsquo;escalade de son programme<br \/>\nd&rsquo;enrichissement d&rsquo;uranium.\n<\/p>\n<p>\n Un sixi\u00e8me cycle de n\u00e9gociations entre les \u00c9tats-Unis et<br \/>\nl&rsquo;Iran \u00e9tait pr\u00e9vu \u00e0 Oman dimanche, mais on ne sait pas s&rsquo;il<br \/>\naura lieu.\n<\/p>\n<p>\n Danny Danon a d\u00e9clar\u00e9 qu&rsquo;Isra\u00ebl avait fait preuve de<br \/>\npatience malgr\u00e9 les risques croissants.\n<\/p>\n<p>\n \u00ab\u00a0Nous avons attendu que la diplomatie fonctionne. Nous avons<br \/>\nvu les n\u00e9gociations durer, l&rsquo;Iran faisant de fausses concessions<br \/>\nou refusant les conditions les plus fondamentales\u00a0\u00bb, a-t-il dit<br \/>\nau Conseil de s\u00e9curit\u00e9, ajoutant que les services de<br \/>\nrenseignement avaient confirm\u00e9 que l&rsquo;Iran aurait pu produire<br \/>\nsuffisamment de mati\u00e8res fissiles pour fabriquer plusieurs<br \/>\nbombes en l&rsquo;espace de quelques jours.\n<\/p>\n<p>\n Le haut fonctionnaire am\u00e9ricain McCoy Pitt a d\u00e9clar\u00e9 que les<br \/>\nEtats-Unis continueraient \u00e0 rechercher une solution diplomatique<br \/>\ngarantissant que l&rsquo;Iran ne puisse jamais se doter de l&rsquo;arme<br \/>\nnucl\u00e9aire ou constituer une menace pour la stabilit\u00e9 au<br \/>\nMoyen-Orient.\n<\/p>\n<p>\n \u00ab\u00a0Les dirigeants iraniens seraient bien avis\u00e9s de n\u00e9gocier en<br \/>\nce moment\u00a0\u00bb, a-t-il dit, ajoutant que, bien que Washington ait<br \/>\n\u00e9t\u00e9 inform\u00e9 \u00e0 l&rsquo;avance des premi\u00e8res frappes isra\u00e9liennes, les<br \/>\nEtats-Unis n&rsquo;\u00e9taient pas \u00e9t\u00e9 impliqu\u00e9s militairement.\n<\/p>\n<p>\n Le chef de l&rsquo;Agence internationale de l&rsquo;\u00e9nergie atomique<br \/>\n(AIEA), Rafael Grossi, a d\u00e9clar\u00e9 au Conseil de s\u00e9curit\u00e9 que<br \/>\nl\u00a0\u00bbusine en surface o\u00f9 l&rsquo;Iran produit de l&rsquo;uranium enrichi \u00e0 60%<br \/>\navait \u00e9t\u00e9 d\u00e9truite.\n<\/p>\n<p>\n (Reportage de Michelle Nichols, Francois Murphy et John<br \/>\nShiffman ; R\u00e9daction de Bill Berkrot, Cynthia Osterman et Daniel<br \/>\nWallis)<\/p>\n","protected":false},"excerpt":{"rendered":"par Michelle Nichols L&rsquo;Iran a accus\u00e9, devant le Conseil de s\u00e9curit\u00e9 des Nations unies, les Etats-Unis d&rsquo;\u00eatre complices&hellip;\n","protected":false},"author":2,"featured_media":2486,"comment_status":"","ping_status":"","sticky":false,"template":"","format":"standard","meta":{"footnotes":""},"categories":[1589],"tags":[400,11,398,408,405,73,1866,403,402,399,404,12,401,406,1864,1865,1863,308,407],"class_list":{"0":"post-174829","1":"post","2":"type-post","3":"status-publish","4":"format-standard","5":"has-post-thumbnail","7":"category-etats-unis","8":"tag-action-cac-40","9":"tag-actualites","10":"tag-bourse-de-paris","11":"tag-boursorama","12":"tag-cotations","13":"tag-etats-unis","14":"tag-etats-unis-damerique","15":"tag-indices-devises","16":"tag-investir","17":"tag-investissement","18":"tag-marche-boursier","19":"tag-news","20":"tag-sicav","21":"tag-trackers","22":"tag-united-states","23":"tag-united-states-of-america","24":"tag-us","25":"tag-usa","26":"tag-warrants"},"share_on_mastodon":{"url":"https:\/\/pubeurope.com\/@fr\/114679370686938658","error":""},"_links":{"self":[{"href":"https:\/\/www.europesays.com\/fr\/wp-json\/wp\/v2\/posts\/174829","targetHints":{"allow":["GET"]}}],"collection":[{"href":"https:\/\/www.europesays.com\/fr\/wp-json\/wp\/v2\/posts"}],"about":[{"href":"https:\/\/www.europesays.com\/fr\/wp-json\/wp\/v2\/types\/post"}],"author":[{"embeddable":true,"href":"https:\/\/www.europesays.com\/fr\/wp-json\/wp\/v2\/users\/2"}],"replies":[{"embeddable":true,"href":"https:\/\/www.europesays.com\/fr\/wp-json\/wp\/v2\/comments?post=174829"}],"version-history":[{"count":0,"href":"https:\/\/www.europesays.com\/fr\/wp-json\/wp\/v2\/posts\/174829\/revisions"}],"wp:featuredmedia":[{"embeddable":true,"href":"https:\/\/www.europesays.com\/fr\/wp-json\/wp\/v2\/media\/2486"}],"wp:attachment":[{"href":"https:\/\/www.europesays.com\/fr\/wp-json\/wp\/v2\/media?parent=174829"}],"wp:term":[{"taxonomy":"category","embeddable":true,"href":"https:\/\/www.europesays.com\/fr\/wp-json\/wp\/v2\/categories?post=174829"},{"taxonomy":"post_tag","embeddable":true,"href":"https:\/\/www.europesays.com\/fr\/wp-json\/wp\/v2\/tags?post=174829"}],"curies":[{"name":"wp","href":"https:\/\/api.w.org\/{rel}","templated":true}]}}