{"id":17483,"date":"2025-04-11T14:20:17","date_gmt":"2025-04-11T14:20:17","guid":{"rendered":"https:\/\/www.europesays.com\/fr\/17483\/"},"modified":"2025-04-11T14:20:17","modified_gmt":"2025-04-11T14:20:17","slug":"previsions-du-vendredi-11-avril-2025-5","status":"publish","type":"post","link":"https:\/\/www.europesays.com\/fr\/17483\/","title":{"rendered":"pr\u00e9visions du vendredi 11 avril 2025"},"content":{"rendered":"<p>Aujourd&rsquo;hui, les Marseillais vont pouvoir profiter d&rsquo;un soleil magnifique. Les valeurs seront de 13\u00b0C au plus bas et de 17\u00b0C au plus haut. Un vent de sud-ouest soufflera l\u00e9g\u00e8rement, avec 6 km\/h. Les temp\u00e9ratures tourneront autour des 15\u00b0C dans la matin\u00e9e. Les valeurs iront de 16 \u00e0 17\u00b0C sur l&rsquo;ensemble de l&rsquo;apr\u00e8s-midi. Il fera en moyenne 15\u00b0C, le soir. Un ciel limpide est attendu dans la nuit entre vendredi et samedi.<\/p>\n<p>Demain, c&rsquo;est une hausse de quelques degr\u00e9s que vont conna\u00eetre les temp\u00e9ratures dans la ville de Marseille. Il va faire 17\u00b0C en moyenne. Un vent de sud-est rafra\u00eechira un peu l&rsquo;atmosph\u00e8re. C&rsquo;est un soleil radieux qui va briller le matin. Les temp\u00e9ratures afficheront entre 14\u00b0C et 18\u00b0C. Le ciel va s&rsquo;\u00e9claircir au cours de l&rsquo;apr\u00e8s-midi. Les valeurs seront comprises entre 18 et 19\u00b0C. Demain soir, les temp\u00e9ratures s&rsquo;\u00e9chelonneront entre 16 et 17\u00b0C.<\/p>\n<p>La m\u00e9t\u00e9o va se d\u00e9grader dans les journ\u00e9es suivantes. On anticipe des journ\u00e9es pluvieuses, avec des temp\u00e9ratures dans les 15\u00b0C en moyenne.<\/p>\n<p>C&rsquo;est lundi de p\u00e2ques demain, le week-end se prolonge, profitez-en !<\/p>\n","protected":false},"excerpt":{"rendered":"Aujourd&rsquo;hui, les Marseillais vont pouvoir profiter d&rsquo;un soleil magnifique. Les valeurs seront de 13\u00b0C au plus bas et&hellip;\n","protected":false},"author":2,"featured_media":17484,"comment_status":"","ping_status":"","sticky":false,"template":"","format":"standard","meta":{"footnotes":""},"categories":[2814],"tags":[1111,11,885,1777,674,1011,27,884,12,883,2119,882,25],"class_list":{"0":"post-17483","1":"post","2":"type-post","3":"status-publish","4":"format-standard","5":"has-post-thumbnail","7":"category-marseille","8":"tag-actu","9":"tag-actualites","10":"tag-bouches-du-rhone","11":"tag-eu","12":"tag-europe","13":"tag-fr","14":"tag-france","15":"tag-marseille","16":"tag-news","17":"tag-paca","18":"tag-previsions-meteo","19":"tag-provence-alpes-cote-dazur","20":"tag-republique-francaise"},"share_on_mastodon":{"url":"https:\/\/pubeurope.com\/@fr\/114319774441093835","error":""},"_links":{"self":[{"href":"https:\/\/www.europesays.com\/fr\/wp-json\/wp\/v2\/posts\/17483","targetHints":{"allow":["GET"]}}],"collection":[{"href":"https:\/\/www.europesays.com\/fr\/wp-json\/wp\/v2\/posts"}],"about":[{"href":"https:\/\/www.europesays.com\/fr\/wp-json\/wp\/v2\/types\/post"}],"author":[{"embeddable":true,"href":"https:\/\/www.europesays.com\/fr\/wp-json\/wp\/v2\/users\/2"}],"replies":[{"embeddable":true,"href":"https:\/\/www.europesays.com\/fr\/wp-json\/wp\/v2\/comments?post=17483"}],"version-history":[{"count":0,"href":"https:\/\/www.europesays.com\/fr\/wp-json\/wp\/v2\/posts\/17483\/revisions"}],"wp:featuredmedia":[{"embeddable":true,"href":"https:\/\/www.europesays.com\/fr\/wp-json\/wp\/v2\/media\/17484"}],"wp:attachment":[{"href":"https:\/\/www.europesays.com\/fr\/wp-json\/wp\/v2\/media?parent=17483"}],"wp:term":[{"taxonomy":"category","embeddable":true,"href":"https:\/\/www.europesays.com\/fr\/wp-json\/wp\/v2\/categories?post=17483"},{"taxonomy":"post_tag","embeddable":true,"href":"https:\/\/www.europesays.com\/fr\/wp-json\/wp\/v2\/tags?post=17483"}],"curies":[{"name":"wp","href":"https:\/\/api.w.org\/{rel}","templated":true}]}}