{"id":174836,"date":"2025-06-14T02:34:24","date_gmt":"2025-06-14T02:34:24","guid":{"rendered":"https:\/\/www.europesays.com\/fr\/174836\/"},"modified":"2025-06-14T02:34:24","modified_gmt":"2025-06-14T02:34:24","slug":"il-ny-aurait-jamais-eu-de-benoit-de-margaux-nagui-fait-une-mise-au-point-sur-le-changement-de-regle-du-jeu","status":"publish","type":"post","link":"https:\/\/www.europesays.com\/fr\/174836\/","title":{"rendered":"\u00ab\u00a0Il n&rsquo;y aurait jamais eu de Beno\u00eet, de Margaux\u2026\u00a0\u00bb Nagui fait une mise au point sur le changement de r\u00e8gle du jeu"},"content":{"rendered":"<p>Ce vendredi 13 juin, S\u00e9bastien s&rsquo;est une nouvelle fois impos\u00e9 dans N&rsquo;oubliez pas les paroles, malgr\u00e9 quelques difficult\u00e9s. Nagui en a alors profit\u00e9 pour faire une mise au point sur les r\u00e8gles du jeu de son \u00e9mission.<\/p>\n<p>Le 10 juin dernier, <a href=\"https:\/\/www.programme-tv.net\/news\/tv\/381006-cindy-n-oubliez-pas-les-paroles-donne-des-nouvelles-apres-son-elimination-et-explique-sa-reaction-etonnante-ne-vous-inquietez-pas\/\" data-api-deeplink=\"teleloisirs:\/\/news\/381006\" rel=\"nofollow noopener\" target=\"_blank\">Cindy a quitt\u00e9 Nagui et le plateau de N&rsquo;oubliez pas les paroles sur France 2<\/a>. La jeune femme est parvenue \u00e0 totaliser 163 000 euros de gains, sans toutefois acc\u00e9der aux Masters, apr\u00e8s 42 victoires. \u00ab\u00a0Je n&rsquo;arriverai pas \u00e0 parler, je vais \u00eatre oblig\u00e9e de faire une publication sur les r\u00e9seaux\u2026 J&rsquo;ai trop d&rsquo;\u00e9motions, je me suis r\u00e9gal\u00e9e avec vous\u00a0\u00bb, a-t-elle d\u00e9clar\u00e9, en larmes<a href=\"https:\/\/www.programme-tv.net\/news\/tv\/380789-j-ai-passe-des-moments-incroyables-cindy-eliminee-de-n-oubliez-pas-les-paroles-la-maestro-fond-en-larmes-dans-les-bras-de-nagui\/\" data-api-deeplink=\"teleloisirs:\/\/news\/380789\" rel=\"nofollow noopener\" target=\"_blank\"> dans les bras de l&rsquo;animateur<\/a>. Elle a ainsi laiss\u00e9 sa place \u00e0 <a href=\"https:\/\/www.programme-tv.net\/news\/tv\/380909-vous-le-feriez-avec-les-enfants-le-nouveau-maestro-sebastien-n-oubliez-pas-les-paroles-revele-comment-il-compte-depenser-ses-gains-nagui-est-surpris\/\" data-api-deeplink=\"teleloisirs:\/\/news\/380909\" rel=\"nofollow noopener\" target=\"_blank\">S\u00e9bastien qui a appris un millier de chansons pour l&rsquo;\u00e9mission<\/a>. Depuis, le nouveau maestro encha\u00eene les victoires ! Lors des deux \u00e9missions de ce vendredi 13 juin, il s&rsquo;est d&rsquo;ailleurs impos\u00e9 face \u00e0 Alexis et Virginie. Le papa de jumeaux, Adam et Benjamin, comptabilise d\u00e9sormais <a href=\"https:\/\/www.programme-tv.net\/news\/tv\/381026-on-a-du-s-ajouter-sur-les-reseaux-le-nouveau-maestro-sebastien-n-oubliez-pas-les-paroles-connait-bien-cindy-et-a-un-point-commun-avec-benoit\/\" data-api-deeplink=\"teleloisirs:\/\/news\/381026\" rel=\"nofollow noopener\" target=\"_blank\">8 victoires et 44 000 euros dans sa cagnotte<\/a>.<\/p>\n<p>Alors qu&rsquo;il interpr\u00e9tait Marilyn &amp; John de <a href=\"https:\/\/www.programme-tv.net\/biographie\/9823-paradis-vanessa\/\" data-link-people=\"20c04f56-832b-4eb2-8aae-8e47c2aa0fa6\" rel=\"nofollow noopener\" target=\"_blank\">Vanessa Paradis<\/a>, S\u00e9bastien a eu \u00e0 trouver les paroles manquantes. Et le jeune homme s&rsquo;est tourn\u00e9 vers la candidate Virginie, qui a \u00e9t\u00e9 joker deux fois dans l&rsquo;\u00e9mission par le pass\u00e9, afin d&rsquo;obtenir de l&rsquo;aide. \u00ab\u00a0Est-ce que tu ne voudrais pas \u00eatre mon joker ?\u00a0\u00bb, lui a-t-il demand\u00e9. \u00ab\u00a0Non, non, non, \u00e7a s&rsquo;\u00e9tait dans l&rsquo;ancienne formule \u00e7a !\u00a0\u00bb, a alors d\u00e9clar\u00e9 Nagui. Une demande qui n&rsquo;a malgr\u00e9 tout pas d\u00e9plu \u00e0 Virginie : \u00ab\u00a0Si on partage les gains \u00e0 la fin, \u00e7a me va !\u00a0\u00bb, a-t-elle lanc\u00e9. \u00ab\u00a0Mais non ! L&rsquo;ancienne formule avait cet avantage d&rsquo;avoir trois jokers si ma m\u00e9moire est bonne, enfin deux candidats pr\u00e9sents pour aider et apr\u00e8s, il y avait les jokers qui \u00e9taient propos\u00e9s\u00a0\u00bb, a r\u00e9torqu\u00e9 <a href=\"https:\/\/www.programme-tv.net\/news\/tv\/381026-on-a-du-s-ajouter-sur-les-reseaux-le-nouveau-maestro-sebastien-n-oubliez-pas-les-paroles-connait-bien-cindy-et-a-un-point-commun-avec-benoit\/\" data-api-deeplink=\"teleloisirs:\/\/news\/381026\" rel=\"nofollow noopener\" target=\"_blank\">Nagui<\/a>, faisant allusion \u00e0 la version classique du jeu, remplac\u00e9e par la version dite \u00ab\u00a0maestro\u00a0\u00bb arriv\u00e9e \u00e0 l&rsquo;antenne en 2013. \u00ab\u00a0Mais surtout ! On s&rsquo;arr\u00eatait \u00e0 100 000 euros et donc, il n&rsquo;y aurait jamais eu de Beno\u00eet, de Margaux et de faillite de cette \u00e9mission\u00a0\u00bb, a-t-il ajout\u00e9 avec humour.<\/p>\n<p>                        S\u00e9bastien d\u00e9voile comment il souhaite d\u00e9penser ses gains dans N&rsquo;oubliez pas les paroles<\/p>\n<p>S\u00e9bastien, le nouveau maestro de l&rsquo;\u00e9mission du<a href=\"https:\/\/www.programme-tv.net\/news\/tv\/380909-vous-le-feriez-avec-les-enfants-le-nouveau-maestro-sebastien-n-oubliez-pas-les-paroles-revele-comment-il-compte-depenser-ses-gains-nagui-est-surpris\/\" data-api-deeplink=\"teleloisirs:\/\/news\/380909\" rel=\"nofollow noopener\" target=\"_blank\"> <\/a>karaok\u00e9 g\u00e9ant, a d\u00e9voil\u00e9<a href=\"https:\/\/www.programme-tv.net\/news\/tv\/380909-vous-le-feriez-avec-les-enfants-le-nouveau-maestro-sebastien-n-oubliez-pas-les-paroles-revele-comment-il-compte-depenser-ses-gains-nagui-est-surpris\/\" data-api-deeplink=\"teleloisirs:\/\/news\/380909\" rel=\"nofollow noopener\" target=\"_blank\"> la mani\u00e8re dont il emploiera l&rsquo;argent gagn\u00e9 dans l&rsquo;\u00e9mission<\/a>, le 11 juin dernier<a href=\"https:\/\/www.programme-tv.net\/news\/tv\/380909-vous-le-feriez-avec-les-enfants-le-nouveau-maestro-sebastien-n-oubliez-pas-les-paroles-revele-comment-il-compte-depenser-ses-gains-nagui-est-surpris\/\" data-api-deeplink=\"teleloisirs:\/\/news\/380909\" rel=\"nofollow noopener\" target=\"_blank\">.<\/a> En effet, en plus de vouloir faire le tour du monde avec sa famille, le jeune homme souhaite voyager \u00e0 dos d&rsquo;\u00e2ne. \u00ab\u00a0Il y a quelques ann\u00e9es, on est all\u00e9s au cin\u00e9ma avec Julie et on a vu Antoinette dans les C\u00e9vennes avec le chemin de Stevenson. \u00c7a serait excellent de faire le chemin de Stevenson avec un \u00e2ne\u00a0\u00bb, a-t-il indiqu\u00e9.<\/p>\n","protected":false},"excerpt":{"rendered":"Ce vendredi 13 juin, S\u00e9bastien s&rsquo;est une nouvelle fois impos\u00e9 dans N&rsquo;oubliez pas les paroles, malgr\u00e9 quelques difficult\u00e9s.&hellip;\n","protected":false},"author":2,"featured_media":174837,"comment_status":"","ping_status":"","sticky":false,"template":"","format":"standard","meta":{"footnotes":""},"categories":[1586],"tags":[11,244,1777,674,1779,1011,27,594,22678,31009,10477,12,25,1778,364,1421],"class_list":{"0":"post-174836","1":"post","2":"type-post","3":"status-publish","4":"format-standard","5":"has-post-thumbnail","7":"category-europe","8":"tag-actualites","9":"tag-commentaire","10":"tag-eu","11":"tag-europe","12":"tag-european-union","13":"tag-fr","14":"tag-france","15":"tag-france-2","16":"tag-maestro","17":"tag-noubliez-pas-les-paroles","18":"tag-nagui","19":"tag-news","20":"tag-republique-francaise","21":"tag-ue","22":"tag-union-europeenne","23":"tag-zap"},"share_on_mastodon":{"url":"https:\/\/pubeurope.com\/@fr\/114679386301184912","error":""},"_links":{"self":[{"href":"https:\/\/www.europesays.com\/fr\/wp-json\/wp\/v2\/posts\/174836","targetHints":{"allow":["GET"]}}],"collection":[{"href":"https:\/\/www.europesays.com\/fr\/wp-json\/wp\/v2\/posts"}],"about":[{"href":"https:\/\/www.europesays.com\/fr\/wp-json\/wp\/v2\/types\/post"}],"author":[{"embeddable":true,"href":"https:\/\/www.europesays.com\/fr\/wp-json\/wp\/v2\/users\/2"}],"replies":[{"embeddable":true,"href":"https:\/\/www.europesays.com\/fr\/wp-json\/wp\/v2\/comments?post=174836"}],"version-history":[{"count":0,"href":"https:\/\/www.europesays.com\/fr\/wp-json\/wp\/v2\/posts\/174836\/revisions"}],"wp:featuredmedia":[{"embeddable":true,"href":"https:\/\/www.europesays.com\/fr\/wp-json\/wp\/v2\/media\/174837"}],"wp:attachment":[{"href":"https:\/\/www.europesays.com\/fr\/wp-json\/wp\/v2\/media?parent=174836"}],"wp:term":[{"taxonomy":"category","embeddable":true,"href":"https:\/\/www.europesays.com\/fr\/wp-json\/wp\/v2\/categories?post=174836"},{"taxonomy":"post_tag","embeddable":true,"href":"https:\/\/www.europesays.com\/fr\/wp-json\/wp\/v2\/tags?post=174836"}],"curies":[{"name":"wp","href":"https:\/\/api.w.org\/{rel}","templated":true}]}}