{"id":174838,"date":"2025-06-14T02:35:11","date_gmt":"2025-06-14T02:35:11","guid":{"rendered":"https:\/\/www.europesays.com\/fr\/174838\/"},"modified":"2025-06-14T02:35:11","modified_gmt":"2025-06-14T02:35:11","slug":"en-direct-conflit-israel-iran-teheran-lance-une-nouvelle-attaque-de-missiles-contre-letat-hebreu-lalerte-est-passee-rtl-fr","status":"publish","type":"post","link":"https:\/\/www.europesays.com\/fr\/174838\/","title":{"rendered":"EN DIRECT &#8211; Conflit Isra\u00ebl-Iran : T\u00e9h\u00e9ran lance une nouvelle attaque de missiles contre l&#039;\u00c9tat h\u00e9breu, l&#039;alerte est pass\u00e9e &#8211; RTL.fr"},"content":{"rendered":"<ol>\n<li><a href=\"https:\/\/news.google.com\/rss\/articles\/CBMi2AFBVV95cUxNcmRtTEU1UFRzUE1vNGtkazhjUFZ2RnFRdVpiZGdsazlwNDV2VzBmOFNGcTZPR2t1Q3p5YkFWMzloWVhERnNGMXRDcXFwWU1oa012bU10YjdYN3pBemk4MHNtY3lMLWpFUWZNN2dLZ0w5dk4wc2NWQUhGQ3hpeDViRm92NGEzRU5EQ0pIZnowaTdsTG5uaHBPWHFaeGJWQVFDZXFOaENwSUFkRm5xdmVSVzdKQ1RmblBzRWhNT1RhLUdqdkJfOGc2cnZNNnF6bnluU25kejdicUw?oc=5\" target=\"_blank\" rel=\"nofollow noopener\">EN DIRECT &#8211; Conflit Isra\u00ebl-Iran : T\u00e9h\u00e9ran lance une nouvelle attaque de missiles contre l&rsquo;\u00c9tat h\u00e9breu, l&rsquo;alerte est pass\u00e9e<\/a>&nbsp;&nbsp;RTL.fr<\/li>\n<li><a href=\"https:\/\/news.google.com\/rss\/articles\/CBMiiwNBVV95cUxOSFdvVVhjLTlNVXQyVm5jSEhXcGtWcE5DMjY0eXB2cU9QYnNSYy1XSjMtRXRjZE5tY0JyS0JHMzk2cENXWUFWOHBGcUJIUWI1ZU1XektnTmtSYlVXQWZ0dm03cGdvbEZ0c0hNdXlETlVIODFRX2ZEODhLX1BicGpUOHFSRHJFYk1RUURwUmRWNmVQUXg3VlVmTnNnWXFPLV9OWkV2a2dtaWJiSUtBcUZ0eENpT1ZZcC1OYmVNOWhyQXVGLXlLV05qcDBKdmlpRExyeTl4LUktQXpjU0xTMDdnbEYwMjJhc296clllNklPdURPbHVVOVg0b1AzRnFpZ3JaMDJHbmZ5aDh0S3htSFRoVHBwZU1hdzRDRzJoOU5qYk1Oc1UzOXAtQ3UxbklBOU5Za0Q4RkFoN3ItZ0hISi1vVnJ1bVFuT1ZzenhKSXpaOHhzdTkzNFJNMEFBZHRzVDMxVEZZMkNhcU5oSnllNFNNeDBZdjRfMDRCVWJDVkRWQ2ZLNExoajlwYXdYaw?oc=5\" target=\"_blank\" rel=\"nofollow noopener\">En direct : l\u2019arm\u00e9e isra\u00e9lienne dit avoir \u00ab d\u00e9mantel\u00e9 \u00bb par ses frappes la base militaire de Tabriz, dans le nord-ouest de l\u2019Iran, le secr\u00e9taire g\u00e9n\u00e9ral de l\u2019ONU appelle \u00e0 cesser \u00ab l\u2019escalade \u00bb<\/a>&nbsp;&nbsp;Le Monde.fr<\/li>\n<li><a href=\"https:\/\/news.google.com\/rss\/articles\/CBMixgFBVV95cUxNdVFJellNNHNDbkhrLXpNVGI3SVNkaHZyQlNENThEVGxoVmNlNlpoN1FSaDlwZWF3LTRDd1ZpLWtqNHd6SHlsNWNac0ZWWGIxZjZvRl8wY19NckZ1YUxZbjBqc3MtcWVZSDdldE5UdW5IaENUME1LRmhEV1lJbzhBczVJWTJneEYxa3JneFFQTGVkM1dXaXdTeXNUZjNIMlJISGR2WmstWUdtRGdjUl9ZSlhYQnF1TDFEMHg5cW44TGt3MzBFYXc?oc=5\" target=\"_blank\" rel=\"nofollow noopener\">Nouveaux tirs de missiles iraniens sur Isra\u00ebl en riposte \u00e0 une attaque massive<\/a>&nbsp;&nbsp;Orange<\/li>\n<li><a href=\"https:\/\/news.google.com\/rss\/articles\/CBMinAFBVV95cUxNRFo5ZWpPMXFvWjhOUXp4akI3U3hnbkd6NHBiS3h3NE5ISFc3UTdOMW5mTmdLb1hudklqRTFPMk5CcDA1X1VGVGNsMHhwaExhTDZ3ZXlpSzZLY1p2Vy1CZUl1dHhqMGxUS0llWTJpMzdSRElxeHJoSW0wejB4OGNod0RFcEJRVXA4SkNfdXExQ1VaRXA1a2ZwS0Z3ZFQ?oc=5\" target=\"_blank\" rel=\"nofollow noopener\">L\u2019Iran r\u00e9plique aux bombardements d\u2019Isra\u00ebl<\/a>&nbsp;&nbsp;Mediapart<\/li>\n<li><a href=\"https:\/\/news.google.com\/rss\/articles\/CBMizwJBVV95cUxPWkZsMU15RXNIT3Q0dXE1UXU3ZGExT1Q3ZGtWOF9tNVJNbzV6ZWdQanlHTE5Hd1I5VmZwMlpoSjBNUV9CSFU0VGl5RTl1cG00N0c1cGttYlV0R1lwYk1PbGtWNGVOek9pVG5XRzAxRzdzTWppaUFmS2RWeEFiNVFwdWdRMnpqUUQ5RmxFT3lvTXpuYmlscTBvNFdmSGhWMXRTOTVFY3pROWVxOVROWVo1NWh0ZjVwaGxTSm5za0U2REY4Vm93NjdNdC1iQWlyR2I5S1o1SzhFTjViWXVBWVR1a0stckVSOW50b3E2U2tNMElTeVBpV2JkcWtaZk5RUWwwSGlDckJkdGJVakh3VHRKeFRQMXBJdVJ6TlZ1QjMzaHVPeklFYkdMLUljcm9sYUFKTmVDYkxROTRrRElJc241a1JRSk1Bc2lRT28ycmZCOA?oc=5\" target=\"_blank\" rel=\"nofollow noopener\">Emmanuel Macron: \u00ab\u00a0Si Isra\u00ebl devait \u00eatre attaqu\u00e9 dans le cadre d&rsquo;une repr\u00e9saille par l&rsquo;Iran, la France participerait aux op\u00e9rations de protection et de d\u00e9fense\u00a0\u00bb<\/a>&nbsp;&nbsp;BFMTV<\/li>\n<\/ol>\n","protected":false},"excerpt":{"rendered":"EN DIRECT &#8211; Conflit Isra\u00ebl-Iran : T\u00e9h\u00e9ran lance une nouvelle attaque de missiles contre l&rsquo;\u00c9tat h\u00e9breu, l&rsquo;alerte est&hellip;\n","protected":false},"author":2,"featured_media":174839,"comment_status":"","ping_status":"","sticky":false,"template":"","format":"standard","meta":{"footnotes":""},"categories":[2],"tags":[11,107,1011,27,3019,664,3257,12,25],"class_list":{"0":"post-174838","1":"post","2":"type-post","3":"status-publish","4":"format-standard","5":"has-post-thumbnail","7":"category-actualites","8":"tag-actualites","9":"tag-fil-info","10":"tag-fr","11":"tag-france","12":"tag-iran","13":"tag-israel","14":"tag-moyen-orient","15":"tag-news","16":"tag-republique-francaise"},"share_on_mastodon":{"url":"https:\/\/pubeurope.com\/@fr\/114679390169381436","error":""},"_links":{"self":[{"href":"https:\/\/www.europesays.com\/fr\/wp-json\/wp\/v2\/posts\/174838","targetHints":{"allow":["GET"]}}],"collection":[{"href":"https:\/\/www.europesays.com\/fr\/wp-json\/wp\/v2\/posts"}],"about":[{"href":"https:\/\/www.europesays.com\/fr\/wp-json\/wp\/v2\/types\/post"}],"author":[{"embeddable":true,"href":"https:\/\/www.europesays.com\/fr\/wp-json\/wp\/v2\/users\/2"}],"replies":[{"embeddable":true,"href":"https:\/\/www.europesays.com\/fr\/wp-json\/wp\/v2\/comments?post=174838"}],"version-history":[{"count":0,"href":"https:\/\/www.europesays.com\/fr\/wp-json\/wp\/v2\/posts\/174838\/revisions"}],"wp:featuredmedia":[{"embeddable":true,"href":"https:\/\/www.europesays.com\/fr\/wp-json\/wp\/v2\/media\/174839"}],"wp:attachment":[{"href":"https:\/\/www.europesays.com\/fr\/wp-json\/wp\/v2\/media?parent=174838"}],"wp:term":[{"taxonomy":"category","embeddable":true,"href":"https:\/\/www.europesays.com\/fr\/wp-json\/wp\/v2\/categories?post=174838"},{"taxonomy":"post_tag","embeddable":true,"href":"https:\/\/www.europesays.com\/fr\/wp-json\/wp\/v2\/tags?post=174838"}],"curies":[{"name":"wp","href":"https:\/\/api.w.org\/{rel}","templated":true}]}}