{"id":17489,"date":"2025-04-11T14:23:11","date_gmt":"2025-04-11T14:23:11","guid":{"rendered":"https:\/\/www.europesays.com\/fr\/17489\/"},"modified":"2025-04-11T14:23:11","modified_gmt":"2025-04-11T14:23:11","slug":"les-routes-seront-chargees-en-ile-de-france-vendredi-et-samedi","status":"publish","type":"post","link":"https:\/\/www.europesays.com\/fr\/17489\/","title":{"rendered":"les routes seront charg\u00e9es en \u00cele-de-France vendredi et samedi"},"content":{"rendered":"<p>\u00abLes principales difficult\u00e9s de cette fin de semaine devraient concerner principalement les axes routiers d\u2019\u00cele-de-France\u00bb, rel\u00e8ve Bison fut\u00e9.<\/p>\n<p class=\"fig-paragraph\">En \u00cele-de-France, le\u00a0<a href=\"http:\/\/www.lefigaro.fr\/meteo\/meteo-du-jeudi-10-avril-un-soleil-genereux-excepte-sur-l-extreme-nord-20250409\" data-fig-type=\"Article\" data-gtm-custom-categorie=\"navigation\" data-gtm-custom-action=\"crossclick\" data-gtm-custom-label=\"Contextuel\" data-gtm-event=\"customEventSPE\" data-fig-domain=\"LEFIGARO\" target=\"_blank\" rel=\"noopener\">retour du soleil<\/a>\u00a0ira de pair avec celui des bouchons. \u00c0 l\u2019occasion du d\u00e9but des vacances de printemps dans la zone C (acad\u00e9mies de Versailles, Montpellier, Paris, Toulouse, Cr\u00e9teil et en Corse), ainsi que de la seconde semaine de vacances de la zone B (dont font partie les acad\u00e9mies d\u2019Amiens, de Caen, de Nice ou encore de Strasbourg), de nombreux Fran\u00e7ais prendront la route ce week-end, causant des ralentissements, avertit Bison fut\u00e9. \u00abLes principales difficult\u00e9s de cette fin de semaine devraient concerner principalement les axes routiers d\u2019\u00cele-de-France\u00bb, rel\u00e8ve le service gouvernemental. Les perturbations se concentreront sur les journ\u00e9es de vendredi et samedi.<\/p>\n<p class=\"fig-paragraph\"><strong>Vendredi 11 avril<\/strong>, d\u2019abord, l\u2019\u00cele-de-France est color\u00e9e en orange dans le sens des d\u00e9parts, indiquant une circulation \u00abdifficile\u00bb. \u00abD\u00e8s le d\u00e9but de l\u2019apr\u00e8s-midi, la circulation deviendra dense en direction des barri\u00e8res de p\u00e9age des autoroutes A10 et A6, ainsi que sur les autoroutes qui y convergent, notamment l\u2019A86 et l\u2019A6b\u00bb, pr\u00e9cise Bison fut\u00e9. Les autorit\u00e9s conseillent de quitter la r\u00e9gion avant 14h, et d\u2019\u00e9viter \u00e9galement l\u2019A13. Le reste du pays est class\u00e9 vert, dans les deux sens.<\/p>\n<p>    Seule l\u2019\u00cele-de-France sera charg\u00e9e vendredi.<br \/>\n                Capture d\u2019\u00e9cran Bison fut\u00e9<\/p>\n<p class=\"fig-paragraph\">La situation sera identique <strong>samedi 12 avril<\/strong>. Ce jour-l\u00e0, les routes d\u2019\u00cele-de-France seront \u00e9galement charg\u00e9es dans le sens des d\u00e9parts, \u00e0 l\u2019inverse du reste de l\u2019Hexagone. \u00abOn pourra observer d\u00e8s le d\u00e9but de la matin\u00e9e une circulation dense en direction des barri\u00e8res de p\u00e9age des autoroutes A10 et A6, met en garde Bison fut\u00e9. La circulation qui s\u2019intensifiera nettement \u00e0 partir du milieu de la matin\u00e9e sur ces axes, ajout\u00e9e \u00e0 celle g\u00e9n\u00e9r\u00e9e par l\u2019activit\u00e9 \u00e9conomique le samedi, pourrait rendre difficile la circulation sur l\u2019A10 et l\u2019A6, ainsi que sur les axes y convergeant.\u00bb Mieux vaudra donc quitter la r\u00e9gion avant 6h, ou apr\u00e8s 16h, et \u00e9viter notamment l\u2019A13, qui \u00abdevrait \u00e9galement conna\u00eetre des encombrements d\u00e8s le milieu de la matin\u00e9e\u00bb. La situation reviendra ensuite \u00e0 la normale, <strong>dimanche 13 avril<\/strong>.<\/p>\n<p>    La situation sur les routes de France sera identique vendredi et samedi.<br \/>\n                Capture d\u2019\u00e9cran Bison fut\u00e9<\/p>\n<p>\u00a0\u00bb<br \/>\n        data-script=\u00a0\u00bbhttps:\/\/static.lefigaro.fr\/widget-video\/short-ttl\/video\/index.js\u00a0\u00bb<br \/>\n    &gt;<\/p>\n","protected":false},"excerpt":{"rendered":"\u00abLes principales difficult\u00e9s de cette fin de semaine devraient concerner principalement les axes routiers d\u2019\u00cele-de-France\u00bb, rel\u00e8ve Bison fut\u00e9.&hellip;\n","protected":false},"author":2,"featured_media":17490,"comment_status":"","ping_status":"","sticky":false,"template":"","format":"standard","meta":{"footnotes":""},"categories":[1592],"tags":[1111,11,1117,6427,130,7064,7063,1777,674,638,1011,27,662,1116,342,639,12,626,2551,1118,25,137,2528],"class_list":{"0":"post-17489","1":"post","2":"type-post","3":"status-publish","4":"format-standard","5":"has-post-thumbnail","7":"category-ile-de-france","8":"tag-actu","9":"tag-actualites","10":"tag-assurance","11":"tag-bison-fute","12":"tag-consommation","13":"tag-consommer","14":"tag-embouteillages","15":"tag-eu","16":"tag-europe","17":"tag-figaro","18":"tag-fr","19":"tag-france","20":"tag-ile-de-france","21":"tag-immobilier","22":"tag-impots","23":"tag-le-figaro","24":"tag-news","25":"tag-paris","26":"tag-patrimoine","27":"tag-placement","28":"tag-republique-francaise","29":"tag-retraite","30":"tag-vacances"},"share_on_mastodon":{"url":"https:\/\/pubeurope.com\/@fr\/114319786286696595","error":""},"_links":{"self":[{"href":"https:\/\/www.europesays.com\/fr\/wp-json\/wp\/v2\/posts\/17489","targetHints":{"allow":["GET"]}}],"collection":[{"href":"https:\/\/www.europesays.com\/fr\/wp-json\/wp\/v2\/posts"}],"about":[{"href":"https:\/\/www.europesays.com\/fr\/wp-json\/wp\/v2\/types\/post"}],"author":[{"embeddable":true,"href":"https:\/\/www.europesays.com\/fr\/wp-json\/wp\/v2\/users\/2"}],"replies":[{"embeddable":true,"href":"https:\/\/www.europesays.com\/fr\/wp-json\/wp\/v2\/comments?post=17489"}],"version-history":[{"count":0,"href":"https:\/\/www.europesays.com\/fr\/wp-json\/wp\/v2\/posts\/17489\/revisions"}],"wp:featuredmedia":[{"embeddable":true,"href":"https:\/\/www.europesays.com\/fr\/wp-json\/wp\/v2\/media\/17490"}],"wp:attachment":[{"href":"https:\/\/www.europesays.com\/fr\/wp-json\/wp\/v2\/media?parent=17489"}],"wp:term":[{"taxonomy":"category","embeddable":true,"href":"https:\/\/www.europesays.com\/fr\/wp-json\/wp\/v2\/categories?post=17489"},{"taxonomy":"post_tag","embeddable":true,"href":"https:\/\/www.europesays.com\/fr\/wp-json\/wp\/v2\/tags?post=17489"}],"curies":[{"name":"wp","href":"https:\/\/api.w.org\/{rel}","templated":true}]}}