{"id":174900,"date":"2025-06-14T03:13:17","date_gmt":"2025-06-14T03:13:17","guid":{"rendered":"https:\/\/www.europesays.com\/fr\/174900\/"},"modified":"2025-06-14T03:13:17","modified_gmt":"2025-06-14T03:13:17","slug":"video-on-peut-soigner-autant-un-lapin-quun-perroquet-je-teste-le-metier-de","status":"publish","type":"post","link":"https:\/\/www.europesays.com\/fr\/174900\/","title":{"rendered":"VID\u00c9O. \u00ab\u00a0On peut soigner autant un lapin qu\u2019un perroquet\u00a0!\u00a0\u00bb Je teste le m\u00e9tier de"},"content":{"rendered":"<p>Camille Lapous est v\u00e9t\u00e9rinaire chez <a href=\"https:\/\/rennes.maville.com\/actu\/actudet_-a-rennes-la-premiere-clinique-de-bretagne-dediee-aux-nouveaux-animaux-de-compagnie-_7-5725631_actu.Htm\" target=\"_self\" rel=\"noopener\">RefNac<\/a>, \u00e0 Rennes depuis septembre. Ce choix des nouveaux animaux de compagnie, elle l\u2019a fait pour la diversit\u00e9 des cas qu\u2019on rencontre\u00a0: <strong>\u00ab\u00a0chaque jour, on peut soigner autant un lapin, qu\u2019une tortue ou un perroquet\u00a0!\u00a0\u00bb<\/strong> La jeune femme confie qu\u2019elle a une petite pr\u00e9f\u00e9rence pour les lapins.<\/p>\n<p>Premi\u00e8res visites le matin<\/p>\n<p>La journ\u00e9e de Camille commence par les visites de ses petits \u00ab\u00a0patients\u00a0\u00bb hospitalis\u00e9s. Pour la plupart le jour de ma venue, ce sont des lapines qui ont \u00e9t\u00e9 st\u00e9rilis\u00e9es la veille et qui doivent sortir le jour m\u00eame.<strong> \u00ab\u00a0On commence la visite en gavant chaque lapin, apr\u00e8s une op\u00e9ration \u00e7a nous permet d\u2019\u00eatre s\u00fbrs qu\u2019ils sont bien nourris\u00a0\u00bb<\/strong> m\u2019explique Camille. Je m\u2019essaye au gavage, et rien \u00e0 voir avec l\u2019image que l\u2019on pourrait en avoir. Le lapin est envelopp\u00e9 dans une serviette pour le tranquilliser, et je lui glisse la pipette dans la bouche. Petit \u00e0 petit, il ing\u00e8re lui-m\u00eame le m\u00e9lange qu\u2019on lui propose.<\/p>\n<p>\t<img decoding=\"async\" src=\"https:\/\/www.europesays.com\/fr\/wp-content\/uploads\/2025\/06\/P35288701D6852423G_px_640_.jpg\" alt=\"photo les lapins sont gav\u00e9s en sortie d\u2019op\u00e9ration pour s\u2019assurer qu\u2019ils sont bien nourris apr\u00e8s l\u2019op\u00e9ration.  \u00a9  ouest-france\" width=\"640\" title=\" Les lapins sont gav\u00e9s en sortie d\u2019op\u00e9ration pour s\u2019assurer qu\u2019ils sont bien nourris apr\u00e8s l\u2019op\u00e9ration.   Ouest-France \"\/><\/p>\n<p class=\"elmt-legende\"> Les lapins sont gav\u00e9s en sortie d\u2019op\u00e9ration pour s\u2019assurer qu\u2019ils sont bien nourris apr\u00e8s l\u2019op\u00e9ration.   Ouest-France <\/p>\n<p><strong>\u00ab\u00a0Apr\u00e8s les avoir nourris, je leur fais leurs injections<\/strong> \u00ab, continue Camille, habitu\u00e9e, une piq\u00fbre \u00e0 la main. Les cages des petits pensionnaires sont ensuite nettoy\u00e9es, les gamelles remplies, la journ\u00e9e peut commencer\u00a0!<\/p>\n<p><strong>Lire aussi\u00a0: <\/strong> <a href=\"https:\/\/rennes.maville.com\/actu\/actudet_-a-rennes-la-premiere-clinique-de-bretagne-dediee-aux-nouveaux-animaux-de-compagnie-_7-5725631_actu.Htm\" target=\"_self\" rel=\"noopener\">\u00c0 Rennes, la premi\u00e8re clinique de Bretagne d\u00e9di\u00e9e aux nouveaux animaux de compagnie<\/a><\/p>\n<p>Une quinzaine de consultations par jour<\/p>\n<p>Place aux premi\u00e8res consultations. <strong>\u00ab\u00a0On en fait environ une quinzaine par jour\u00a0\u00bb<\/strong> d\u00e9taille Camille. Son premier client de la journ\u00e9e, c\u2019est Carapuce, une petite tortue qui vient pour \u00eatre \u00ab\u00a0identifi\u00e9e\u00a0\u00bb. <strong>\u00ab\u00a0Identifier un animal, c\u2019est lui poser une puce. Si elle \u00e9chappe \u00e0 son propri\u00e9taire et qu\u2019elle est retrouv\u00e9e par quelqu\u2019un, il pourra ainsi la r\u00e9cup\u00e9rer\u00a0\u00bb<\/strong> m\u2019explique la v\u00e9t\u00e9rinaire. Carapuce puc\u00e9e, Camille re\u00e7oit plusieurs lapins, une autre tortue et m\u00eame un perroquet qui \u00ab\u00a0vomit beaucoup\u00a0\u00bb, d\u00e9taille son propri\u00e9taire.<\/p>\n<p>Les consultations pass\u00e9es, Camille doit maintenant passer en chirurgie\u00a0: elle doit st\u00e9riliser Ysia, une lapine arriv\u00e9e le matin m\u00eame.<\/p>\n<p>\t<img decoding=\"async\" src=\"https:\/\/www.europesays.com\/fr\/wp-content\/uploads\/2025\/06\/P35288702D6852423G_px_640_.jpg\" alt=\"photo la tortue carapuce vient pour \u00eatre puc\u00e9e.  \u00a9  ouest-france\" width=\"640\" title=\" La tortue Carapuce vient pour \u00eatre puc\u00e9e.   Ouest-France \"\/><\/p>\n<p class=\"elmt-legende\"> La tortue Carapuce vient pour \u00eatre puc\u00e9e.   Ouest-France <\/p>\n<p>Chirurgie d\u2019une lapine<\/p>\n<p>Mat\u00e9o est auxiliaire sp\u00e9cialis\u00e9 v\u00e9t\u00e9rinaire. C\u2019est lui qui s\u2019occupe de la pr\u00e9paration \u00e0 l\u2019op\u00e9ration de la lapine. Il la tond, je lui coupe les griffes et il aide Camille \u00e0 l\u2019intuber. Ysia est d\u00e9sormais sur la table d\u2019op\u00e9ration, en une heure, Camille la st\u00e9rilise. <strong>\u201cC\u2019est mieux, pour les lapines\u00a0: si ce n\u2019est pas fait, elles d\u00e9veloppent souvent des cancers.\u201d<\/strong> m\u2019explique la v\u00e9t\u00e9rinaire.<\/p>\n<p>\t<img decoding=\"async\" src=\"https:\/\/www.europesays.com\/fr\/wp-content\/uploads\/2025\/06\/P35288703D6852423G_px_640_.jpg\" alt=\"photo la chirurgie de st\u00e9rilisation de lapine dure une heure.  \u00a9  ouest-france\" width=\"640\" title=\" La chirurgie de st\u00e9rilisation de lapine dure une heure.   Ouest-France \"\/><\/p>\n<p class=\"elmt-legende\"> La chirurgie de st\u00e9rilisation de lapine dure une heure.   Ouest-France <\/p>\n<p>Si Camille avait un conseil \u00e0 donner \u00e0 ceux qui voudraient devenir v\u00e9t\u00e9rinaires, ce serait d\u2019y croire, de s\u2019accrocher et de se donner les moyens. C\u2019est tout \u00e0 fait faisable et c\u2019est un chouette m\u00e9tier, avec beaucoup plus de d\u00e9bouch\u00e9s que ce que l\u2019on imagine\u201d confie la jeune femme, qui garde un excellent souvenir de l\u2019obtention de son dipl\u00f4me, \u00e0 24\u00a0ans.<\/p>\n<p>Pour d\u00e9couvrir nos prochains reportages, n\u2019h\u00e9sitez pas \u00e0 vous abonner \u00e0 <a href=\"https:\/\/www.youtube.com\/@Koloklachaine\" target=\"_self\" rel=\"noopener\">notre cha\u00eene Kolok<\/a>\u00a0!<\/p>\n<p>\u00a0<\/p>\n","protected":false},"excerpt":{"rendered":"Camille Lapous est v\u00e9t\u00e9rinaire chez RefNac, \u00e0 Rennes depuis septembre. Ce choix des nouveaux animaux de compagnie, elle&hellip;\n","protected":false},"author":2,"featured_media":174901,"comment_status":"","ping_status":"","sticky":false,"template":"","format":"standard","meta":{"footnotes":""},"categories":[2821],"tags":[1111,11,829,1777,674,1011,27,18516,12244,12,31012,9576,584,25,8062,4104,20463,133],"class_list":{"0":"post-174900","1":"post","2":"type-post","3":"status-publish","4":"format-standard","5":"has-post-thumbnail","7":"category-rennes","8":"tag-actu","9":"tag-actualites","10":"tag-bretagne","11":"tag-eu","12":"tag-europe","13":"tag-fr","14":"tag-france","15":"tag-lapin","16":"tag-metier","17":"tag-news","18":"tag-perroquet","19":"tag-qu","20":"tag-rennes","21":"tag-republique-francaise","22":"tag-soigner","23":"tag-teste","24":"tag-veterinaire","25":"tag-video"},"share_on_mastodon":{"url":"https:\/\/pubeurope.com\/@fr\/114679539763981777","error":""},"_links":{"self":[{"href":"https:\/\/www.europesays.com\/fr\/wp-json\/wp\/v2\/posts\/174900","targetHints":{"allow":["GET"]}}],"collection":[{"href":"https:\/\/www.europesays.com\/fr\/wp-json\/wp\/v2\/posts"}],"about":[{"href":"https:\/\/www.europesays.com\/fr\/wp-json\/wp\/v2\/types\/post"}],"author":[{"embeddable":true,"href":"https:\/\/www.europesays.com\/fr\/wp-json\/wp\/v2\/users\/2"}],"replies":[{"embeddable":true,"href":"https:\/\/www.europesays.com\/fr\/wp-json\/wp\/v2\/comments?post=174900"}],"version-history":[{"count":0,"href":"https:\/\/www.europesays.com\/fr\/wp-json\/wp\/v2\/posts\/174900\/revisions"}],"wp:featuredmedia":[{"embeddable":true,"href":"https:\/\/www.europesays.com\/fr\/wp-json\/wp\/v2\/media\/174901"}],"wp:attachment":[{"href":"https:\/\/www.europesays.com\/fr\/wp-json\/wp\/v2\/media?parent=174900"}],"wp:term":[{"taxonomy":"category","embeddable":true,"href":"https:\/\/www.europesays.com\/fr\/wp-json\/wp\/v2\/categories?post=174900"},{"taxonomy":"post_tag","embeddable":true,"href":"https:\/\/www.europesays.com\/fr\/wp-json\/wp\/v2\/tags?post=174900"}],"curies":[{"name":"wp","href":"https:\/\/api.w.org\/{rel}","templated":true}]}}