{"id":174906,"date":"2025-06-14T03:16:23","date_gmt":"2025-06-14T03:16:23","guid":{"rendered":"https:\/\/www.europesays.com\/fr\/174906\/"},"modified":"2025-06-14T03:16:23","modified_gmt":"2025-06-14T03:16:23","slug":"suivi-par-lac-milan-guela-doue-devrait-rester-au-racing-alsasports","status":"publish","type":"post","link":"https:\/\/www.europesays.com\/fr\/174906\/","title":{"rendered":"Suivi par l&rsquo;AC Milan, Gu\u00e9la Dou\u00e9 devrait rester au Racing \u2014 Alsa&rsquo;Sports"},"content":{"rendered":"<p><strong>Annonc\u00e9 sur les tablettes de l\u2019AC Milan en Italie depuis 24h, le lat\u00e9ral du Racing Gu\u00e9la Dou\u00e9 devrait rester en Alsace. <\/strong><\/p>\n<p>C\u2019est une rumeur comme il en existera chaque jour durant ce mercato d\u2019\u00e9t\u00e9, terrain de jeu pr\u00e9f\u00e9r\u00e9 du triangle clubs \u2013 joueurs \u2013 agents pour satisfaire leurs int\u00e9r\u00eats et faire monter l\u2019ench\u00e8re. Ces derni\u00e8res heures, La Gazzetta dello Sport en Italie a d\u00e9voil\u00e9 un \u00e9ventuel attrait de l\u2019AC Milan pour Gu\u00e9la Dou\u00e9. Le club italien appr\u00e9cierait le profil du joueur et cherche \u00e0 se reconstruire dans ce secteur d\u00e9fensif puisque Kyle Walker et Emerson Royal ne sont pas destin\u00e9s \u00e0 rester. <\/p>\n<p>Mais selon nos informations, Gu\u00e9la Dou\u00e9 restera au Racing et fait partie des cadres que le club strasbourgeois souhaite garder \u00e0 minima pour une saison suppl\u00e9mentaire, \u00e0 la mani\u00e8re d\u2019un Emanuel Emegha ou d\u2019un S\u00e9bastian Nanasi. Strasbourg compte sur le lat\u00e9ral franco-ivoirien et un d\u00e9part cet \u00e9t\u00e9 n\u2019est pas envisag\u00e9. Aucun club n\u2019est \u00e0 l\u2019abri de recevoir une offre cons\u00e9quente impossible \u00e0 refuser, mais la priorit\u00e9 du Racing est bien de garder Gu\u00e9la Dou\u00e9 dans ses rangs. <\/p>\n<p>Recrut\u00e9 pour 6 millions d\u2019euros l\u2019\u00e9t\u00e9 dernier \u00e0 Rennes, Gu\u00e9la Dou\u00e9 est sous contrat avec Strasbourg jusqu\u2019en juin 2029. Il a disput\u00e9 cette saison 32 rencontres de Ligue 1, pour un but et deux passes d\u00e9cisives. <\/p>\n","protected":false},"excerpt":{"rendered":"Annonc\u00e9 sur les tablettes de l\u2019AC Milan en Italie depuis 24h, le lat\u00e9ral du Racing Gu\u00e9la Dou\u00e9 devrait&hellip;\n","protected":false},"author":2,"featured_media":174907,"comment_status":"","ping_status":"","sticky":false,"template":"","format":"standard","meta":{"footnotes":""},"categories":[2820],"tags":[1111,11,1777,674,63,1011,27,775,31014,66,1434,12,4448,25,640],"class_list":{"0":"post-174906","1":"post","2":"type-post","3":"status-publish","4":"format-standard","5":"has-post-thumbnail","7":"category-strasbourg","8":"tag-actu","9":"tag-actualites","10":"tag-eu","11":"tag-europe","12":"tag-football","13":"tag-fr","14":"tag-france","15":"tag-grand-est","16":"tag-guela-doue","17":"tag-ligue-1","18":"tag-mercato","19":"tag-news","20":"tag-rc-strasbourg","21":"tag-republique-francaise","22":"tag-strasbourg"},"share_on_mastodon":{"url":"https:\/\/pubeurope.com\/@fr\/114679551274742133","error":""},"_links":{"self":[{"href":"https:\/\/www.europesays.com\/fr\/wp-json\/wp\/v2\/posts\/174906","targetHints":{"allow":["GET"]}}],"collection":[{"href":"https:\/\/www.europesays.com\/fr\/wp-json\/wp\/v2\/posts"}],"about":[{"href":"https:\/\/www.europesays.com\/fr\/wp-json\/wp\/v2\/types\/post"}],"author":[{"embeddable":true,"href":"https:\/\/www.europesays.com\/fr\/wp-json\/wp\/v2\/users\/2"}],"replies":[{"embeddable":true,"href":"https:\/\/www.europesays.com\/fr\/wp-json\/wp\/v2\/comments?post=174906"}],"version-history":[{"count":0,"href":"https:\/\/www.europesays.com\/fr\/wp-json\/wp\/v2\/posts\/174906\/revisions"}],"wp:featuredmedia":[{"embeddable":true,"href":"https:\/\/www.europesays.com\/fr\/wp-json\/wp\/v2\/media\/174907"}],"wp:attachment":[{"href":"https:\/\/www.europesays.com\/fr\/wp-json\/wp\/v2\/media?parent=174906"}],"wp:term":[{"taxonomy":"category","embeddable":true,"href":"https:\/\/www.europesays.com\/fr\/wp-json\/wp\/v2\/categories?post=174906"},{"taxonomy":"post_tag","embeddable":true,"href":"https:\/\/www.europesays.com\/fr\/wp-json\/wp\/v2\/tags?post=174906"}],"curies":[{"name":"wp","href":"https:\/\/api.w.org\/{rel}","templated":true}]}}