{"id":174912,"date":"2025-06-14T03:19:22","date_gmt":"2025-06-14T03:19:22","guid":{"rendered":"https:\/\/www.europesays.com\/fr\/174912\/"},"modified":"2025-06-14T03:19:22","modified_gmt":"2025-06-14T03:19:22","slug":"a-nantes-la-transformation-du-quartier-populaire-se-decouvre-en-petit-train","status":"publish","type":"post","link":"https:\/\/www.europesays.com\/fr\/174912\/","title":{"rendered":"\u00c0 Nantes, la transformation du quartier populaire se d\u00e9couvre en petit train"},"content":{"rendered":"<p>La F\u00eate de printemps des Dervalli\u00e8res se d\u00e9roule ce samedi 14\u00a0juin 2025 \u00e0 Nantes. L\u2019\u00e9v\u00e8nement est organis\u00e9 \u00e0 la maison de quartier, rue Auguste-Renoir, \u00e0 partir de 14\u00a0h. Autour d\u2019animations et d\u2019ateliers conviviaux, le rendez-vous est aussi l\u2019occasion de d\u00e9couvrir les premi\u00e8res concr\u00e9tisations du projet de renouvellement urbain et paysager du quartier.<\/p>\n<p>Des visites au sein du quartier<\/p>\n<p>Des visites en petit train sont propos\u00e9es de 16\u00a0h \u00e0 18\u00a0h, au d\u00e9part des vestiges du ch\u00e2teau des Dervalli\u00e8res, avec comme \u00e9tapes principales\u00a0: <a href=\"https:\/\/nantes.maville.com\/actu\/actudet_-des-paniers-bio-pour-les-familles-du-quartier-les-dervallieres-renouent-avec-leur-passe-agricole-_8-6798692_actu.Htm\" target=\"_blank\" rel=\"noopener\">la ferme urbaine dont les premi\u00e8res parcelles viennent d\u2019\u00eatre am\u00e9nag\u00e9es<\/a>, <a href=\"https:\/\/www.ouest-france.fr\/culture\/patrimoine\/le-pigeon-voyageur-un-lieu-nantais-reinvente-77fe4fea-1689-11ef-a1e9-6dc8255d0288#:~:text=L&#039;un%2520des%2520derniers%2520vestiges,ce%2520mardi%252021%2520mai%25202024.\" target=\"_blank\" rel=\"noopener\">le pigeonnier qui faisait partie des Lieux \u00e0 r\u00e9inventer<\/a>, <a href=\"https:\/\/nantes.maville.com\/actu\/actudet_-sept-ans-apres-les-emeutes-un-nouveau-souffle-au-coeur-des-dervallieres-a-nantes-_8-6789469_actu.Htm\" target=\"_blank\" rel=\"noopener\">la place des Dervalli\u00e8res en cours de transformation<\/a>, <a href=\"https:\/\/nantes.maville.com\/actu\/actudet_-renouvellement-urbain-des-dervallieres-ni-espaces-publics-ni-logements-au-rabais-_8-6801256_actu.Htm\" target=\"_blank\" rel=\"noopener\">le secteur Lorrain-de la Tour dont les barres d\u2019immeubles ont \u00e9t\u00e9 reconfigur\u00e9es<\/a>, le jardin fruitier et sa mare am\u00e9nag\u00e9s dans le parc des Dervalli\u00e8res.<\/p>\n<p>Le chantier de la piscine s\u2019ouvre au public<\/p>\n<p>Toujours dans le cadre de cette F\u00eate du printemps, des visites du <a href=\"https:\/\/nantes.maville.com\/info\/info-locale\/video-une-nouvelle-piscine-a-nantes-cap-sur-l-ete-2026-d7df5e64-1e99-3d40-a7e7-bc1f445e5569\" target=\"_blank\" rel=\"noopener\">chantier d\u2019extension de la piscine des Dervalli\u00e8res<\/a> sont \u00e9galement organis\u00e9es, samedi, de 14\u00a0h \u00e0 16\u00a0h. Rendez-vous rue Renoir pour des d\u00e9parts \u00e9chelonn\u00e9s.<\/p>\n<p>\t<img decoding=\"async\" src=\"https:\/\/www.europesays.com\/fr\/wp-content\/uploads\/2025\/06\/P35288513D6852285G_px_640_.jpg\" alt=\"photo la piscine des dervalli\u00e8res est ferm\u00e9e depuis septembre\u00a02023 pour ses travaux de modernisation et d\u2019extension.  \u00a9  photo presse oc\u00e9an-rc\" width=\"640\" title=\" La piscine des Dervalli\u00e8res est ferm\u00e9e depuis septembre\u00a02023 pour ses travaux de modernisation et d\u2019extension.   Photo Presse Oc\u00e9an-RC \"\/><\/p>\n<p class=\"elmt-legende\"> La piscine des Dervalli\u00e8res est ferm\u00e9e depuis septembre\u00a02023 pour ses travaux de modernisation et d\u2019extension.   Photo Presse Oc\u00e9an-RC <\/p>\n<p>\u00a0<\/p>\n","protected":false},"excerpt":{"rendered":"La F\u00eate de printemps des Dervalli\u00e8res se d\u00e9roule ce samedi 14\u00a0juin 2025 \u00e0 Nantes. L\u2019\u00e9v\u00e8nement est organis\u00e9 \u00e0&hellip;\n","protected":false},"author":2,"featured_media":174913,"comment_status":"","ping_status":"","sticky":false,"template":"","format":"standard","meta":{"footnotes":""},"categories":[2818],"tags":[1111,11,4105,1777,674,1011,27,766,12,2636,15864,11666,5775,25,926,9400],"class_list":{"0":"post-174912","1":"post","2":"type-post","3":"status-publish","4":"format-standard","5":"has-post-thumbnail","7":"category-nantes","8":"tag-actu","9":"tag-actualites","10":"tag-decouvre","11":"tag-eu","12":"tag-europe","13":"tag-fr","14":"tag-france","15":"tag-nantes","16":"tag-news","17":"tag-pays-de-la-loire","18":"tag-petit","19":"tag-populaire","20":"tag-quartier","21":"tag-republique-francaise","22":"tag-train","23":"tag-transformation"},"share_on_mastodon":{"url":"https:\/\/pubeurope.com\/@fr\/114679563103500736","error":""},"_links":{"self":[{"href":"https:\/\/www.europesays.com\/fr\/wp-json\/wp\/v2\/posts\/174912","targetHints":{"allow":["GET"]}}],"collection":[{"href":"https:\/\/www.europesays.com\/fr\/wp-json\/wp\/v2\/posts"}],"about":[{"href":"https:\/\/www.europesays.com\/fr\/wp-json\/wp\/v2\/types\/post"}],"author":[{"embeddable":true,"href":"https:\/\/www.europesays.com\/fr\/wp-json\/wp\/v2\/users\/2"}],"replies":[{"embeddable":true,"href":"https:\/\/www.europesays.com\/fr\/wp-json\/wp\/v2\/comments?post=174912"}],"version-history":[{"count":0,"href":"https:\/\/www.europesays.com\/fr\/wp-json\/wp\/v2\/posts\/174912\/revisions"}],"wp:featuredmedia":[{"embeddable":true,"href":"https:\/\/www.europesays.com\/fr\/wp-json\/wp\/v2\/media\/174913"}],"wp:attachment":[{"href":"https:\/\/www.europesays.com\/fr\/wp-json\/wp\/v2\/media?parent=174912"}],"wp:term":[{"taxonomy":"category","embeddable":true,"href":"https:\/\/www.europesays.com\/fr\/wp-json\/wp\/v2\/categories?post=174912"},{"taxonomy":"post_tag","embeddable":true,"href":"https:\/\/www.europesays.com\/fr\/wp-json\/wp\/v2\/tags?post=174912"}],"curies":[{"name":"wp","href":"https:\/\/api.w.org\/{rel}","templated":true}]}}