{"id":174914,"date":"2025-06-14T03:20:19","date_gmt":"2025-06-14T03:20:19","guid":{"rendered":"https:\/\/www.europesays.com\/fr\/174914\/"},"modified":"2025-06-14T03:20:19","modified_gmt":"2025-06-14T03:20:19","slug":"nantes-le-petit-poucet-devenu-grand-a-la-conquete-du-final-four","status":"publish","type":"post","link":"https:\/\/www.europesays.com\/fr\/174914\/","title":{"rendered":"Nantes, le petit poucet devenu grand \u00e0 la conqu\u00eate du Final Four"},"content":{"rendered":"<p><strong>Berlin &#8211;\u00a0Nantes<\/strong><\/p>\n<p>Le Handball Club de Nantes retrouve, samedi 14\u00a0juin 2025 contre Berlin, le parfum de Cologne et du Final Four de la Ligue des champions pour la troisi\u00e8me fois de son Histoire, la derni\u00e8re remontant \u00e0 2021.<\/p>\n<p>Il demeure ce Petit Poucet du dernier carr\u00e9 au milieu des Berlinois, vainqueurs de la Ligue europ\u00e9enne (C2) en 2023, tout juste sacr\u00e9s champions d\u2019Allemagne et emmen\u00e9s par le meilleur joueur du monde (le Danois Mathias Gidsel), et surtout du FC Barcelone (12 C1, un record) et de Magdebourg (4). Deux formations qui ont mis la main sur les quatre derni\u00e8res \u00e9ditions et croiseront le fer dans l\u2019autre demi-finale.<\/p>\n<p>Mais le \u00ab\u00a0H\u00a0\u00bb a ravi \u00e0 Montpellier le r\u00f4le de dauphin en France des Parisiens, un nouveau statut que montre sa deuxi\u00e8me place en championnat d\u00e9croch\u00e9e pour la deuxi\u00e8me ann\u00e9e de suite et son budget. Celui-ci a quasiment doubl\u00e9 depuis 2018 (10,5\u00a0millions d\u2019euros pr\u00e9vus la saison prochaine contre 6\u00a0millions d\u2019euros), gr\u00e2ce notamment aux revenus g\u00e9n\u00e9r\u00e9s par la H Arena dont le club est gestionnaire.<\/p>\n<p>Sur les bords du Rhin, Nantes pourra une fois de plus compter sur ses supporteurs tout de violet v\u00eatus\u00a0: le quota de 700 places allou\u00e9 a \u00e9t\u00e9 \u00e9coul\u00e9 \u00ab\u00a0en trois minutes\u00a0\u00bb, selon le pr\u00e9sident Ga\u00ebl Pelletier.\u00a0Ils seront au moins 3.000 de plus \u00e0 la H Arena \u00e0 pousser derri\u00e8re Thibaud Briet, Aymeric Minne ou le capitaine Valero Rivera, pour qu\u2019ils prolongent au moins jusqu\u2019en finale la 13e\u00a0campagne continentale du club.<\/p>\n<p>\u00ab\u00a0On monte en pression depuis des ann\u00e9es\u00a0\u00bb<\/p>\n<p>Syst\u00e9matiquement pr\u00e9sent en coupes d\u2019Europe depuis 2011, le \u00ab\u00a0H\u00a0\u00bb est parvenu cette saison \u00e0 sortir en troisi\u00e8me position d\u2019une poule extr\u00eamement relev\u00e9e (Bar\u00e7a, Magdebourg, Aalborg, Kielce, Szeged\u2026) et \u00e0 \u00e9liminer en quarts de finale le Sporting, qui n\u2019avait plus perdu \u00e0 domicile depuis plus de deux ans (28-27, 32-30 au retour \u00e0 Lisbonne).<\/p>\n<p>\u00ab\u00a0On monte en pression depuis des ann\u00e9es, on est r\u00e9gulier dans la performance, on est un club connu et reconnu sur la sc\u00e8ne internationale, qui a prouv\u00e9 qu\u2019il faisait partie des grands clubs d\u2019Europe\u00a0\u00bb a soulign\u00e9, vendredi, l\u2019entra\u00eeneur Gr\u00e9gory Cojean.<\/p>\n<p>Il ne voit cependant pas dans ce nouveau Final Four un \u00ab\u00a0aboutissement\u00a0\u00bb pour un club qui a toujours remport\u00e9 au moins un titre par saison depuis 10\u00a0ans, si l\u2019on retranche les deux exercices tronqu\u00e9s par la pand\u00e9mie de Covid-19 (2019-2020 et 2020-2021).<\/p>\n<p>Mais qui, toujours plac\u00e9 et jamais gagnant en championnat, attend de soulever le troph\u00e9e majeur (trois Coupes de France et deux Coupes de la Ligue au palmar\u00e8s) qui le ferait basculer dans une autre dimension.<\/p>\n<p>&gt;\u00a0Demi-finales, samedi 14\u00a0juin\u00a0: Berlin-Nantes \u00e0 15\u00a0h\u00a0; Barcelone &#8211;\u00a0Magdebourg, \u00e0 18\u00a0h.<br \/>&gt;\u00a0Finales, dimanche 15\u00a0juin\u00a0: pour la 3e\u00a0place \u00e0 15\u00a0h\u00a0; pour le titre \u00e0 18h.<\/p>\n","protected":false},"excerpt":{"rendered":"Berlin &#8211;\u00a0Nantes Le Handball Club de Nantes retrouve, samedi 14\u00a0juin 2025 contre Berlin, le parfum de Cologne et&hellip;\n","protected":false},"author":2,"featured_media":174915,"comment_status":"","ping_status":"","sticky":false,"template":"","format":"standard","meta":{"footnotes":""},"categories":[2818],"tags":[1111,11,1777,674,1011,27,1792,31015,74,766,12,2636,25,60],"class_list":{"0":"post-174914","1":"post","2":"type-post","3":"status-publish","4":"format-standard","5":"has-post-thumbnail","7":"category-nantes","8":"tag-actu","9":"tag-actualites","10":"tag-eu","11":"tag-europe","12":"tag-fr","13":"tag-france","14":"tag-handball","15":"tag-ligue-des-champions-handball","16":"tag-monde","17":"tag-nantes","18":"tag-news","19":"tag-pays-de-la-loire","20":"tag-republique-francaise","21":"tag-sports"},"share_on_mastodon":{"url":"https:\/\/pubeurope.com\/@fr\/114679567022171991","error":""},"_links":{"self":[{"href":"https:\/\/www.europesays.com\/fr\/wp-json\/wp\/v2\/posts\/174914","targetHints":{"allow":["GET"]}}],"collection":[{"href":"https:\/\/www.europesays.com\/fr\/wp-json\/wp\/v2\/posts"}],"about":[{"href":"https:\/\/www.europesays.com\/fr\/wp-json\/wp\/v2\/types\/post"}],"author":[{"embeddable":true,"href":"https:\/\/www.europesays.com\/fr\/wp-json\/wp\/v2\/users\/2"}],"replies":[{"embeddable":true,"href":"https:\/\/www.europesays.com\/fr\/wp-json\/wp\/v2\/comments?post=174914"}],"version-history":[{"count":0,"href":"https:\/\/www.europesays.com\/fr\/wp-json\/wp\/v2\/posts\/174914\/revisions"}],"wp:featuredmedia":[{"embeddable":true,"href":"https:\/\/www.europesays.com\/fr\/wp-json\/wp\/v2\/media\/174915"}],"wp:attachment":[{"href":"https:\/\/www.europesays.com\/fr\/wp-json\/wp\/v2\/media?parent=174914"}],"wp:term":[{"taxonomy":"category","embeddable":true,"href":"https:\/\/www.europesays.com\/fr\/wp-json\/wp\/v2\/categories?post=174914"},{"taxonomy":"post_tag","embeddable":true,"href":"https:\/\/www.europesays.com\/fr\/wp-json\/wp\/v2\/tags?post=174914"}],"curies":[{"name":"wp","href":"https:\/\/api.w.org\/{rel}","templated":true}]}}