{"id":174922,"date":"2025-06-14T03:24:09","date_gmt":"2025-06-14T03:24:09","guid":{"rendered":"https:\/\/www.europesays.com\/fr\/174922\/"},"modified":"2025-06-14T03:24:09","modified_gmt":"2025-06-14T03:24:09","slug":"meteo-france-alerte-encore-sur-des-orages-possibles-dans-le-secteur-de-la-vallee-de-la-garonne-samedi","status":"publish","type":"post","link":"https:\/\/www.europesays.com\/fr\/174922\/","title":{"rendered":"M\u00e9t\u00e9o France alerte encore sur des orages possibles dans le secteur de la vall\u00e9e de la Garonne samedi"},"content":{"rendered":"<p>            Par<br \/>\n        <strong><br \/>\n            <a href=\"https:\/\/actu.fr\/auteur\/david-saint-sernin\" title=\"Consulter tous les articles de David Saint-Sernin\" target=\"_blank\" rel=\"noopener\">David Saint-Sernin<\/a><br \/>\n        <\/strong><\/p>\n<p>        Publi\u00e9 le<\/p>\n<p>            14 juin 2025 \u00e0 5h06        <\/p>\n<p>Apr\u00e8s la soir\u00e9e de ce vendredi\u00a013 qui a \u00e9t\u00e9 \u00e9lectrique en Haute-Garonne ce qui a conduit \u00e0 <a href=\"https:\/\/actu.fr\/occitanie\/toulouse_31555\/toulouse-alerte-orange-aux-orages-la-soiree-du-festival-rio-loco-sera-t-elle-maintenue_62768401.html\" target=\"_blank\" rel=\"noopener\">l\u2019annulation de la soir\u00e9e du festival Rio Loco,<\/a> quel va \u00eatre la m\u00e9t\u00e9o<strong> \u00e0 Toulouse<\/strong> et en Occitanie. Voici les pr\u00e9visions et les cartes de M\u00e9t\u00e9o France.<\/p>\n<p>Les pr\u00e9visions<\/p>\n<p class=\" wall-content\">Selon M\u00e9t\u00e9o France, il y aura \u00ab\u2009encore des orages samedi du sud-ouest au nord-est. Les orages se formeront de la vall\u00e9e de la Garonne jusqu\u2019aux fronti\u00e8res belges, avec un risque plus marqu\u00e9 sur le Massif central. Ils pourraient localement donner de la gr\u00eale\u2009\u00bb.<\/p>\n<p class=\" wall-content\">Dimanche, le temps redeviendra calme et sec par l\u2019ouest, mais des averses orageuses continuent de concerner le pays, essentiellement du Massif central au Nord-est. Ils s\u2019\u00e9vacuent progressivement vers l\u2019est du pays.<\/p>\n<p>Les cartes m\u00e9t\u00e9o du week-end<\/p>\n<p class=\" wall-content\">Suivez toute l\u2019actualit\u00e9 de vos villes et m\u00e9dias favoris en vous inscrivant \u00e0 <a href=\"https:\/\/moncompte.actu.fr\" title=\"D\u00e9couvez Mon Actu\" rel=\"nofollow noopener\" data-trk=\"{&quot;cta&quot;:{&quot;action&quot;:&quot;https:\\\/\\\/moncompte.actu.fr&quot;,&quot;category&quot;:&quot;mon compte&quot;,&quot;from&quot;:&quot;article footer&quot;,&quot;name&quot;:&quot;Mon actu&quot;,&quot;type&quot;:&quot;cta&quot;}}\" target=\"_blank\">Mon Actu<\/a>.<\/p>\n","protected":false},"excerpt":{"rendered":"Par David Saint-Sernin Publi\u00e9 le 14 juin 2025 \u00e0 5h06 Apr\u00e8s la soir\u00e9e de ce vendredi\u00a013 qui a&hellip;\n","protected":false},"author":2,"featured_media":174923,"comment_status":"","ping_status":"","sticky":false,"template":"","format":"standard","meta":{"footnotes":""},"categories":[2816],"tags":[1111,11,1777,674,1011,27,2487,2357,12,2680,4594,25,2312],"class_list":{"0":"post-174922","1":"post","2":"type-post","3":"status-publish","4":"format-standard","5":"has-post-thumbnail","7":"category-toulouse","8":"tag-actu","9":"tag-actualites","10":"tag-eu","11":"tag-europe","12":"tag-fr","13":"tag-france","14":"tag-meteo","15":"tag-meteo-france","16":"tag-news","17":"tag-occitanie","18":"tag-orages","19":"tag-republique-francaise","20":"tag-toulouse"},"share_on_mastodon":{"url":"https:\/\/pubeurope.com\/@fr\/114679582766563665","error":""},"_links":{"self":[{"href":"https:\/\/www.europesays.com\/fr\/wp-json\/wp\/v2\/posts\/174922","targetHints":{"allow":["GET"]}}],"collection":[{"href":"https:\/\/www.europesays.com\/fr\/wp-json\/wp\/v2\/posts"}],"about":[{"href":"https:\/\/www.europesays.com\/fr\/wp-json\/wp\/v2\/types\/post"}],"author":[{"embeddable":true,"href":"https:\/\/www.europesays.com\/fr\/wp-json\/wp\/v2\/users\/2"}],"replies":[{"embeddable":true,"href":"https:\/\/www.europesays.com\/fr\/wp-json\/wp\/v2\/comments?post=174922"}],"version-history":[{"count":0,"href":"https:\/\/www.europesays.com\/fr\/wp-json\/wp\/v2\/posts\/174922\/revisions"}],"wp:featuredmedia":[{"embeddable":true,"href":"https:\/\/www.europesays.com\/fr\/wp-json\/wp\/v2\/media\/174923"}],"wp:attachment":[{"href":"https:\/\/www.europesays.com\/fr\/wp-json\/wp\/v2\/media?parent=174922"}],"wp:term":[{"taxonomy":"category","embeddable":true,"href":"https:\/\/www.europesays.com\/fr\/wp-json\/wp\/v2\/categories?post=174922"},{"taxonomy":"post_tag","embeddable":true,"href":"https:\/\/www.europesays.com\/fr\/wp-json\/wp\/v2\/tags?post=174922"}],"curies":[{"name":"wp","href":"https:\/\/api.w.org\/{rel}","templated":true}]}}