{"id":174926,"date":"2025-06-14T03:28:14","date_gmt":"2025-06-14T03:28:14","guid":{"rendered":"https:\/\/www.europesays.com\/fr\/174926\/"},"modified":"2025-06-14T03:28:14","modified_gmt":"2025-06-14T03:28:14","slug":"la-nouvelle-place-castellane-fait-presque-lunanimite","status":"publish","type":"post","link":"https:\/\/www.europesays.com\/fr\/174926\/","title":{"rendered":"la nouvelle place Castellane fait (presque) l&rsquo;unanimit\u00e9"},"content":{"rendered":"<p>            Par<br \/>\n        <strong><br \/>\n            <a href=\"https:\/\/actu.fr\/auteur\/thibault-nadal-actu-fr\" title=\"Consulter tous les articles de Thibault Nadal\" rel=\"nofollow noopener\" target=\"_blank\">Thibault Nadal<\/a><br \/>\n        <\/strong><\/p>\n<p>        Publi\u00e9 le<\/p>\n<p>            13 juin 2025 \u00e0 17h59        <\/p>\n<p>On ne sait pas si elle fera bient\u00f4t partie des incontournables du <a href=\"https:\/\/actu.fr\/tag\/tourisme\" rel=\"nofollow noopener\" target=\"_blank\">tourisme<\/a> \u00e0 <a href=\"https:\/\/actu.fr\/marseille\/\" rel=\"nofollow noopener\" target=\"_blank\">Marseille<\/a>, mais \u00e0 en croire ses habitants, cela fait peu de doute, tant ils semblent conquis par sa beaut\u00e9. Robert, retrait\u00e9, fait entorse \u00e0 ses mots, puisqu\u2019il r\u00e9side \u00e0 Carnoux-en-Provence dans les <a href=\"https:\/\/actu.fr\/provence-alpes-cote-d-azur\/bouches-du-rhone_13\" rel=\"nofollow noopener\" target=\"_blank\">Bouches-du-Rh\u00f4ne<\/a>. Mais le retrait\u00e9 rappelle qu\u2019il a habit\u00e9 la cit\u00e9 phoc\u00e9enne durant de longues ann\u00e9es. Revenu pour la journ\u00e9e, ce vendredi 13\u00a0juin, il en a profit\u00e9 pour venir d\u00e9couvrir <a href=\"https:\/\/actu.fr\/provence-alpes-cote-d-azur\/marseille_13055\/marseille-les-images-impressionnantes-de-la-transformation-de-la-place-castellane_62755545.html\" rel=\"nofollow noopener\" target=\"_blank\">la transformation de la place Castellane<\/a>. \u00ab\u2009J\u2019\u00e9tais \u00e0 la pr\u00e9fecture et je suis remont\u00e9 expr\u00e8s pour voir \u00e7a de mes propres yeux\u2009\u00bb. Et il s\u2019est montr\u00e9 dithyrambique\u2009: <strong>\u00ab\u2009Elle a compl\u00e8tement chang\u00e9, elle est magnifique\u2009<\/strong>\u00bb, s\u2019exclame-t-il.<\/p>\n<p class=\" wall-content\">La place sera officiellement inaugur\u00e9e ce samedi 14\u00a0juin 2025 en pr\u00e9sence du maire (DVG) <a href=\"https:\/\/actu.fr\/tag\/benoit-payan\" rel=\"nofollow noopener\" target=\"_blank\">Beno\u00eet Payan<\/a> et de la pr\u00e9sidente (DVD) de la M\u00e9tropole Martine Vassal.<\/p>\n<p>Un endroit fait pour \u00ab\u2009s\u2019a\u00e9rer\u2009\u00bb et respirer<\/p>\n<p class=\" wall-content\">Un moment qui risque d\u2019\u00eatre charg\u00e9 en \u00e9motions, tant la fin de chantier colossale \u00e9tait attendue apr\u00e8s plusieurs ann\u00e9es de <a href=\"https:\/\/actu.fr\/tag\/travaux\" rel=\"nofollow noopener\" target=\"_blank\">travaux<\/a> et <strong>plus de 300\u00a0millions d\u2019euros investis<\/strong>. Au d\u00e9tour d\u2019une balade avec son amie Dominique, Sophie a pos\u00e9 un constat froid sur l\u2019\u00e9volution de la place embl\u00e9matique du 6e arrondissement de Marseille.<\/p>\n<blockquote class=\"ac-article-quote wall-content\">\n<p>Avant, c&rsquo;\u00e9tait moche, sale, bruyant et rempli de voitures. Aujourd&rsquo;hui, c&rsquo;est beaucoup mieux, car c&rsquo;est plus a\u00e9r\u00e9.<\/p>\n<p>    <strong>Sophie<\/strong><br \/>\n        Habitante du quartier Castellane    <\/p><\/blockquote>\n<p class=\" wall-content\">En effet, l\u2019objectif \u00e9tait d\u2019en finir avec le tout-voiture sur cette place. Le rond-point a disparu et une large partie a \u00e9t\u00e9 redonn\u00e9e aux pi\u00e9tons et aux cyclistes qui peuvent y circuler en toute tranquillit\u00e9<strong>. \u00ab\u2009On passe d\u2019une place pollu\u00e9e et d\u00e9sagr\u00e9able \u00e0 un endroit plus calme et a\u00e9r\u00e9\u2009\u00bb<\/strong>, poursuit Dominique.<\/p>\n<p class=\" wall-content\">\u00ab\u2009A\u00e9r\u00e9\u2009\u00bb est le mot qui revient syst\u00e9matiquement chez les personnes interrog\u00e9es par actu Marseille. Aur\u00e9lie, elle, travaille sur le haut de la rue de Rome. Elle est d\u00e9sormais plus que satisfaite de pouvoir profiter de bancs et d\u2019espace pour d\u00e9jeuner le midi. \u00ab\u2009Elle est beaucoup plus belle et vivante\u2009\u00bb, avoue-t-elle.<\/p>\n<p>Le manque de verdure comme seul d\u00e9faut<\/p>\n<p class=\" wall-content\">Pour trouver du n\u00e9gatif, il faut aller chercher dans le duo Dominique et Sophie. Les deux femmes se montrent inqui\u00e8tes face au <strong>manque de fra\u00eecheur<\/strong>, alors qu\u2019un <a href=\"https:\/\/actu.fr\/provence-alpes-cote-d-azur\/marseille_13055\/meteo-a-marseille-et-dans-les-bouches-du-rhone-il-va-faire-jusqu-a-37-c-ce-phenomene-en-action_62750254.html\" rel=\"nofollow noopener\" target=\"_blank\">soleil de plomb plane au-dessus de la place Castellane<\/a>. \u00ab\u2009\u00c7a manque clairement d\u2019arbres, affirment-elles. Une tonnelle pour couvrir l\u2019espace central n\u2019aurait pas \u00e9t\u00e9 de trop.\u2009\u00bb<\/p>\n<p class=\" wall-content\">Pourtant, <strong>une trentaine d\u2019arbres<\/strong> (des micocouliers) ont \u00e9t\u00e9 install\u00e9s pour apporter ce c\u00f4t\u00e9 fra\u00eecheur, renforc\u00e9 par <strong>la remise en eau de la fontaine<\/strong> Cantini en janvier, une premi\u00e8re depuis 2011.<\/p>\n<p class=\" wall-content\">Les deux femmes confient \u00e9galement que cette chaleur sur la place ne les poussera pas \u00e0 prendre place sur le banc de 102\u00a0m\u00e8tres, imagin\u00e9 par Ora \u00cfto. Baptis\u00e9 \u00ab\u2009La Paupi\u00e8re\u2009\u00bb, il avait \u00e9t\u00e9 <a href=\"https:\/\/actu.fr\/provence-alpes-cote-d-azur\/marseille_13055\/marseille-la-place-castellane-degradee-lors-de-la-mobilisation-des-taxis-on-est-tres-en-colere_62675344.html\" rel=\"nofollow noopener\" target=\"_blank\">d\u00e9grad\u00e9 lors de la mobilisation des taxis<\/a>, ce qui avait rendu furieuse Martine Vassal et plusieurs \u00e9lus de la M\u00e9tropole. Encore b\u00e2ch\u00e9 ce vendredi, <strong>il ne devrait plus l\u2019\u00eatre samedi<\/strong>, apprend actu Marseille.<\/p>\n<p class=\" wall-content\">Ce constat du manque de fra\u00eecheur est partag\u00e9 par Gr\u00e9gory, propri\u00e9taire de la brasserie et de la r\u00f4tisserie Castellane. Mais celui qui est install\u00e9 ici depuis 2011 se montre \u00ab\u2009bluff\u00e9 par la vitesse\u2009\u00bb \u00e0 laquelle poussent les micocouliers et se montre optimiste pour le futur.<\/p>\n<p>    <img   decoding=\"async\" loading=\"lazy\" src=\"https:\/\/www.europesays.com\/fr\/wp-content\/uploads\/2025\/06\/whatsapp-image-2025-06-12-at-172309-960x640.jpeg\" alt=\"Des arbres, donnant de la fra\u00eecheur et de la vie, tr\u00f4nent sur la place Castellane.\" width=\"960\" height=\"640\"\/><br \/>\n    Des arbres, donnant de la fra\u00eecheur et de la vie, tr\u00f4nent sur la place Castellane. (\u00a9Fabien Binacchi \/ actu Marseille)\u00ab\u2009J\u2019ai d\u00e9j\u00e0 doubl\u00e9 mon chiffre d\u2019affaires\u2009\u00bb<\/p>\n<p class=\" wall-content\">Car les <a href=\"https:\/\/actu.fr\/tag\/commerce\" rel=\"nofollow noopener\" target=\"_blank\">commer\u00e7ants<\/a> de <a href=\"https:\/\/actu.fr\/tag\/castellane\" rel=\"nofollow noopener\" target=\"_blank\">Castellane<\/a>, dont <a href=\"https:\/\/actu.fr\/provence-alpes-cote-d-azur\/marseille_13055\/marseille-ces-commercants-epuises-par-les-travaux-du-tramway-c-est-un-enfer_62324881.html\" rel=\"nofollow noopener\" target=\"_blank\">certains se plaignaient pendant les travaux<\/a>, sont les autres grands gagnants de cette refonte compl\u00e8te de la place. \u00ab\u2009Elle est m\u00e9tamorphos\u00e9e\u2009\u00bb, ose Gr\u00e9gory qui r\u00e9v\u00e8le que d\u00e9sormais son \u00ab\u2009pire jour (en termes de recettes) est sup\u00e9rieur \u00e0 son meilleur avant les travaux. <strong>J\u2019ai d\u00e9j\u00e0 doubl\u00e9 mon chiffre d\u2019affaires<\/strong>\u2009\u00bb.<\/p>\n<blockquote class=\"ac-article-quote wall-content\">\n<p>\u00c7a nous a compl\u00e8tement chang\u00e9 le commerce. On a d\u00e9sormais une client\u00e8le de touristes et de badauds, alors qu&rsquo;avant, c&rsquo;\u00e9tait seulement des gens de passage. Ce n&rsquo;est plus tout la m\u00eame place.<\/p>\n<p>    <strong>Gr\u00e9gory Mousson<\/strong><br \/>\n        G\u00e9rant de la brasserie et de la r\u00f4tisserie Castellane    <\/p><\/blockquote>\n<p class=\" wall-content\">Cette typologie de nouveaux clients, Robert, g\u00e9rant du Best of l\u2019a remarqu\u00e9 aussi. \u00ab\u2009Aujourd\u2019hui, des gens restent 1h30, ce qui n\u2019arrivait jamais avant\u2009\u00bb. Et pourtant, le restaurateur est install\u00e9 place Castellane depuis 25\u00a0ans.<\/p>\n<p class=\" wall-content\">M\u00eame <a href=\"https:\/\/actu.fr\/provence-alpes-cote-d-azur\/marseille_13055\/marseille-le-tram-roule-place-castellane-mais-sans-usager-voici-ce-qu-il-se-passe_62476380.html\" rel=\"nofollow noopener\" target=\"_blank\">le tramway T3<\/a> qui circule \u00e0 proximit\u00e9 imm\u00e9diate de sa terrasse \u2013 et qui va dor\u00e9navant traverser la place jusqu\u2019\u00e0 l\u2019avenue Jules Cantini \u2013 n\u2019est pas un probl\u00e8me. <strong>\u00ab\u2009Je pr\u00e9f\u00e8re \u00e7a que le bruit des voitures\u2009\u00bb<\/strong>, dit-il dans un \u00e9clat de rire.<\/p>\n<p>    <img   decoding=\"async\" loading=\"lazy\" src=\"https:\/\/www.europesays.com\/fr\/wp-content\/uploads\/2025\/06\/whatsapp-image-2025-06-12-at-172713-960x640.jpeg\" alt=\"Fortement d\u00e9grad\u00e9 au mois de mai, le banc de la place Castellane est encore prot\u00e9g\u00e9 \u00e0 deux jours de l'inauguration.\" width=\"960\" height=\"640\"\/><br \/>\n    Fortement d\u00e9grad\u00e9 au mois de mai, le banc de la place Castellane est encore prot\u00e9g\u00e9 \u00e0 la veille de l\u2019inauguration. (\u00a9Fabien Binacchi \/ actu Marseille)<\/p>\n<p class=\" wall-content\">Apr\u00e8s 113\u00a0ans d\u2019existence, la place Castellane s\u2019appr\u00eate \u00e0 offrir <strong>\u00ab\u2009sa meilleure version\u2009\u00bb<\/strong>, selon Robert. Et pour Dominique et Sophie, elle va donner <strong>\u00ab\u2009une belle image de Marseille\u2009\u00bb<\/strong>.<\/p>\n<p class=\" wall-content\">Suivez toute l\u2019actualit\u00e9 de vos villes et m\u00e9dias favoris en vous inscrivant \u00e0 <a href=\"https:\/\/moncompte.actu.fr\" title=\"D\u00e9couvez Mon Actu\" rel=\"nofollow noopener\" data-trk=\"{&quot;cta&quot;:{&quot;action&quot;:&quot;https:\\\/\\\/moncompte.actu.fr&quot;,&quot;category&quot;:&quot;mon compte&quot;,&quot;from&quot;:&quot;article footer&quot;,&quot;name&quot;:&quot;Mon actu&quot;,&quot;type&quot;:&quot;cta&quot;}}\" target=\"_blank\">Mon Actu<\/a>.<\/p>\n","protected":false},"excerpt":{"rendered":"Par Thibault Nadal Publi\u00e9 le 13 juin 2025 \u00e0 17h59 On ne sait pas si elle fera bient\u00f4t&hellip;\n","protected":false},"author":2,"featured_media":174927,"comment_status":"","ping_status":"","sticky":false,"template":"","format":"standard","meta":{"footnotes":""},"categories":[2814],"tags":[1111,11,4110,1777,674,1011,27,884,12,882,25,104,2086],"class_list":{"0":"post-174926","1":"post","2":"type-post","3":"status-publish","4":"format-standard","5":"has-post-thumbnail","7":"category-marseille","8":"tag-actu","9":"tag-actualites","10":"tag-castellane","11":"tag-eu","12":"tag-europe","13":"tag-fr","14":"tag-france","15":"tag-marseille","16":"tag-news","17":"tag-provence-alpes-cote-dazur","18":"tag-republique-francaise","19":"tag-societe","20":"tag-travaux"},"share_on_mastodon":{"url":"https:\/\/pubeurope.com\/@fr\/114679598882872691","error":""},"_links":{"self":[{"href":"https:\/\/www.europesays.com\/fr\/wp-json\/wp\/v2\/posts\/174926","targetHints":{"allow":["GET"]}}],"collection":[{"href":"https:\/\/www.europesays.com\/fr\/wp-json\/wp\/v2\/posts"}],"about":[{"href":"https:\/\/www.europesays.com\/fr\/wp-json\/wp\/v2\/types\/post"}],"author":[{"embeddable":true,"href":"https:\/\/www.europesays.com\/fr\/wp-json\/wp\/v2\/users\/2"}],"replies":[{"embeddable":true,"href":"https:\/\/www.europesays.com\/fr\/wp-json\/wp\/v2\/comments?post=174926"}],"version-history":[{"count":0,"href":"https:\/\/www.europesays.com\/fr\/wp-json\/wp\/v2\/posts\/174926\/revisions"}],"wp:featuredmedia":[{"embeddable":true,"href":"https:\/\/www.europesays.com\/fr\/wp-json\/wp\/v2\/media\/174927"}],"wp:attachment":[{"href":"https:\/\/www.europesays.com\/fr\/wp-json\/wp\/v2\/media?parent=174926"}],"wp:term":[{"taxonomy":"category","embeddable":true,"href":"https:\/\/www.europesays.com\/fr\/wp-json\/wp\/v2\/categories?post=174926"},{"taxonomy":"post_tag","embeddable":true,"href":"https:\/\/www.europesays.com\/fr\/wp-json\/wp\/v2\/tags?post=174926"}],"curies":[{"name":"wp","href":"https:\/\/api.w.org\/{rel}","templated":true}]}}