{"id":174928,"date":"2025-06-14T03:29:14","date_gmt":"2025-06-14T03:29:14","guid":{"rendered":"https:\/\/www.europesays.com\/fr\/174928\/"},"modified":"2025-06-14T03:29:14","modified_gmt":"2025-06-14T03:29:14","slug":"un-camion-se-retrouve-coince-fabien-bagnon-accuse-la-desinformation","status":"publish","type":"post","link":"https:\/\/www.europesays.com\/fr\/174928\/","title":{"rendered":"un camion se retrouve coinc\u00e9, Fabien Bagnon accuse la \u00ab\u00a0d\u00e9sinformation\u00a0\u00bb"},"content":{"rendered":"<p itemprop=\"description\"><strong>En pleine recomposition des itin\u00e9raires et avec une signalisation parfois \u00e9volutive d\u2019un jour \u00e0 l\u2019autre, les rues de Lyon exigent une vigilance constante.<\/strong><\/p>\n<p>Une vid\u00e9o partag\u00e9e ce vendredi 13 juin sur le r\u00e9seau social X relance la critique des nombreux am\u00e9nagements en cours dans le centre de Lyon.\u00a0<\/p>\n<p>On y voit un camion de livraison peiner \u00e0 n\u00e9gocier un virage tr\u00e8s serr\u00e9 rue des Archers, au c\u0153ur de la Presqu&rsquo;\u00eele, jusqu&rsquo;\u00e0 devoir monter sur le trottoir, bloquant la circulation. Sur la chauss\u00e9e, un marquage jaune temporaire t\u00e9moigne de la pr\u00e9sence d\u2019une zone de travaux, comme on en voit d\u00e9sormais \u00e0 tous les coins de rue.<\/p>\n<p>L\u2019auteur de la publication, visiblement exc\u00e9d\u00e9, interpelle directement les responsables politiques : \u00ab\u00a0Bravo l\u2019amateurisme de nos \u00e9lus ! Les camions ne peuvent circuler suite aux changements de sens de circulation ! La blague.\u00a0\u00bb<\/p>\n<p>Il tague dans la foul\u00e9e <a href=\"https:\/\/www.lyonmag.com\/profil-personnalite-lyonnaise\/475\/fabien-bagnon\" target=\"_blank\" rel=\"noopener\">Fabien Bagnon<\/a>, vice-pr\u00e9sident \u00e9cologiste de la M\u00e9tropole charg\u00e9 des Mobilit\u00e9s, <a href=\"https:\/\/www.lyonmag.com\/profil-personnalite-lyonnaise\/504\/gregory-doucet\" target=\"_blank\" rel=\"noopener\">Gr\u00e9gory Doucet<\/a>, maire de Lyon, ainsi que <a href=\"https:\/\/www.lyonmag.com\/profil-personnalite-lyonnaise\/512\/pierre-oliver\" target=\"_blank\" rel=\"noopener\">Pierre Oliver<\/a>, maire LR du 2e, et <a href=\"https:\/\/www.lyonmag.com\/profil-personnalite-lyonnaise\/8\/jean-michel-aulas\" target=\"_blank\" rel=\"noopener\">Jean-Michel Aulas<\/a>, tous deux critiques r\u00e9guliers de la politique de circulation de l\u2019ex\u00e9cutif vert.<\/p>\n<p>La r\u00e9ponse ne s\u2019est pas faite attendre. Dans un message sec publi\u00e9 dans la foul\u00e9e, Fabien Bagnon d\u00e9nonce une attaque injustifi\u00e9e : \u00ab\u00a0STOP \u00e0 la d\u00e9sinformation ! Ce livreur n&rsquo;a pas suivi la d\u00e9viation indiqu\u00e9e et mise en place ce matin. Aucun amateurisme des ing\u00e9nieurs et techniciens de voirie de la M\u00e9tropole de Lyon. Merci de respecter leur professionnalisme et leur engagement au service des habitants.\u00a0\u00bb<\/p>\n<p>Un message clair, mais sur les r\u00e9seaux, les critiques continuent de pleuvoir, tant les usagers ont parfois du mal \u00e0 suivre le rythme effr\u00e9n\u00e9 des changements d\u00e9cid\u00e9s par l\u2019ex\u00e9cutif \u00e9cologiste.<\/p>\n<blockquote class=\"twitter-tweet\"><p>&#13;<\/p>\n<p dir=\"ltr\" lang=\"fr\">\ud83d\uded1 STOP \u00e0 la d\u00e9sinformation !<\/p>\n<p>\u27a1\ufe0f Ce livreur n&rsquo;a pas suivi la d\u00e9viation indiqu\u00e9e et mise en place ce matin<br \/>\u27a1\ufe0f Aucun amateurisme des ing\u00e9nieurs et techniciens de voirie de la M\u00e9tropole de Lyon<br \/>\ud83d\ude4f Merci de respecter leur professionnalisme et leur engagement au service des habitants <a href=\"https:\/\/t.co\/q51kfF2EeL\">https:\/\/t.co\/q51kfF2EeL<\/a><\/p>\n<p>&#13;<br \/>\n\u2014 Fabien Bagnon \ud83c\udf3f\ud83d\udea8 (@Fabien_Bagnon) <a href=\"https:\/\/twitter.com\/Fabien_Bagnon\/status\/1933508205469917446?ref_src=twsrc%5Etfw\" target=\"_blank\" rel=\"noopener\">June 13, 2025<\/a><\/p><\/blockquote>\n<p>\t\t  <script async src=\"https:\/\/platform.twitter.com\/widgets.js\" charset=\"utf-8\"><\/script><\/p>\n","protected":false},"excerpt":{"rendered":"En pleine recomposition des itin\u00e9raires et avec une signalisation parfois \u00e9volutive d\u2019un jour \u00e0 l\u2019autre, les rues de&hellip;\n","protected":false},"author":2,"featured_media":174929,"comment_status":"","ping_status":"","sticky":false,"template":"","format":"standard","meta":{"footnotes":""},"categories":[1889],"tags":[1111,11,2813,2190,2430,1109,251,1112,2811,1777,674,118,1011,27,1922,1110,1114,2428,2810,12,241,316,25,2812,517,800],"class_list":{"0":"post-174928","1":"post","2":"type-post","3":"status-publish","4":"format-standard","5":"has-post-thumbnail","7":"category-lyon","8":"tag-actu","9":"tag-actualites","10":"tag-article","11":"tag-asvel","12":"tag-auvergne-rhone-alpes","13":"tag-breves","14":"tag-culture","15":"tag-depeches","16":"tag-economique","17":"tag-eu","18":"tag-europe","19":"tag-faits-divers","20":"tag-fr","21":"tag-france","22":"tag-info","23":"tag-informations","24":"tag-infos","25":"tag-lyon","26":"tag-lyonmag","27":"tag-news","28":"tag-ol","29":"tag-politique","30":"tag-republique-francaise","31":"tag-sociale","32":"tag-sport","33":"tag-transports"},"share_on_mastodon":{"url":"https:\/\/pubeurope.com\/@fr\/114679602492382312","error":""},"_links":{"self":[{"href":"https:\/\/www.europesays.com\/fr\/wp-json\/wp\/v2\/posts\/174928","targetHints":{"allow":["GET"]}}],"collection":[{"href":"https:\/\/www.europesays.com\/fr\/wp-json\/wp\/v2\/posts"}],"about":[{"href":"https:\/\/www.europesays.com\/fr\/wp-json\/wp\/v2\/types\/post"}],"author":[{"embeddable":true,"href":"https:\/\/www.europesays.com\/fr\/wp-json\/wp\/v2\/users\/2"}],"replies":[{"embeddable":true,"href":"https:\/\/www.europesays.com\/fr\/wp-json\/wp\/v2\/comments?post=174928"}],"version-history":[{"count":0,"href":"https:\/\/www.europesays.com\/fr\/wp-json\/wp\/v2\/posts\/174928\/revisions"}],"wp:featuredmedia":[{"embeddable":true,"href":"https:\/\/www.europesays.com\/fr\/wp-json\/wp\/v2\/media\/174929"}],"wp:attachment":[{"href":"https:\/\/www.europesays.com\/fr\/wp-json\/wp\/v2\/media?parent=174928"}],"wp:term":[{"taxonomy":"category","embeddable":true,"href":"https:\/\/www.europesays.com\/fr\/wp-json\/wp\/v2\/categories?post=174928"},{"taxonomy":"post_tag","embeddable":true,"href":"https:\/\/www.europesays.com\/fr\/wp-json\/wp\/v2\/tags?post=174928"}],"curies":[{"name":"wp","href":"https:\/\/api.w.org\/{rel}","templated":true}]}}