{"id":174930,"date":"2025-06-14T03:30:18","date_gmt":"2025-06-14T03:30:18","guid":{"rendered":"https:\/\/www.europesays.com\/fr\/174930\/"},"modified":"2025-06-14T03:30:18","modified_gmt":"2025-06-14T03:30:18","slug":"lyon-le-conducteur-dune-clio-seme-la-panique-a-contre-sens-et-termine-dans-un-lieu-improbable","status":"publish","type":"post","link":"https:\/\/www.europesays.com\/fr\/174930\/","title":{"rendered":"Lyon. Le conducteur d&rsquo;une Clio s\u00e8me la panique \u00e0 contre-sens et termine dans un lieu improbable"},"content":{"rendered":"<p>            Par<br \/>\n        <strong><br \/>\n            <a href=\"https:\/\/actu.fr\/auteur\/anthony-soudani\" title=\"Consulter tous les articles de Anthony Soudani\" rel=\"nofollow noopener\" target=\"_blank\">Anthony Soudani<\/a><br \/>\n        <\/strong><\/p>\n<p>        Publi\u00e9 le<\/p>\n<p>            13 juin 2025 \u00e0 17h12        <\/p>\n<p>La bagarre entre automobilistes a pris des proportions \u00e9normes. L\u2019un des conducteurs a pris la fuite apr\u00e8s cette altercation en empruntant <strong>la rocade Est \u00e0 contre-sens<\/strong>, jeudi 12 juin. Le chauffard a fini sa course dans un endroit improbable : il a percut\u00e9 l\u2019entr\u00e9e du centre national de la <a href=\"https:\/\/actu.fr\/auvergne-rhone-alpes\/lyon_69123\/blocage-de-lyon-par-les-vtc-un-conducteur-enerve-sort-une-arme-la-police-intervient_62761318.html\" rel=\"nofollow noopener\" target=\"_blank\">police<\/a>, \u00e0 Chassieu, d\u2019apr\u00e8s les informations de <a href=\"https:\/\/www.bfmtv.com\/lyon\/info-bfm-lyon-un-automobiliste-percute-le-siege-de-la-crs-apres-une-fuite-a-contresens-sur-la-rocade_AN-202506130404.html\" rel=\"nofollow noopener\" target=\"_blank\">BFM TV<\/a>\u00a0confirm\u00e9es par actu Lyon.<\/p>\n<p class=\" wall-content\">L\u2019altercation a eu lieu aux alentours de 19 heures, \u00e0 <a href=\"https:\/\/actu.fr\/auvergne-rhone-alpes\/meyzieu_69282\" rel=\"nofollow noopener\" target=\"_blank\">Meyzieu<\/a>, dans la m\u00e9tropole de Lyon. L\u2019un des protagonistes, alors au volant de son v\u00e9hicule, a attrap\u00e9 un autre conducteur par le bras et l\u2019a tra\u00een\u00e9 sur plusieurs m\u00e8tres avant de le l\u00e2cher.\u00a0<\/p>\n<p>Il prend la fuite apr\u00e8s une bagarre qui tourne mal<\/p>\n<p class=\" wall-content\">Le chauffeur de la <strong>Renault Clio 4<\/strong> a percut\u00e9 plusieurs voitures \u00e0 ce moment-l\u00e0. Il a ensuite d\u00e9cid\u00e9 de prendre la fuite avec la victime et d\u2019autres hommes qui l\u2019ont poursuivi. Le tout en sens inverse.\u00a0<\/p>\n<p class=\" wall-content\">Finalement, il ira jusqu\u2019\u00e0 forcer l\u2019entr\u00e9e du centre de police. Ce sont les<strong> CRS de la compagnie 45<\/strong>, dont le si\u00e8ge est situ\u00e9 sur le m\u00eame site, qui ont alors interpell\u00e9 cet homme.<\/p>\n<p class=\" wall-content\">Il a affirm\u00e9 aux gendarmes qu\u2019il a pris peur, \u00e9tant poursuivis par d\u2019autres personnes. Il aurait \u00e9t\u00e9 rel\u00e2ch\u00e9 depuis. Il sera reconvoqu\u00e9 dans le cadre de l\u2019enqu\u00eate ouverte et confi\u00e9e \u00e0 la division sud de la direction interd\u00e9partementale de la police nationale du <a href=\"https:\/\/actu.fr\/auvergne-rhone-alpes\/rhone_69\" rel=\"nofollow noopener\" target=\"_blank\">Rh\u00f4ne<\/a>.<\/p>\n<p class=\" wall-content\">Suivez toute l\u2019actualit\u00e9 de vos villes et m\u00e9dias favoris en vous inscrivant \u00e0 <a href=\"https:\/\/moncompte.actu.fr\" title=\"D\u00e9couvez Mon Actu\" rel=\"nofollow noopener\" data-trk=\"{&quot;cta&quot;:{&quot;action&quot;:&quot;https:\\\/\\\/moncompte.actu.fr&quot;,&quot;category&quot;:&quot;mon compte&quot;,&quot;from&quot;:&quot;article footer&quot;,&quot;name&quot;:&quot;Mon actu&quot;,&quot;type&quot;:&quot;cta&quot;}}\" target=\"_blank\">Mon Actu<\/a>.<\/p>\n","protected":false},"excerpt":{"rendered":"Par Anthony Soudani Publi\u00e9 le 13 juin 2025 \u00e0 17h12 La bagarre entre automobilistes a pris des proportions&hellip;\n","protected":false},"author":2,"featured_media":174931,"comment_status":"","ping_status":"","sticky":false,"template":"","format":"standard","meta":{"footnotes":""},"categories":[1889],"tags":[1111,11,2430,1777,674,118,1011,27,3381,2428,12,1072,25],"class_list":{"0":"post-174930","1":"post","2":"type-post","3":"status-publish","4":"format-standard","5":"has-post-thumbnail","7":"category-lyon","8":"tag-actu","9":"tag-actualites","10":"tag-auvergne-rhone-alpes","11":"tag-eu","12":"tag-europe","13":"tag-faits-divers","14":"tag-fr","15":"tag-france","16":"tag-gendarmerie","17":"tag-lyon","18":"tag-news","19":"tag-police","20":"tag-republique-francaise"},"share_on_mastodon":{"url":"https:\/\/pubeurope.com\/@fr\/114679606362658513","error":""},"_links":{"self":[{"href":"https:\/\/www.europesays.com\/fr\/wp-json\/wp\/v2\/posts\/174930","targetHints":{"allow":["GET"]}}],"collection":[{"href":"https:\/\/www.europesays.com\/fr\/wp-json\/wp\/v2\/posts"}],"about":[{"href":"https:\/\/www.europesays.com\/fr\/wp-json\/wp\/v2\/types\/post"}],"author":[{"embeddable":true,"href":"https:\/\/www.europesays.com\/fr\/wp-json\/wp\/v2\/users\/2"}],"replies":[{"embeddable":true,"href":"https:\/\/www.europesays.com\/fr\/wp-json\/wp\/v2\/comments?post=174930"}],"version-history":[{"count":0,"href":"https:\/\/www.europesays.com\/fr\/wp-json\/wp\/v2\/posts\/174930\/revisions"}],"wp:featuredmedia":[{"embeddable":true,"href":"https:\/\/www.europesays.com\/fr\/wp-json\/wp\/v2\/media\/174931"}],"wp:attachment":[{"href":"https:\/\/www.europesays.com\/fr\/wp-json\/wp\/v2\/media?parent=174930"}],"wp:term":[{"taxonomy":"category","embeddable":true,"href":"https:\/\/www.europesays.com\/fr\/wp-json\/wp\/v2\/categories?post=174930"},{"taxonomy":"post_tag","embeddable":true,"href":"https:\/\/www.europesays.com\/fr\/wp-json\/wp\/v2\/tags?post=174930"}],"curies":[{"name":"wp","href":"https:\/\/api.w.org\/{rel}","templated":true}]}}