{"id":174943,"date":"2025-06-14T03:38:19","date_gmt":"2025-06-14T03:38:19","guid":{"rendered":"https:\/\/www.europesays.com\/fr\/174943\/"},"modified":"2025-06-14T03:38:19","modified_gmt":"2025-06-14T03:38:19","slug":"kiev-rapatrie-plus-de-1200-corps-de-ses-soldats-tues-sur-le-front","status":"publish","type":"post","link":"https:\/\/www.europesays.com\/fr\/174943\/","title":{"rendered":"Kiev rapatrie plus de 1200 corps de ses soldats tu\u00e9s sur le front"},"content":{"rendered":"<p><strong>LE POINT SUR LA SITUATION<\/strong> &#8211; Parall\u00e8lement, Moscou poursuit son offensive. L\u2019arm\u00e9e russe a revendiqu\u00e9 la capture d\u2019un nouveau village dans la r\u00e9gion de Soumy.<\/p>\n<p class=\"fig-paragraph\">La Russie a lanc\u00e9 une offensive dans la r\u00e9gion de Soumy, o\u00f9 le pr\u00e9sident Vladimir Poutine a annonc\u00e9 vouloir \u00e9tablir une \u00abzone tampon\u00bb. Pendant ce temps, L\u2019Ukraine a rapatri\u00e9 1200 corps remis par la Russie, une nouvelle \u00e9tape d\u2019un accord conclu lors de r\u00e9centes n\u00e9gociations entre les bellig\u00e9rants \u00e0 Istanbul en Turquie. Le Figaro fait le point.<\/p>\n<p><strong>La Russie revendique la capture d\u2019un nouveau village dans la r\u00e9gion de Soumy<\/strong><\/p>\n<p class=\"fig-paragraph\">Moscou poursuit son offensive. L&rsquo;arm\u00e9e russe a revendiqu\u00e9 ce vendredi la capture d&rsquo;un nouveau village dans la<a href=\"http:\/\/www.lefigaro.fr\/international\/deuil-et-colere-a-soumy-en-ukraine-apres-la-double-frappe-russe-meurtriere-le-recit-de-l-envoyee-speciale-du-figaro-20250414\" target=\"_blank\" data-fig-type=\"Article\" rel=\"noopener nofollow\" data-gtm-custom-categorie=\"navigation\" data-gtm-custom-action=\"crossclick\" data-gtm-custom-label=\"Contextuel\" data-gtm-event=\"customEventSPE\" data-fig-domain=\"LEFIGARO\">\u00a0r\u00e9gion de Soumy<\/a>, dans le nord de l&rsquo;Ukraine, ainsi que de deux autres dans la r\u00e9gion orientale de Donetsk. Le pr\u00e9sident ukrainien\u00a0<a href=\"http:\/\/www.lefigaro.fr\/international\/volodymyr-zelensky-accuse-moscou-de-refuser-d-envoyer-son-memorandum-exposant-ses-exigences-pour-un-accord-de-paix-20250530\" target=\"_blank\" data-fig-type=\"NewsFlash\" rel=\"noopener nofollow\" data-gtm-custom-categorie=\"navigation\" data-gtm-custom-action=\"crossclick\" data-gtm-custom-label=\"Contextuel\" data-gtm-event=\"customEventSPE\" data-fig-domain=\"LEFIGARO\">Volodymyr Zelensky<\/a>\u00a0avait quant \u00e0 lui assur\u00e9 jeudi soir que les forces ukrainiennes \u00abrepoussent peu \u00e0 peu les occupants dans la r\u00e9gion de Soumy\u00bb.<\/p>\n<p class=\"fig-paragraph\">La Russie a lanc\u00e9 une offensive dans cette r\u00e9gion frontali\u00e8re apr\u00e8s avoir d\u00e9finitivement chass\u00e9 en avril les forces ukrainiennes de la r\u00e9gion russe de Koursk, o\u00f9 ces derni\u00e8res avaient captur\u00e9 du terrain \u00e0 partir de l\u2019\u00e9t\u00e9 2024. Le pr\u00e9sident\u00a0<a href=\"http:\/\/www.lefigaro.fr\/international\/en-exigeant-une-reddition-de-l-ukraine-vladimir-poutine-campe-sur-sa-position-maximaliste-20250518\" target=\"_blank\" data-fig-type=\"Article\" rel=\"noopener nofollow\" data-gtm-custom-categorie=\"navigation\" data-gtm-custom-action=\"crossclick\" data-gtm-custom-label=\"Contextuel\" data-gtm-event=\"customEventSPE\" data-fig-domain=\"LEFIGARO\">Vladimir Poutine\u00a0<\/a>a annonc\u00e9 vouloir \u00e9tablir dans la r\u00e9gion de Soumy une \u00abzone tampon\u00bb afin d\u2019\u00e9viter des incursions ukrainiennes sur le sol russe. Kiev redoute un assaut de grande envergure dans cette r\u00e9gion, o\u00f9 les bombardements se sont intensifi\u00e9s.<\/p>\n<p><strong>L\u2019Ukraine annonce avoir r\u00e9cup\u00e9r\u00e9 1200 corps remis par la Russie<\/strong><\/p>\n<p class=\"fig-paragraph\">L\u2019Ukraine a rapatri\u00e9 1200 corps remis par la Russie, nouvelle \u00e9tape d\u2019un accord conclu lors de r\u00e9centes n\u00e9gociations entre les bellig\u00e9rants \u00e0 Istanbul en Turquie, a annonc\u00e9 une structure gouvernementale ukrainienne en charge du dossier.<\/p>\n<p class=\"fig-paragraph\">\u00abLes corps de 1200 d\u00e9funts ont \u00e9t\u00e9 ramen\u00e9s en Ukraine\u00bb, a annonc\u00e9 le centre ukrainien de coordination pour les prisonniers de guerre. \u00abSelon les affirmations de la partie russe, les corps sont ceux de citoyens ukrainiens, notamment des militaires\u00bb, a ajout\u00e9 cette structure.<\/p>\n","protected":false},"excerpt":{"rendered":"LE POINT SUR LA SITUATION &#8211; Parall\u00e8lement, Moscou poursuit son offensive. L\u2019arm\u00e9e russe a revendiqu\u00e9 la capture d\u2019un&hellip;\n","protected":false},"author":2,"featured_media":174944,"comment_status":"","ping_status":"","sticky":false,"template":"","format":"standard","meta":{"footnotes":""},"categories":[1590],"tags":[259,11,260,1777,674,131,14,261,12,262,132,220],"class_list":{"0":"post-174943","1":"post","2":"type-post","3":"status-publish","4":"format-standard","5":"has-post-thumbnail","7":"category-ukraine","8":"tag-actualite-internationale","9":"tag-actualites","10":"tag-affaires-etrangeres","11":"tag-eu","12":"tag-europe","13":"tag-guerre-en-ukraine","14":"tag-international","15":"tag-ministere-des-affaires-etrangeres","16":"tag-news","17":"tag-politique-etrangere","18":"tag-russie","19":"tag-ukraine"},"share_on_mastodon":{"url":"https:\/\/pubeurope.com\/@fr\/114679637890043108","error":""},"_links":{"self":[{"href":"https:\/\/www.europesays.com\/fr\/wp-json\/wp\/v2\/posts\/174943","targetHints":{"allow":["GET"]}}],"collection":[{"href":"https:\/\/www.europesays.com\/fr\/wp-json\/wp\/v2\/posts"}],"about":[{"href":"https:\/\/www.europesays.com\/fr\/wp-json\/wp\/v2\/types\/post"}],"author":[{"embeddable":true,"href":"https:\/\/www.europesays.com\/fr\/wp-json\/wp\/v2\/users\/2"}],"replies":[{"embeddable":true,"href":"https:\/\/www.europesays.com\/fr\/wp-json\/wp\/v2\/comments?post=174943"}],"version-history":[{"count":0,"href":"https:\/\/www.europesays.com\/fr\/wp-json\/wp\/v2\/posts\/174943\/revisions"}],"wp:featuredmedia":[{"embeddable":true,"href":"https:\/\/www.europesays.com\/fr\/wp-json\/wp\/v2\/media\/174944"}],"wp:attachment":[{"href":"https:\/\/www.europesays.com\/fr\/wp-json\/wp\/v2\/media?parent=174943"}],"wp:term":[{"taxonomy":"category","embeddable":true,"href":"https:\/\/www.europesays.com\/fr\/wp-json\/wp\/v2\/categories?post=174943"},{"taxonomy":"post_tag","embeddable":true,"href":"https:\/\/www.europesays.com\/fr\/wp-json\/wp\/v2\/tags?post=174943"}],"curies":[{"name":"wp","href":"https:\/\/api.w.org\/{rel}","templated":true}]}}