{"id":174947,"date":"2025-06-14T03:40:14","date_gmt":"2025-06-14T03:40:14","guid":{"rendered":"https:\/\/www.europesays.com\/fr\/174947\/"},"modified":"2025-06-14T03:40:14","modified_gmt":"2025-06-14T03:40:14","slug":"le-royaume-uni-qualifie-la-frappe-aerienne-israelienne-contre-liran-de-moment-dangereux","status":"publish","type":"post","link":"https:\/\/www.europesays.com\/fr\/174947\/","title":{"rendered":"Le Royaume-Uni qualifie la frappe a\u00e9rienne isra\u00e9lienne contre l&rsquo;Iran de \u00ab\u00a0moment dangereux\u00a0\u00bb"},"content":{"rendered":"<p style=\"text-align:justify;\">AA \/ Londres \/ Ahmet Gurhan Kartal<\/p>\n<p style=\"text-align:justify;\">Le ministre britannique des Affaires \u00e9trang\u00e8res, David Lammy, a qualifi\u00e9 vendredi les attaques nocturnes d&rsquo;Isra\u00ebl en Iran de \u00ab\u00a0moment dangereux\u00a0\u00bb, exhortant toutes les parties \u00e0 faire preuve de retenue.<\/p>\n<p style=\"text-align:justify;\">Dans un message publi\u00e9 sur X, Lammy a \u00e9crit : \u00ab\u00a0La stabilit\u00e9 au Moyen-Orient est essentielle pour la s\u00e9curit\u00e9 mondiale\u00a0\u00bb.<\/p>\n<p style=\"text-align:justify;\">Il s&rsquo;est dit \u00ab\u00a0pr\u00e9occup\u00e9 par les informations faisant \u00e9tat d&rsquo;attaques nocturnes\u00a0\u00bb, ajoutant qu'\u00a0\u00bbune nouvelle escalade constituerait une menace s\u00e9rieuse pour la paix et la stabilit\u00e9 dans la r\u00e9gion et ne serait dans l&rsquo;int\u00e9r\u00eat de personne\u00a0\u00bb.<\/p>\n<p style=\"text-align:justify;\">Faisant \u00e9cho \u00e0 Lammy, le Premier ministre Keir Starmer a \u00e9galement appel\u00e9 \u00e0 la retenue.<\/p>\n<p style=\"text-align:justify;\">\u00ab\u00a0L&rsquo;escalade ne sert personne dans la r\u00e9gion\u00a0\u00bb, a-t-il \u00e9crit sur X.<\/p>\n<p style=\"text-align:justify;\">\u00ab\u00a0La stabilit\u00e9 au Moyen-Orient doit \u00eatre la priorit\u00e9 et nous engageons nos partenaires \u00e0 d\u00e9samorcer la situation. L&rsquo;heure est \u00e0 la retenue, au calme et au retour \u00e0 la diplomatie\u00a0\u00bb, a-t-il ajout\u00e9.<\/p>\n<p style=\"text-align:justify;\">Isra\u00ebl a lanc\u00e9 vendredi une op\u00e9ration militaire de grande envergure contre l&rsquo;Iran, avec des frappes visant son programme nucl\u00e9aire et ses capacit\u00e9s en mati\u00e8re de missiles \u00e0 longue port\u00e9e, a rapport\u00e9 la radio de l&rsquo;arm\u00e9e isra\u00e9lienne.<\/p>\n<p style=\"text-align:justify;\">Le Premier ministre isra\u00e9lien Benjamin Netanyahu a d\u00e9clar\u00e9 dans un discours publi\u00e9 sur YouTube que ses forces avaient frapp\u00e9 \u00ab\u00a0le c\u0153ur du programme d&rsquo;armement nucl\u00e9aire iranien\u00a0\u00bb.<\/p>\n<p style=\"text-align:justify;\">Netanyahu a d\u00e9crit ces attaques comme une \u00ab\u00a0op\u00e9ration militaire cibl\u00e9e visant \u00e0 faire reculer la menace iranienne qui p\u00e8se sur la survie m\u00eame d&rsquo;Isra\u00ebl\u00a0\u00bb.<\/p>\n<p style=\"text-align:justify;\">Isra\u00ebl a d\u00e9clar\u00e9 l&rsquo;\u00e9tat d&rsquo;urgence dans tout le pays et ferm\u00e9 son espace a\u00e9rien, d\u00e9tournant tous les vols vers d&rsquo;autres pays, ont rapport\u00e9 les m\u00e9dias h\u00e9bra\u00efques.<\/p>\n<p style=\"text-align:justify;\">Au total, 200 avions isra\u00e9liens ont frapp\u00e9 l&rsquo;Iran lors de l&rsquo;attaque men\u00e9e t\u00f4t vendredi matin, a d\u00e9clar\u00e9 l&rsquo;arm\u00e9e isra\u00e9lienne.<\/p>\n<p style=\"text-align:justify;\">Le brigadier g\u00e9n\u00e9ral Effie Defrin, porte-parole de l&rsquo;arm\u00e9e, a d\u00e9clar\u00e9 que 200 avions isra\u00e9liens avaient largu\u00e9 330 munitions pendant les frappes.<\/p>\n<p style=\"text-align:justify;\">En r\u00e9ponse, l&rsquo;Iran a lanc\u00e9 plus de 100 drones vers Isra\u00ebl au cours des derni\u00e8res heures, et les efforts d&rsquo;interception se poursuivent, a ajout\u00e9 le porte-parole.<\/p>\n<p style=\"text-align:justify;\">* Traduit par Tuncay \u00c7akmak<\/p>\n<p>                            &#13;<br \/>\n                                <a href=\"https:\/\/www.aa.com.tr\/fr\/p\/abonnement\/1001\" target=\"_blank\" style=\"font-size:12px; color:#444; text-decoration:none;\" rel=\"nofollow noopener\">&#13;<br \/>\n                                    Seulement une partie des d\u00e9p\u00eaches, que l&rsquo;Agence Anadolu diffuse \u00e0 ses abonn\u00e9s via le Syst\u00e8me de Diffusion interne (HAS), est diffus\u00e9e sur le site de l&rsquo;AA, de mani\u00e8re r\u00e9sum\u00e9e. <b style=\"color:#1897F7\">Contactez-nous s&rsquo;il vous pla\u00eet pour vous abonner.<\/b>&#13;<br \/>\n                                <\/a>&#13;<\/p>\n","protected":false},"excerpt":{"rendered":"AA \/ Londres \/ Ahmet Gurhan Kartal Le ministre britannique des Affaires \u00e9trang\u00e8res, David Lammy, a qualifi\u00e9 vendredi&hellip;\n","protected":false},"author":2,"featured_media":174948,"comment_status":"","ping_status":"","sticky":false,"template":"","format":"standard","meta":{"footnotes":""},"categories":[1588],"tags":[11,1785,1777,674,3019,3819,12,473,1853,1851,1850,1852],"class_list":{"0":"post-174947","1":"post","2":"type-post","3":"status-publish","4":"format-standard","5":"has-post-thumbnail","7":"category-royaume-uni","8":"tag-actualites","9":"tag-anadolu-ajansi","10":"tag-eu","11":"tag-europe","12":"tag-iran","13":"tag-isral","14":"tag-news","15":"tag-royaume-uni","16":"tag-royaume-uni-de-grande-bretagne-et-dirlande-du-nord","17":"tag-uk","18":"tag-united-kingdom","19":"tag-united-kingdom-of-great-britain-and-northern-ireland"},"share_on_mastodon":{"url":"https:\/\/pubeurope.com\/@fr\/114679645717308366","error":""},"_links":{"self":[{"href":"https:\/\/www.europesays.com\/fr\/wp-json\/wp\/v2\/posts\/174947","targetHints":{"allow":["GET"]}}],"collection":[{"href":"https:\/\/www.europesays.com\/fr\/wp-json\/wp\/v2\/posts"}],"about":[{"href":"https:\/\/www.europesays.com\/fr\/wp-json\/wp\/v2\/types\/post"}],"author":[{"embeddable":true,"href":"https:\/\/www.europesays.com\/fr\/wp-json\/wp\/v2\/users\/2"}],"replies":[{"embeddable":true,"href":"https:\/\/www.europesays.com\/fr\/wp-json\/wp\/v2\/comments?post=174947"}],"version-history":[{"count":0,"href":"https:\/\/www.europesays.com\/fr\/wp-json\/wp\/v2\/posts\/174947\/revisions"}],"wp:featuredmedia":[{"embeddable":true,"href":"https:\/\/www.europesays.com\/fr\/wp-json\/wp\/v2\/media\/174948"}],"wp:attachment":[{"href":"https:\/\/www.europesays.com\/fr\/wp-json\/wp\/v2\/media?parent=174947"}],"wp:term":[{"taxonomy":"category","embeddable":true,"href":"https:\/\/www.europesays.com\/fr\/wp-json\/wp\/v2\/categories?post=174947"},{"taxonomy":"post_tag","embeddable":true,"href":"https:\/\/www.europesays.com\/fr\/wp-json\/wp\/v2\/tags?post=174947"}],"curies":[{"name":"wp","href":"https:\/\/api.w.org\/{rel}","templated":true}]}}