{"id":174949,"date":"2025-06-14T03:41:19","date_gmt":"2025-06-14T03:41:19","guid":{"rendered":"https:\/\/www.europesays.com\/fr\/174949\/"},"modified":"2025-06-14T03:41:19","modified_gmt":"2025-06-14T03:41:19","slug":"a-leuro-les-belgian-cats-ne-devront-pas-craindre-cette-allemagne-la","status":"publish","type":"post","link":"https:\/\/www.europesays.com\/fr\/174949\/","title":{"rendered":"A l&rsquo;Euro, les Belgian Cats ne devront pas craindre cette Allemagne-l\u00e0"},"content":{"rendered":"<p class=\"ap-StoryElement ap-StoryElement--mb ap-StoryText\">Du c\u00f4t\u00e9 des Belgian Cats, Julie Allemand et Julie Vanloo, rentr\u00e9es mercredi des \u00c9tats-Unis, \u00e9taient pr\u00e9sentes \u00e0 l&rsquo;\u00e9chauffement mais ne figuraient pas encore sur la feuille de match. Contrairement \u00e0 Kyara Linskens qui a elle pris part au jeu en sortant du banc.<\/p>\n<p class=\"ap-StoryElement ap-StoryElement--mb ap-StoryText\">En manque de rythme de match \u00e0 cause du tr\u00e8s faible temps de jeu dont elle a b\u00e9n\u00e9fici\u00e9 lors de son r\u00e9cent et court passage \u00e0 Golden State pour ses d\u00e9buts en WNBA, la pivot a n\u00e9anmoins d\u00e9montr\u00e9 qu&rsquo;elle restait un cadre important \u00e0 l&rsquo;\u00e9quilibre de l&rsquo;\u00e9quipe lorsqu&rsquo;elle \u00e9tait sur le terrain. Via son rendement personnel (8 pts, 1 reb et 1 ass en 14 minutes) mais aussi et surtout par son importante connexion avec Meesseman dans le jeu int\u00e9rieur.<\/p>\n<p><a href=\"https:\/\/www.dhnet.be\/sports\/basket\/2025\/06\/12\/euro-2025-la-belgique-avec-kyara-linskens-domine-lallemagne-en-preparation-a-louvain-PJGYLBBN5NAVJL5JLAIX3L34K4\/\" target=\"_blank\" rel=\"noopener noreferrer\" class=\"ap-StoryInterstitialLink ap-StoryElement ap-StoryElement--mb\">Euro 2025: la Belgique avec Kyara Linskens domine l&rsquo;Allemagne en pr\u00e9paration \u00e0 Louvain<\/a><\/p>\n<p class=\"ap-StoryElement ap-StoryElement--mb ap-StoryText\">Les conditions de son retour ont aussi \u00e9t\u00e9 facilit\u00e9es par la grosse domination collective de l&rsquo;\u00e9quipe belge dans son ensemble. Celle-ci s&rsquo;est d&rsquo;abord manifest\u00e9e par une tr\u00e8s grosse prestation d\u00e9fensive qui a compl\u00e8tement asphyxi\u00e9 le jeu allemand. Sur le plan offensif, les petites maladresses parfois aper\u00e7ues sur certains tirs faciles \u00e0 deux points ont \u00e9t\u00e9 largement combl\u00e9es par la belle r\u00e9ussite enregistr\u00e9e derri\u00e8re l&rsquo;arc des 3 points, aliment\u00e9e par huit joueuses diff\u00e9rentes.<\/p>\n<p class=\"ap-StoryElement ap-StoryElement--mb ap-StoryText\">Les Belgian Cats ont en tout cas d\u00e9montr\u00e9 qu&rsquo;elles sont assez largement sup\u00e9rieures \u00e0 cette Allemagne-l\u00e0, qu&rsquo;elles pourraient croiser en quarts de finale \u00e0 l&rsquo;Euro. Un constat qui devrait se confirmer samedi soir \u00e0 Ostende, \u00e0 nouveau face \u00e0 l&rsquo;Allemagne, lors du dernier match de pr\u00e9paration. Avec Julie Allemand et Julie Vanloo pr\u00e9sentes dans les rangs belges cette fois\u2026<\/p>\n","protected":false},"excerpt":{"rendered":"Du c\u00f4t\u00e9 des Belgian Cats, Julie Allemand et Julie Vanloo, rentr\u00e9es mercredi des \u00c9tats-Unis, \u00e9taient pr\u00e9sentes \u00e0 l&rsquo;\u00e9chauffement&hellip;\n","protected":false},"author":2,"featured_media":174950,"comment_status":"","ping_status":"","sticky":false,"template":"","format":"standard","meta":{"footnotes":""},"categories":[1587],"tags":[11,672,1804,1805,1803,1777,674,1801,31017,12,31018,1802],"class_list":{"0":"post-174949","1":"post","2":"type-post","3":"status-publish","4":"format-standard","5":"has-post-thumbnail","7":"category-allemagne","8":"tag-actualites","9":"tag-allemagne","10":"tag-bundesrepublik-deutschland","11":"tag-de","12":"tag-deutschland","13":"tag-eu","14":"tag-europe","15":"tag-germany","16":"tag-louvain","17":"tag-news","18":"tag-ostende","19":"tag-republique-federale-dallemagne"},"share_on_mastodon":{"url":"https:\/\/pubeurope.com\/@fr\/114679649658807631","error":""},"_links":{"self":[{"href":"https:\/\/www.europesays.com\/fr\/wp-json\/wp\/v2\/posts\/174949","targetHints":{"allow":["GET"]}}],"collection":[{"href":"https:\/\/www.europesays.com\/fr\/wp-json\/wp\/v2\/posts"}],"about":[{"href":"https:\/\/www.europesays.com\/fr\/wp-json\/wp\/v2\/types\/post"}],"author":[{"embeddable":true,"href":"https:\/\/www.europesays.com\/fr\/wp-json\/wp\/v2\/users\/2"}],"replies":[{"embeddable":true,"href":"https:\/\/www.europesays.com\/fr\/wp-json\/wp\/v2\/comments?post=174949"}],"version-history":[{"count":0,"href":"https:\/\/www.europesays.com\/fr\/wp-json\/wp\/v2\/posts\/174949\/revisions"}],"wp:featuredmedia":[{"embeddable":true,"href":"https:\/\/www.europesays.com\/fr\/wp-json\/wp\/v2\/media\/174950"}],"wp:attachment":[{"href":"https:\/\/www.europesays.com\/fr\/wp-json\/wp\/v2\/media?parent=174949"}],"wp:term":[{"taxonomy":"category","embeddable":true,"href":"https:\/\/www.europesays.com\/fr\/wp-json\/wp\/v2\/categories?post=174949"},{"taxonomy":"post_tag","embeddable":true,"href":"https:\/\/www.europesays.com\/fr\/wp-json\/wp\/v2\/tags?post=174949"}],"curies":[{"name":"wp","href":"https:\/\/api.w.org\/{rel}","templated":true}]}}