{"id":174951,"date":"2025-06-14T03:42:18","date_gmt":"2025-06-14T03:42:18","guid":{"rendered":"https:\/\/www.europesays.com\/fr\/174951\/"},"modified":"2025-06-14T03:42:18","modified_gmt":"2025-06-14T03:42:18","slug":"bac-2025-les-sujets-dhistoire-geographie-hggsp-pour-letranger-europe-afrique","status":"publish","type":"post","link":"https:\/\/www.europesays.com\/fr\/174951\/","title":{"rendered":"Bac 2025 : les sujets d\u2019Histoire G\u00e9ographie (HGGSP) pour l\u2019\u00e9tranger (Europe, Afrique&#8230;)"},"content":{"rendered":"<p class=\"paragraph lpe text_align_left\">Le g\u00e9nocide des Juifs et des Tsiganes depuis 1945 ; La conqu\u00eate de l\u2019espace et des oc\u00e9ans est un outil de puissance&#8230; <\/p>\n<p class=\"paragraph lpe text_align_left\">D\u00e9couvrez les deux sujets de l\u2019\u00e9preuve de sp\u00e9cialit\u00e9 HGGSP qui ont eu lieu le mardi 10 juin (jour 1) et jeudi 12 juin 2025 (jour 2) dans plus de 80 pays \u00e0 l\u2019\u00e9tranger. Cette ann\u00e9e 94\u202f221 \u00e9l\u00e8ves ont choisi l\u2019Histoire-g\u00e9ographie comme sp\u00e9cialit\u00e9 en Terminale, c\u2019est encore la quatri\u00e8me mati\u00e8re la plus choisie apr\u00e8s les Math\u00e9matiques, les Sciences \u00e9conomiques et sociales, et la Physique Chimie.<\/p>\n<p class=\"paragraph lpe text_align_left\">Pour la m\u00e9tropole et l\u2019Outre-mer les examens de sp\u00e9cialit\u00e9s du <a href=\"https:\/\/www.leparisien.fr\/etudiant\/examens\/bac\/dates-du-bac-OSXVZQG7WJPDVOHTEYMNOU5SXU.php\" target=\"_blank\" rel=\"noopener\">bac 2025<\/a> auront lieu les mardi 17 et mercredi 18 juin prochain, juste apr\u00e8s l\u2019\u00e9preuve \u00e9crite de philo.<\/p>\n<p class=\"paragraph lpe text_align_left\">Comme toutes les autres mati\u00e8res de sp\u00e9cialit\u00e9s le coefficient de l\u2019HGGSP est de 16 (8 pour la philo, ou 10 pour le grand oral&#8230;). Allez vous pourquoi pas obtenir <a href=\"https:\/\/www.leparisien.fr\/etudiant\/examens\/bac\/resultats-du-bac-2021-les-mentions-possibles-pour-les-candidats-2MUB7VTBMRJUHPEXUUC64HL334.php\" target=\"_blank\" rel=\"noopener\">une mention<\/a> ?<\/p>\n<p>Epreuve d\u2019Histoire G\u00e9o HGGSP &#8211; Jour 1 &#8211; Bac 2025 &#8211; \u00c9tranger groupe 1<\/p>\n<p class=\"paragraph lpe text_align_left\">Voici les th\u00e8mes abord\u00e9s et le sujet en int\u00e9gralit\u00e9 ci-dessous :<\/p>\n<p class=\"paragraph lpe text_align_left\">Le candidat traitera un sujet de dissertation, au choix parmi les sujets 1 et 2.<\/p>\n<p class=\"paragraph lpe text_align_left\">Il pr\u00e9cisera sur la copie le num\u00e9ro de sujet choisi pour la dissertation.<\/p>\n<p class=\"paragraph lpe text_align_left\"><b>Dissertation 1<\/b><\/p>\n<p class=\"paragraph lpe text_align_left\">Acteurs et enjeux de la construction des m\u00e9moires du g\u00e9nocide des Juifs et des Tsiganes depuis 1945.<\/p>\n<p class=\"paragraph lpe text_align_left\"><b>Dissertation 2<\/b><\/p>\n<p class=\"paragraph lpe text_align_left\">Guerres r\u00e9guli\u00e8res et guerres irr\u00e9guli\u00e8res apr\u00e8s la fin de la Seconde Guerre mondiale.<\/p>\n<p class=\"paragraph lpe text_align_left\"><b>\u00c9tude critique de document &#8211; De nouveaux espaces de conqu\u00eate<\/b><\/p>\n<p class=\"paragraph lpe text_align_left\">Consigne &#8211; En analysant le document et en vous appuyant sur vos connaissances, montrez que la conqu\u00eate de l\u2019espace et des oc\u00e9ans est un outil de puissance.<\/p>\n<p class=\"paragraph lpe text_align_left\"><b>Document<\/b><\/p>\n<p class=\"paragraph lpe text_align_left\">[\u2026] Mais quand on parle de la France de 2030 et de ce vers quoi nous devons nous projeter, je pense qu\u2019on ne doit pas oublier de continuer \u00e0 \u00eatre des d\u00e9fricheurs. [\u2026] Par le spatial, nous avons toujours tir\u00e9 les grandes innovations, dans l\u2019a\u00e9ronautique ou dans beaucoup d\u2019autres secteurs. Et quand je parle du marin, nous sommes la deuxi\u00e8me puissance maritime au monde. Et donc on ne peut pas penser la France de 2030 sans penser ces deux espaces [\u2026].<\/p>\n<p class=\"paragraph lpe text_align_left\">Sujet en int\u00e9gralit\u00e9 ici : <\/p>\n<p>\u00c9preuve d\u2019Histoire G\u00e9o HGGSP &#8211; Jour 2 &#8211; Bac 2025 &#8211; \u00c9tranger groupe 1<\/p>\n<p class=\"paragraph lpe text_align_left\">Non encore partag\u00e9 par le minist\u00e8re.<\/p>\n<p class=\"paragraph lpe text_align_left\">Sujet \u00e0 venir.<\/p>\n<p class=\"paragraph lpe text_align_left\"><b>Consultez aussi<\/b><\/p>\n<p class=\"paragraph lpe text_align_left\">Et vous pourrez consulter \u00e0 partir du 17 juin les sujets et corrig\u00e9s d\u2019Histoire G\u00e9o publi\u00e9s sur notre site concernant les \u00e9preuves de la m\u00e9tropole.<\/p>\n","protected":false},"excerpt":{"rendered":"Le g\u00e9nocide des Juifs et des Tsiganes depuis 1945 ; La conqu\u00eate de l\u2019espace et des oc\u00e9ans est&hellip;\n","protected":false},"author":2,"featured_media":174952,"comment_status":"","ping_status":"","sticky":false,"template":"","format":"standard","meta":{"footnotes":""},"categories":[1586],"tags":[11,3050,31019,31020,1777,674,1011,27,2684,2633,31021,19386,12,25],"class_list":{"0":"post-174951","1":"post","2":"type-post","3":"status-publish","4":"format-standard","5":"has-post-thumbnail","7":"category-europe","8":"tag-actualites","9":"tag-bac","10":"tag-bac-2023","11":"tag-epreuves-de-specialites","12":"tag-eu","13":"tag-europe","14":"tag-fr","15":"tag-france","16":"tag-le-parisien-etudiant","17":"tag-lycee","18":"tag-mathematiques","19":"tag-maths","20":"tag-news","21":"tag-republique-francaise"},"share_on_mastodon":{"url":"https:\/\/pubeurope.com\/@fr\/114679653533055158","error":""},"_links":{"self":[{"href":"https:\/\/www.europesays.com\/fr\/wp-json\/wp\/v2\/posts\/174951","targetHints":{"allow":["GET"]}}],"collection":[{"href":"https:\/\/www.europesays.com\/fr\/wp-json\/wp\/v2\/posts"}],"about":[{"href":"https:\/\/www.europesays.com\/fr\/wp-json\/wp\/v2\/types\/post"}],"author":[{"embeddable":true,"href":"https:\/\/www.europesays.com\/fr\/wp-json\/wp\/v2\/users\/2"}],"replies":[{"embeddable":true,"href":"https:\/\/www.europesays.com\/fr\/wp-json\/wp\/v2\/comments?post=174951"}],"version-history":[{"count":0,"href":"https:\/\/www.europesays.com\/fr\/wp-json\/wp\/v2\/posts\/174951\/revisions"}],"wp:featuredmedia":[{"embeddable":true,"href":"https:\/\/www.europesays.com\/fr\/wp-json\/wp\/v2\/media\/174952"}],"wp:attachment":[{"href":"https:\/\/www.europesays.com\/fr\/wp-json\/wp\/v2\/media?parent=174951"}],"wp:term":[{"taxonomy":"category","embeddable":true,"href":"https:\/\/www.europesays.com\/fr\/wp-json\/wp\/v2\/categories?post=174951"},{"taxonomy":"post_tag","embeddable":true,"href":"https:\/\/www.europesays.com\/fr\/wp-json\/wp\/v2\/tags?post=174951"}],"curies":[{"name":"wp","href":"https:\/\/api.w.org\/{rel}","templated":true}]}}