{"id":174963,"date":"2025-06-14T03:51:17","date_gmt":"2025-06-14T03:51:17","guid":{"rendered":"https:\/\/www.europesays.com\/fr\/174963\/"},"modified":"2025-06-14T03:51:17","modified_gmt":"2025-06-14T03:51:17","slug":"la-ffbb-et-jordan-brand-lancent-une-plateforme-pour-les-clubs","status":"publish","type":"post","link":"https:\/\/www.europesays.com\/fr\/174963\/","title":{"rendered":"La FFBB et Jordan Brand lancent une plateforme pour les clubs"},"content":{"rendered":"<p><strong>La F\u00e9d\u00e9ration fran\u00e7aise de basketball (FFBB) s\u2019associe \u00e0 Jordan Brand pour offrir une plateforme exclusive d\u00e9di\u00e9e \u00e0 l\u2019\u00e9quipement de ses 3500 clubs affili\u00e9s. <\/strong><\/p>\n<p>Cette initiative permet aux clubs de la FFBB d\u2019acc\u00e9der \u00e0 un large catalogue de produits Jordan, incluant v\u00eatements, chaussures et accessoires. Point fort de cette collaboration : la possibilit\u00e9 de personnaliser les \u00e9quipements avec les couleurs et logos des clubs, renfor\u00e7ant leur identit\u00e9 visuelle.<\/p>\n<p><a href=\"https:\/\/ffbb.niketeamsport.com\/fr\/join\/ffbb?utm_source=ffbb_linkedin&amp;utm_medium=social+post&amp;utm_campaign=ffbb_launch_april2025\" target=\"_blank\" rel=\"noopener\">Cette plateforme<\/a>, accessible via le site officiel de la FFBB, propose \u00e9galement une r\u00e9duction de 20 % sur la gamme Jordan pour les clubs inscrits.<\/p>\n<p>Ce partenariat illustre ainsi l\u2019engagement de la FFBB \u00e0 soutenir ses clubs en leur offrant des outils modernes et des produits de qualit\u00e9, tout en s\u2019appuyant sur l\u2019image embl\u00e9matique de Jordan Brand.<\/p><\/p>\n","protected":false},"excerpt":{"rendered":"La F\u00e9d\u00e9ration fran\u00e7aise de basketball (FFBB) s\u2019associe \u00e0 Jordan Brand pour offrir une plateforme exclusive d\u00e9di\u00e9e \u00e0 l\u2019\u00e9quipement&hellip;\n","protected":false},"author":2,"featured_media":174964,"comment_status":"","ping_status":"","sticky":false,"template":"","format":"standard","meta":{"footnotes":""},"categories":[1414],"tags":[1465,1464,1011,27,60],"class_list":{"0":"post-174963","1":"post","2":"type-post","3":"status-publish","4":"format-standard","5":"has-post-thumbnail","7":"category-basket","8":"tag-basket","9":"tag-basketball","10":"tag-fr","11":"tag-france","12":"tag-sports"},"share_on_mastodon":{"url":"https:\/\/pubeurope.com\/@fr\/114679688914083407","error":""},"_links":{"self":[{"href":"https:\/\/www.europesays.com\/fr\/wp-json\/wp\/v2\/posts\/174963","targetHints":{"allow":["GET"]}}],"collection":[{"href":"https:\/\/www.europesays.com\/fr\/wp-json\/wp\/v2\/posts"}],"about":[{"href":"https:\/\/www.europesays.com\/fr\/wp-json\/wp\/v2\/types\/post"}],"author":[{"embeddable":true,"href":"https:\/\/www.europesays.com\/fr\/wp-json\/wp\/v2\/users\/2"}],"replies":[{"embeddable":true,"href":"https:\/\/www.europesays.com\/fr\/wp-json\/wp\/v2\/comments?post=174963"}],"version-history":[{"count":0,"href":"https:\/\/www.europesays.com\/fr\/wp-json\/wp\/v2\/posts\/174963\/revisions"}],"wp:featuredmedia":[{"embeddable":true,"href":"https:\/\/www.europesays.com\/fr\/wp-json\/wp\/v2\/media\/174964"}],"wp:attachment":[{"href":"https:\/\/www.europesays.com\/fr\/wp-json\/wp\/v2\/media?parent=174963"}],"wp:term":[{"taxonomy":"category","embeddable":true,"href":"https:\/\/www.europesays.com\/fr\/wp-json\/wp\/v2\/categories?post=174963"},{"taxonomy":"post_tag","embeddable":true,"href":"https:\/\/www.europesays.com\/fr\/wp-json\/wp\/v2\/tags?post=174963"}],"curies":[{"name":"wp","href":"https:\/\/api.w.org\/{rel}","templated":true}]}}