{"id":174988,"date":"2025-06-14T04:05:14","date_gmt":"2025-06-14T04:05:14","guid":{"rendered":"https:\/\/www.europesays.com\/fr\/174988\/"},"modified":"2025-06-14T04:05:14","modified_gmt":"2025-06-14T04:05:14","slug":"a-vendre-a-nice-une-villa-de-jean-nouvel-et-sa-piscine-pour-16-millions-deuros","status":"publish","type":"post","link":"https:\/\/www.europesays.com\/fr\/174988\/","title":{"rendered":"\u00c0 vendre \u00e0 Nice, une villa de Jean Nouvel et sa piscine pour 16 millions d\u2019euros"},"content":{"rendered":"<p>Ce n\u2019est pas la premi\u00e8re vente d\u2019une maison azur\u00e9enne de Jean Nouvel qu\u2019AD publie dans ses colonnes. En 2023, une autre villa du ma\u00eetre \u00e9tait \u00e0 vendre, \u00e0 Saint-Jean-Cap-Ferrat cette fois \u2014 et est, aujourd\u2019hui, de nouveau disponible \u00e0 l\u2019achat chez John Taylor.<\/p>\n<p>Sur les hauteurs de <a href=\"https:\/\/www.admagazine.fr\/article\/maison-a-vendre-architecte-saint-jean-cap-ferrat\" target=\"_blank\" rel=\"noopener\">Saint-Jean-Cap-Ferrat<\/a>, la Villa Grand Cap embrasse la M\u00e9diterran\u00e9e en se fondant dans l\u2019environnement avec une souplesse architecturale toute particuli\u00e8re. Sa structure de charpentes en inox se voit adoucie par la construction d\u2019un toit en verre v\u00e9g\u00e9talis\u00e9 qui semble inviter la nature dans chaque recoin de la maison \u2014 une chambre secr\u00e8te d\u2019allure\u00a0troglodyte\u00a0est m\u00eame creus\u00e9e dans la roche, pourvue de sa piscine priv\u00e9e et d\u2019un t\u00eate-\u00e0-t\u00eate avec la mer, redonnant ses lettres de noblesses \u00e0 la chambre d\u2019invit\u00e9s\u2026 Au gr\u00e9 des cinq niveaux (545 m\u00b2), la lumi\u00e8re s\u2019invite dans toutes les pi\u00e8ces puisqu\u2019elles ont \u00e9t\u00e9 pens\u00e9es par\u00a0Jean Nouvel\u00a0comme une succession de serres tourn\u00e9es vers l\u2019eau et le jardin m\u00e9diterran\u00e9en ; les plantes vertes s\u2019invitent m\u00eame dans la cuisine ouverte sur la salle \u00e0 manger.<\/p>\n<p>Surnomm\u00e9e la Presqu\u2019\u00eele des Milliardaires, le Cap Ferrat a toujours \u00e9t\u00e9 une destination pris\u00e9e des personnalit\u00e9s ; <a href=\"https:\/\/www.admagazine.fr\/decoration\/inspiration-deco\/diaporama\/lappartement-du-createur-hubert-de-givenchy-a-paris\/61412\" target=\"_blank\" rel=\"noopener\">Hubert de Givenchy<\/a> y poss\u00e9dait sa maison de vacances, le Clos Fiorentina, un mas proven\u00e7al arbor\u00e9 de citronniers et de jardins \u00e0 l\u2019italienne. Jean Nouvel a lui m\u00eame sign\u00e9 plusieurs projets dans la r\u00e9gion. Une demeure iconique donc, mise en vente par Sotheby\u2019s au prix de 46 000 000 \u20ac.<\/p>\n<p>Cette villa est <a href=\"https:\/\/www.admagazine.fr\/article\/a-vendre-maison-campagne-villa-ternes-paris\" target=\"_blank\" rel=\"noopener\">\u00e0 vendre<\/a>, aujourd\u2019hui, au prix de 35 millions d\u2019euros sur le site du groupe immobilier John Taylor.<\/p>\n","protected":false},"excerpt":{"rendered":"Ce n\u2019est pas la premi\u00e8re vente d\u2019une maison azur\u00e9enne de Jean Nouvel qu\u2019AD publie dans ses colonnes. En&hellip;\n","protected":false},"author":2,"featured_media":174989,"comment_status":"","ping_status":"","sticky":false,"template":"","format":"standard","meta":{"footnotes":""},"categories":[7],"tags":[1011,27,11901,1965,43,40,41,39,42,44],"class_list":{"0":"post-174988","1":"post","2":"type-post","3":"status-publish","4":"format-standard","5":"has-post-thumbnail","7":"category-sciences-et-technologies","8":"tag-fr","9":"tag-france","10":"tag-jean-nouvel","11":"tag-maisons-a-vendre","12":"tag-science","13":"tag-science-and-technology","14":"tag-sciences","15":"tag-sciences-et-technologies","16":"tag-technologies","17":"tag-technology"},"share_on_mastodon":{"url":"https:\/\/pubeurope.com\/@fr\/114679743976904577","error":""},"_links":{"self":[{"href":"https:\/\/www.europesays.com\/fr\/wp-json\/wp\/v2\/posts\/174988","targetHints":{"allow":["GET"]}}],"collection":[{"href":"https:\/\/www.europesays.com\/fr\/wp-json\/wp\/v2\/posts"}],"about":[{"href":"https:\/\/www.europesays.com\/fr\/wp-json\/wp\/v2\/types\/post"}],"author":[{"embeddable":true,"href":"https:\/\/www.europesays.com\/fr\/wp-json\/wp\/v2\/users\/2"}],"replies":[{"embeddable":true,"href":"https:\/\/www.europesays.com\/fr\/wp-json\/wp\/v2\/comments?post=174988"}],"version-history":[{"count":0,"href":"https:\/\/www.europesays.com\/fr\/wp-json\/wp\/v2\/posts\/174988\/revisions"}],"wp:featuredmedia":[{"embeddable":true,"href":"https:\/\/www.europesays.com\/fr\/wp-json\/wp\/v2\/media\/174989"}],"wp:attachment":[{"href":"https:\/\/www.europesays.com\/fr\/wp-json\/wp\/v2\/media?parent=174988"}],"wp:term":[{"taxonomy":"category","embeddable":true,"href":"https:\/\/www.europesays.com\/fr\/wp-json\/wp\/v2\/categories?post=174988"},{"taxonomy":"post_tag","embeddable":true,"href":"https:\/\/www.europesays.com\/fr\/wp-json\/wp\/v2\/tags?post=174988"}],"curies":[{"name":"wp","href":"https:\/\/api.w.org\/{rel}","templated":true}]}}