{"id":174998,"date":"2025-06-14T04:12:16","date_gmt":"2025-06-14T04:12:16","guid":{"rendered":"https:\/\/www.europesays.com\/fr\/174998\/"},"modified":"2025-06-14T04:12:16","modified_gmt":"2025-06-14T04:12:16","slug":"ete-2025-les-evenements-incontournables-a-ne-pas-manquer-cet-ete-en-lorraine","status":"publish","type":"post","link":"https:\/\/www.europesays.com\/fr\/174998\/","title":{"rendered":"Et\u00e9 2025. Les \u00e9v\u00e9nements incontournables \u00e0 ne pas manquer cet \u00e9t\u00e9 en Lorraine"},"content":{"rendered":"<p>Le soleil brille, les terrasses se remplissent, l\u2019air sent bon les vacances\u2026 Et l&rsquo;envie de sortir pour en profiter nous d\u00e9mange.\u00a0Que vous soyez amateur de musique, fan de spectacles de rue ou simplement \u00e0 la recherche d\u2019une ambiance estivale, il y aura forc\u00e9ment un \u00e9v\u00e9nement pour vous cet \u00e9t\u00e9 \u00e0 Nancy, Metz, Epinal, Verdun, Bar-le-Duc&#8230;<\/p>\n<p>Alors, pour ne rien manquer, voici notre s\u00e9lection des temps forts \u00e0 vivre absolument entre juin et ao\u00fbt en Lorraine. A vos agendas !<\/p>\n<p>  Les plages de Nancy et Metz\u00a0<\/p>\n<p>Des plages \u00e0 Nancy et \u00e0 Metz, vraiment ? Et oui ! Tous les \u00e9t\u00e9s,\u00a0un parfum de f\u00eate\u00a0et de vacances flotte sur les deux plus grosses villes lorraines. Les bords de la Meurthe \u00e0 Nancy et ceux du plan d&rsquo;eau \u00e0 Metz se transforment en v\u00e9ritables plages avec du sable, des piscines, des jeux d&rsquo;eau, des transats et des guinguettes. Pr\u00e9parez vos cr\u00e8mes et vos maillots de bain !<\/p>\n<p>&gt; A Nancy,\u00a0la Plage des Deux-Rives se tiendra <strong>du 1er juillet au 31 ao\u00fbt 2025<\/strong>. <a href=\"https:\/\/www.estrepublicain.fr\/culture-loisirs\/2025\/05\/01\/la-plage-des-2-rives-ouvrira-le-1er-juillet\" target=\"_blank\" rel=\"noopener\">Un \u00e9v\u00e9nement gratuit et ouvert \u00e0 tous<\/a>.\u00a0<\/p>\n<p>&gt; A Metz,\u00a0la plage au plan d&rsquo;eau sera ouverte <strong>du\u00a05 juillet au\u00a017 ao\u00fbt 2025.<\/strong>\u00a0Nouveaut\u00e9 cette ann\u00e9e\u00a0:\u00a0le Coin des Petits Bouts, une zone ludique et sportive\u00a0am\u00e9nag\u00e9e sp\u00e9cialement pour les enfants de 0 \u00e0 6 ans.<\/p>\n<p>  \u00ab\u00a0Constellations\u00a0\u00bb, le festival international d&rsquo;arts num\u00e9riques de Metz<\/p>\n<p>Projections, son et lumi\u00e8re, street art, spectacles, concerts et expositions&#8230; Des artistes venus du monde entier\u00a0viennent \u00e0 Metz d\u00e9voiler leurs cr\u00e9ations originales\u00a0dans un patrimoine architectural et urbain unique. Ne ratez surtout pas <a href=\"https:\/\/www.republicain-lorrain.fr\/culture-loisirs\/2025\/05\/28\/ces-5-projets-a-ne-pas-rater-pour-constellations-2025\" target=\"_blank\" rel=\"noopener\">l&rsquo;exceptionnel mapping vid\u00e9o <\/a>sur la cath\u00e9drale Saint-\u00c9tienne.<\/p>\n<p>&gt; Le festival se tient <strong>du 19 juin au 30 ao\u00fbt 2025<\/strong>\u00a0dans les rues messines.\u00a0<\/p>\n<p>  \u00ab\u00a0La Belle Saison\u00a0\u00bb, le spectacle son et lumi\u00e8re de Nancy<\/p>\n<p>Difficile de trouver plus incontournable \u00e0 Nancy.\u00a0Chaque \u00e9t\u00e9, la <a href=\"https:\/\/www.estrepublicain.fr\/p\/place-stanislas\" target=\"_blank\" rel=\"noopener\">place Stanislas<\/a> devient l\u2019\u00e9crin d\u2019un extraordinaire son et lumi\u00e8re.\u00a0En 2025, c\u2019est\u00a0un tout nouveau spectacle\u00a0totalement\u00a0in\u00e9dit\u00a0que vous d\u00e9couvrirez, avec <a href=\"https:\/\/www.estrepublicain.fr\/culture-loisirs\/2025\/05\/13\/mapping-a-nancy-andre-manoukian-signe-la-bande-son-de-morphing-architecture-le-nouveau-son-et-lumiere-de-la-place-stanislas\" target=\"_blank\" rel=\"noopener\">une bande-son sign\u00e9e Andr\u00e9 Manoukian.<\/a><\/p>\n<p>&gt; Le son et lumi\u00e8re est \u00e0 d\u00e9couvrir tous les soirs\u00a0<strong>du\u00a013 juin au 14 septembre 2025.<\/strong><\/p>\n<ul class=\"galerieContent carousel-wrapper__slides\" id=\"8cb27b2f-09c1-4131-846d-038c3a6669a4\">        &#13;<\/p>\n<li class=\"carousel-wrapper__slides--slide item\" id=\"slide-1\">&#13;<br \/>\n                                    &#13;<br \/>\n                        <a class=\"chocolat-image GA-tracking\" data-ga_type=\"click\" data-ga_category=\"D\u00e9tail\" data-ga_action=\"zoomer\" data-ga_label=\"aggrandir image\" href=\"https:\/\/cdn-s-www.estrepublicain.fr\/images\/605df479-1bc7-46c3-9c78-1d2224d6c4a8\/NW_raw\/le-video-mapping-quot-la-belle-saison-quot-en-2024-photo-er-cedric-jacquot-1718562243.jpg\" title=\"\u00a0Le vid\u00e9o-mapping &quot;La Belle Saison&quot; en 2024. Photo ER\/ C\u00e9dric Jacquot\" target=\"_blank\" rel=\"noopener\">&#13;<br \/>\n                            <img decoding=\"async\" src=\"https:\/\/www.europesays.com\/fr\/wp-content\/uploads\/2025\/06\/le-video-mapping-quot-la-belle-saison-quot-en-2024-photo-er-cedric-jacquot-1743413192.jpg\"   alt=\"\u00a0Le vid\u00e9o-mapping &quot;La Belle Saison&quot; en 2024. Photo ER\/ C\u00e9dric Jacquot\" fetchpriority=\"high\" data-mobile=\"NW_listA_M|1718562243\" data-base=\"NW_listA|1743413192\"\/>&#13;<br \/>\n                        <\/a>&#13;<\/p>\n<p>\u00a0Le vid\u00e9o-mapping \u00ab\u00a0La Belle Saison\u00a0\u00bb en 2024. Photo ER\/ C\u00e9dric Jacquot<\/p>\n<p>                        &#13;<br \/>\n                                           &#13;\n                <\/li>\n<p>&#13;<br \/>\n            &#13;<\/p>\n<li class=\"carousel-wrapper__slides--slide item slideWithPub\" id=\"slide-2\">&#13;<br \/>\n                        &#13;<br \/>\n                            <a class=\"chocolat-image\" title=\"Publicit\u00e9\" href=\"data:image\/gif;base64,R0lGODlhAQABAAD\/ACwAAAAAAQABAAACADs=\">&#13;<br \/>\n                                <img decoding=\"async\" src=\"data:image\/gif;base64,R0lGODlhAQABAAD\/ACwAAAAAAQABAAACADs=\" alt=\"Publicit\u00e9\" loading=\"lazy\" fetchpriority=\"low\"\/>&#13;<br \/>\n                            <\/a>&#13;<br \/>\n                        &#13;\n                    <\/li>\n<p>&#13;<\/p>\n<li class=\"carousel-wrapper__slides--slide item\" id=\"slide-3\">&#13;<br \/>\n                                    &#13;<br \/>\n                        <a class=\"chocolat-image GA-tracking\" data-ga_type=\"click\" data-ga_category=\"D\u00e9tail\" data-ga_action=\"zoomer\" data-ga_label=\"aggrandir image\" href=\"https:\/\/cdn-s-www.estrepublicain.fr\/images\/292ca9c6-138d-4910-82ae-b9653018ee38\/NW_raw\/le-video-mapping-quot-la-belle-saison-quot-en-2024-photo-er-cedric-jacquot-1718562288.jpg\" title=\"\u00a0Le vid\u00e9o-mapping &quot;La Belle Saison&quot; en 2024. Photo ER\/ C\u00e9dric Jacquot\" target=\"_blank\" rel=\"noopener\">&#13;<br \/>\n                            <img decoding=\"async\" src=\"https:\/\/www.europesays.com\/fr\/wp-content\/uploads\/2025\/06\/1749874333_752_le-video-mapping-quot-la-belle-saison-quot-en-2024-photo-er-cedric-jacquot-1743413192.jpg\"   alt=\"\u00a0Le vid\u00e9o-mapping &quot;La Belle Saison&quot; en 2024. Photo ER\/ C\u00e9dric Jacquot\" loading=\"lazy\" fetchpriority=\"low\" data-mobile=\"NW_listA_M|1718562288\" data-base=\"NW_listA|1743413192\"\/>&#13;<br \/>\n                        <\/a>&#13;<\/p>\n<p>\u00a0Le vid\u00e9o-mapping \u00ab\u00a0La Belle Saison\u00a0\u00bb en 2024. Photo ER\/ C\u00e9dric Jacquot<\/p>\n<p>                        &#13;<br \/>\n                                           &#13;\n                <\/li>\n<p>&#13;<br \/>\n            &#13;<\/p>\n<li class=\"carousel-wrapper__slides--slide item\" id=\"slide-4\">&#13;<br \/>\n                                    &#13;<br \/>\n                        <a class=\"chocolat-image GA-tracking\" data-ga_type=\"click\" data-ga_category=\"D\u00e9tail\" data-ga_action=\"zoomer\" data-ga_label=\"aggrandir image\" href=\"https:\/\/cdn-s-www.estrepublicain.fr\/images\/5fe400e7-8a6c-4f12-8b0e-d34b18f4d991\/NW_raw\/le-video-mapping-quot-la-belle-saison-quot-en-2024-photo-er-cedric-jacquot-1718402930.jpg\" title=\"\u00a0Le vid\u00e9o-mapping &quot;La Belle Saison&quot; en 2024. Photo ER\/ C\u00e9dric Jacquot\" target=\"_blank\" rel=\"noopener\">&#13;<br \/>\n                            <img decoding=\"async\" src=\"https:\/\/www.europesays.com\/fr\/wp-content\/uploads\/2025\/06\/1749874334_603_le-video-mapping-quot-la-belle-saison-quot-en-2024-photo-er-cedric-jacquot-1743413192.jpg\"   alt=\"\u00a0Le vid\u00e9o-mapping &quot;La Belle Saison&quot; en 2024. Photo ER\/ C\u00e9dric Jacquot\" loading=\"lazy\" fetchpriority=\"low\" data-mobile=\"NW_listA_M|1718402930\" data-base=\"NW_listA|1743413192\"\/>&#13;<br \/>\n                        <\/a>&#13;<\/p>\n<p>\u00a0Le vid\u00e9o-mapping \u00ab\u00a0La Belle Saison\u00a0\u00bb en 2024. Photo ER\/ C\u00e9dric Jacquot<\/p>\n<p>                        &#13;<br \/>\n                                           &#13;\n                <\/li>\n<p>&#13;<br \/>\n            &#13;\n                <\/ul>\n<p>A mi-chemin entre le festival et le concert, le Nancy Open Air a d\u00e9cid\u00e9ment mis le paquet cette ann\u00e9e.\u00a0Ce sont <a href=\"https:\/\/www.estrepublicain.fr\/culture-loisirs\/2025\/05\/28\/nancy-open-air-2025-tout-ce-qu-il-faut-savoir-sur-les-concerts-les-horaires-les-parkings-la-restauration\" target=\"_blank\" rel=\"noopener\">4 grands rendez-vous<\/a> qui se tiendront dans la sc\u00e8ne en plein air du Z\u00e9nith de Nancy.\u00a0Avec,\u00a0pour bien commencer,\u00a0<a href=\"https:\/\/www.estrepublicain.fr\/culture-loisirs\/2025\/05\/03\/le-heavy-week-end-revient-en-2025-pour-confirmer-la-reussite-de-2024\" target=\"_blank\" rel=\"noopener\">le retour du \u00ab\u00a0Heavy Week-End\u00a0\u00bb\u00a0<\/a>\u00e0 la programmation XXL\u00a0: le\u00a06, 7 et 8 juin se sont succ\u00e9d\u00e9 des l\u00e9gendes du m\u00e9tal comme Slipknot, Powerwolf, Dream Theater, Mass Hysteria&#8230;<\/p>\n<p>Seront aussi \u00e0 l&rsquo;affiche du Nancy Open Air :\u00a0V\u00e9ronique Samson et\u00a0<a href=\"https:\/\/www.estrepublicain.fr\/p\/jean-louis-aubert\" target=\"_blank\" rel=\"noopener\">Jean-Louis Aubert<\/a>\u00a0le 14 juin,\u00a0une soir\u00e9e sp\u00e9ciale humour avec\u00a0<a href=\"https:\/\/www.estrepublicain.fr\/p\/artus\" target=\"_blank\" rel=\"noopener\">Artus<\/a>\u00a0et ses invit\u00e9s\u00a0le 28 juin,\u00a0et Kendji et Soprano\u00a0le 5 juillet.<\/p>\n<p>&gt;\u00a0\u00a0<strong>Du\u00a06 juin au 5 juillet 2025<\/strong>\u00a0au Z\u00e9nith de Nancy.\u00a0<\/p>\n<p>  EnEnvol, un \u00ab\u00a0festivol\u00a0\u00bb de montgolfi\u00e8res et un concert de Gims \u00e0 Chambley (54)<\/p>\n<p>Apr\u00e8s la fin du Mondial Air Ballons, c&rsquo;est un nouvel \u00e9v\u00e9nement qui prend la rel\u00e8ve et met \u00e9galement au centre les montgolfi\u00e8res : EnEnvol,\u00a0toujours \u00e0 Chambley. Le \u00ab\u00a0festivol\u00a0\u00bb<a href=\"https:\/\/www.republicain-lorrain.fr\/culture-loisirs\/2025\/06\/12\/enenvol-contre-gemab-la-manifestation-aura-bien-lieu-c-est-une-grande-victoire\" target=\"_blank\" rel=\"noopener\"> voit les choses en grand<\/a> et se veut plus global et plus festif : en plus des traditionnels vols de montgolfi\u00e8res, se tiendra tout un tas d&rsquo;activit\u00e9s. Labyrinthe de ma\u00efs, aquatic show, village pour enfants, escape game grandeur nature, et un grand concert du rappeur Gims\u00a0sont au programme.<\/p>\n<p>&gt; <strong>Du 25 juillet au 3 ao\u00fbt.<\/strong>\u00a0\u00a0<\/p>\n<p>Ce contenu est bloqu\u00e9 car vous n&rsquo;avez pas accept\u00e9 les cookies et autres traceurs.<\/p>\n<p>En cliquant sur \u00ab J\u2019accepte \u00bb, les cookies et autres traceurs seront d\u00e9pos\u00e9s et vous pourrez visualiser les contenus  (<a href=\"\" class=\"consentModule_policy\" target=\"_blank\" title=\"Consulter la politique de protection des donn\u00e9es du fournisseur\">plus d&rsquo;informations<\/a>).<\/p>\n<p>En cliquant sur \u00ab J\u2019accepte tous les cookies \u00bb, vous autorisez des d\u00e9p\u00f4ts de cookies et autres traceurs pour le stockage de vos donn\u00e9es sur nos sites et applications \u00e0 des fins de personnalisation et de ciblage publicitaire.<\/p>\n<p class=\"consentModule_secondaryText\">Vous gardez la possibilit\u00e9 de retirer votre consentement \u00e0 tout moment en consultant notre <a href=\"https:\/\/www.estrepublicain.fr\/protection-des-donnees\" target=\"_blank\" title=\"Consulter notre politique de protection des donn\u00e9es\" rel=\"noopener\">politique de protection des donn\u00e9es<\/a>. <br \/>&#13;<br \/>\n            <a href=\"https:\/\/www.estrepublicain.fr\/culture-loisirs\/2025\/06\/14\/javascript:Didomi.notice.show()\" class=\"consentModule_cmp\" target=\"_blank\" rel=\"noopener\">G\u00e9rer mes choix<\/a>&#13;\n        <\/p>\n<p>&#13;<br \/>\n                        J&rsquo;accepte&#13;<br \/>\n            J&rsquo;accepte tous les cookies&#13;\n        <\/p>\n<p>  Hop Hop Hop, le spectacle \u00e0 ciel ouvert dans les rues de Metz<\/p>\n<p>Pendant une dizaine de jours, une ribambelle de com\u00e9diens, artistes et autres troubadours\u00a0investiront les rues de Metz\u00a0pour le festival\u00a0du spectacle \u00e0 ciel ouvert Hop Hop Hop,<a href=\"https:\/\/www.republicain-lorrain.fr\/culture-loisirs\/2025\/06\/11\/festival-hop-hop-hop-le-plein-de-spectacles-gratuits-des-le-27-juin\" target=\"_blank\" rel=\"noopener\"> un \u00e9v\u00e9nement compl\u00e8tement gratuit.<\/a> <\/p>\n<p>&gt; Le festival revient\u00a0<strong>du\u00a05 au 14 juillet 2025<\/strong>. Soir\u00e9e d&rsquo;ouverture le 27 juin au parc du Haut-Fourneau U4 \u00e0 Uckange.<\/p>\n<p>    &#13;<br \/>\n    &#13;<br \/>\n    &#13;<br \/>\n    <a href=\"https:\/\/cdn-s-www.estrepublicain.fr\/images\/91386005-3382-4a58-810c-5a955d5093ce\/NW_raw\/le-spectacle-color-wheels-led-generation-lors-du-festival-hop-hop-hop-photo-rl-maury-golini-1684859372.jpg\" title=\"Le spectacle Color Wheels LED Generation lors du festival Hop Hop Hop. Photo RL\/Maury GOLINI\" class=\"chocolat-image GA-tracking\" data-ga_type=\"click\" data-ga_category=\"D\u00e9tail\" data-ga_action=\"zoomer\" data-ga_label=\"aggrandir image\" target=\"_blank\" rel=\"noopener\">&#13;<br \/>\n        <img src=\"https:\/\/www.europesays.com\/fr\/wp-content\/uploads\/2025\/06\/le-spectacle-color-wheels-led-generation-lors-du-festival-hop-hop-hop-photo-rl-maury-golini-17434131.jpeg\"   alt=\"Le spectacle Color Wheels LED Generation lors du festival Hop Hop Hop. Photo RL\/Maury GOLINI\" fetchpriority=\"high\" decoding=\"async\" data-mobile=\"NW_listA_M|1684859372\" data-base=\"NW_listA|1743413192\"\/>&#13;<br \/>\n    <\/a>&#13;<\/p>\n<p>Le spectacle Color Wheels LED Generation lors du festival Hop Hop Hop. Photo RL\/Maury GOLINI<\/p>\n<p>  Le premier festival de l&rsquo;humour de Bar-le-Duc<\/p>\n<p><a href=\"https:\/\/www.estrepublicain.fr\/p\/alex-lutz\" target=\"_blank\" rel=\"noopener\">Alex Lutz<\/a>, B\u00e9reng\u00e8re Krief, Kheiron, Caroline Vigneaux&#8230; Pour sa 1\u00e8re \u00e9dition, le festival de l&rsquo;humour de Bar-le-Duc s&rsquo;offre une belle programmation, avec des t\u00eates d&rsquo;affiche bien connues du grand public. Il se tiendra dans des lieux embl\u00e9matiques de la cit\u00e9 : le parc de l\u2019h\u00f4tel de ville, le coll\u00e8ge Gilles-de-Tr\u00e8ves et place Reggio. Les spectacles du soir seront payants, et des animations gratuites (stand-up, impro, slam, yoga du rire) seront propos\u00e9es la journ\u00e9e.\u00a0<\/p>\n<p>&gt;<strong> Du vendredi 27 au 29 juin.<\/strong>\u00a025 \u20ac la soir\u00e9e. Pour les animations gratuites, la r\u00e9servation est conseill\u00e9e.\u00a0<\/p>\n<p>  Des Flammes \u00e0 la lumi\u00e8re, le son et lumi\u00e8re \u00e9v\u00e9nement \u00e0 Verdun<\/p>\n<p>Il s&rsquo;agit rien de moins que du\u00a0plus grand son et lumi\u00e8re d\u2019Europe sur la Grande Guerre.\u00a0Une immersion visuelle et sonore au c\u0153ur des combats avec d&rsquo;immenses projections, <a href=\"https:\/\/www.estrepublicain.fr\/culture-loisirs\/2025\/05\/01\/grand-verdun-dans-les-coulisses-du-spectacle-des-flammes-a-la-lumiere\" target=\"_blank\" rel=\"noopener\">des d\u00e9cors impressionnants<\/a>,\u00a0250 acteurs et\u00a0des effets sp\u00e9ciaux spectaculaires.\u00a0<\/p>\n<p>&gt; Un spectacle \u00e0 d\u00e9couvrir\u00a0<strong>le 20, 21, 27, 28 Juin et 4, 5, 11, 12, 18, 19, 25, 26 Juillet 2025.<\/strong><\/p>\n<p>    &#13;<br \/>\n    &#13;<br \/>\n    &#13;<br \/>\n    <a href=\"https:\/\/cdn-s-www.estrepublicain.fr\/images\/258e4461-f7ea-494f-94ca-a88b22d7e421\/NW_raw\/des-flammes-a-la-lumiere-a-verdun-photo-er-frederic-mercenier-1655817183.jpg\" title=\"Des Flammes \u00e0 la Lumi\u00e8re \u00e0 Verdun. Photo ER\/Fr\u00e9d\u00e9ric MERCENIER\" class=\"chocolat-image GA-tracking\" data-ga_type=\"click\" data-ga_category=\"D\u00e9tail\" data-ga_action=\"zoomer\" data-ga_label=\"aggrandir image\" target=\"_blank\" rel=\"noopener\">&#13;<br \/>\n        <img src=\"https:\/\/www.europesays.com\/fr\/wp-content\/uploads\/2025\/06\/des-flammes-a-la-lumiere-a-verdun-photo-er-frederic-mercenier-1743413192.jpg\"   alt=\"Des Flammes \u00e0 la Lumi\u00e8re \u00e0 Verdun. Photo ER\/Fr\u00e9d\u00e9ric MERCENIER\" fetchpriority=\"high\" decoding=\"async\" data-mobile=\"NW_listA_M|1655817183\" data-base=\"NW_listA|1743413192\"\/>&#13;<br \/>\n    <\/a>&#13;<\/p>\n<p>Des Flammes \u00e0 la Lumi\u00e8re \u00e0 Verdun. Photo ER\/Fr\u00e9d\u00e9ric MERCENIER<\/p>\n<p>  Le festival Rues et Cies \u00e0 \u00c9pinal<\/p>\n<p>Pendant trois jours, le c\u0153ur d\u2019\u00c9pinal battra au rythme de la folie contagieuse du festival Rues et Cies, \u00e0 travers une programmation riche, diversifi\u00e9e, belle vitrine de la cr\u00e9ation pour la rue. Au programme : th\u00e9\u00e2tre,\u00a0 clown, danse, fanfare, cabaret de l\u2019absurde, spectacle acrobatique, cirque de rue&#8230; Une vingtaine de compagnies d\u2019artistes et une demi-douzaine de fanfares sont attendues, dans <a href=\"https:\/\/www.vosgesmatin.fr\/culture-loisirs\/2025\/05\/20\/l-historique-festival-rues-cies-d-epinal-entrera-dans-une-nouvelle-ere-les-14-et-15-juin\" target=\"_blank\" rel=\"noopener\">une formule totalement revisit\u00e9e cette ann\u00e9e.<\/a>\u00a0<\/p>\n<p>&gt; Le festival se tient\u00a0<strong>le 14 et 15 juin<\/strong>\u00a0\u00e0 \u00c9pinal.\u00a0<\/p>\n<p>  Les F\u00eates de la Mirabelle \u00e0 Metz<\/p>\n<p>Depuis 1947,\u00a0Metz organise ses traditionnelles F\u00eates de la Mirabelle\u00a0\u00e0 la fin de l&rsquo;\u00e9t\u00e9. Apr\u00e8s une ann\u00e9e 2024 all\u00e9g\u00e9e, Jeux Olympiques oblige, <a href=\"https:\/\/www.republicain-lorrain.fr\/culture-loisirs\/2025\/06\/12\/sheila-feu-d-artifice-et-election-de-la-reine-le-programme-des-fetes-de-la-mirabelle\" target=\"_blank\" rel=\"noopener\">les c\u00e9l\u00e9brations reviennent en force cette ann\u00e9e.<\/a> Le feu d&rsquo;artifice au plan d&rsquo;eau fait son grand retour, pr\u00e9c\u00e9d\u00e9 par le concert gratuit du groupe \u00e9lectro\u00a0Naive New Beaters, puis de l&rsquo;ic\u00f4ne du disco, la chanteuse <a href=\"https:\/\/www.estrepublicain.fr\/p\/sheila\" target=\"_blank\" rel=\"noopener\">Sheila<\/a>. Sans oublier <a href=\"https:\/\/www.republicain-lorrain.fr\/insolite\/2025\/06\/12\/metz-decouvrez-les-huit-candidates-a-l-election-de-la-reine-de-la-mirabelle-2025\" target=\"_blank\" rel=\"noopener\">la c\u00e9l\u00e8bre \u00e9lection de la Reine de la Mirabelle<\/a>\u00a0et de nombreuses autres animations.<\/p>\n<p>Les f\u00eates se concluront en beaut\u00e9 par la parade nautique,\u00a0un grand spectacle familial sur la Moselle, en musique et pyrotechnie, sur le th\u00e8me de Vingt mille lieues sous les mers.<\/p>\n<p>&gt; Sur deux week-ends\u00a0: <strong>du 22 au 24 ao\u00fbt<\/strong> et <strong>du 30 au 31 ao\u00fbt<\/strong>.\u00a0<\/p>\n","protected":false},"excerpt":{"rendered":"Le soleil brille, les terrasses se remplissent, l\u2019air sent bon les vacances\u2026 Et l&rsquo;envie de sortir pour en&hellip;\n","protected":false},"author":2,"featured_media":174999,"comment_status":"","ping_status":"","sticky":false,"template":"","format":"standard","meta":{"footnotes":""},"categories":[9635],"tags":[1111,11,3600,1687,3602,1707,1704,1706,1705,10174,1777,674,107,1011,27,775,31022,20065,11209,1702,12,3456,25],"class_list":{"0":"post-174998","1":"post","2":"type-post","3":"status-publish","4":"format-standard","5":"has-post-thumbnail","7":"category-nancy","8":"tag-actu","9":"tag-actualites","10":"tag-bar-le-duc","11":"tag-culture-loisirs","12":"tag-edition-bar-le-duc","13":"tag-edition-luneville","14":"tag-edition-nancy-et-agglomeration","15":"tag-edition-pont-a-mousson","16":"tag-edition-toul","17":"tag-edition-verdun","18":"tag-eu","19":"tag-europe","20":"tag-fil-info","21":"tag-fr","22":"tag-france","23":"tag-grand-est","24":"tag-le-guide-de-lete-lorraine","25":"tag-magazine-tourisme-et-patrimoine","26":"tag-meuse","27":"tag-nancy","28":"tag-news","29":"tag-region-lorraine","30":"tag-republique-francaise"},"share_on_mastodon":{"url":"https:\/\/pubeurope.com\/@fr\/114679771777444815","error":""},"_links":{"self":[{"href":"https:\/\/www.europesays.com\/fr\/wp-json\/wp\/v2\/posts\/174998","targetHints":{"allow":["GET"]}}],"collection":[{"href":"https:\/\/www.europesays.com\/fr\/wp-json\/wp\/v2\/posts"}],"about":[{"href":"https:\/\/www.europesays.com\/fr\/wp-json\/wp\/v2\/types\/post"}],"author":[{"embeddable":true,"href":"https:\/\/www.europesays.com\/fr\/wp-json\/wp\/v2\/users\/2"}],"replies":[{"embeddable":true,"href":"https:\/\/www.europesays.com\/fr\/wp-json\/wp\/v2\/comments?post=174998"}],"version-history":[{"count":0,"href":"https:\/\/www.europesays.com\/fr\/wp-json\/wp\/v2\/posts\/174998\/revisions"}],"wp:featuredmedia":[{"embeddable":true,"href":"https:\/\/www.europesays.com\/fr\/wp-json\/wp\/v2\/media\/174999"}],"wp:attachment":[{"href":"https:\/\/www.europesays.com\/fr\/wp-json\/wp\/v2\/media?parent=174998"}],"wp:term":[{"taxonomy":"category","embeddable":true,"href":"https:\/\/www.europesays.com\/fr\/wp-json\/wp\/v2\/categories?post=174998"},{"taxonomy":"post_tag","embeddable":true,"href":"https:\/\/www.europesays.com\/fr\/wp-json\/wp\/v2\/tags?post=174998"}],"curies":[{"name":"wp","href":"https:\/\/api.w.org\/{rel}","templated":true}]}}