{"id":175002,"date":"2025-06-14T04:15:12","date_gmt":"2025-06-14T04:15:12","guid":{"rendered":"https:\/\/www.europesays.com\/fr\/175002\/"},"modified":"2025-06-14T04:15:12","modified_gmt":"2025-06-14T04:15:12","slug":"gemy-toulon-ouvre-grand-ses-portes-les-13-14-et-15-juin-2025","status":"publish","type":"post","link":"https:\/\/www.europesays.com\/fr\/175002\/","title":{"rendered":"GEMY TOULON OUVRE GRAND SES PORTES LES 13, 14 ET 15 JUIN 2025"},"content":{"rendered":"<p class=\"ai-optimize-6 ai-optimize-introduction\" data-start=\"1225\" data-end=\"1454\">Le groupe automobile GEMY vous invite \u00e0 un week-end exceptionnel \u00e0 La Seyne, Toulon, Hy\u00e8res, Cogolin et Brignoles, du <strong data-start=\"1307\" data-end=\"1329\">13 au 15 juin 2025<\/strong>, dans ses concessions <strong data-start=\"1352\" data-end=\"1378\">DS, Citro\u00ebn et Peugeot<\/strong>. Une occasion \u00e0 ne pas manquer pour changer de voiture en toute simplicit\u00e9.<\/p>\n<p><img loading=\"lazy\" decoding=\"async\" class=\"size-full wp-image-54363\" src=\"https:\/\/www.europesays.com\/fr\/wp-content\/uploads\/2025\/06\/Image-Instagram.jpg\" alt=\"Gemy Var_info83\" width=\"668\" height=\"580\"  \/>3 jours \u2013 3 marques c\u2019est Gemy Var<br \/>\nDurant ces <strong data-start=\"1467\" data-end=\"1501\">trois jours de portes ouvertes<\/strong>, les visiteurs auront acc\u00e8s \u00e0 :<\/p>\n<ul data-start=\"1535\" data-end=\"1850\">\n<li class=\"ai-optimize-8\" data-start=\"1535\" data-end=\"1616\">\n<p class=\"ai-optimize-9\" data-start=\"1537\" data-end=\"1616\">Un large choix de <strong data-start=\"1555\" data-end=\"1588\">v\u00e9hicules neufs et d\u2019occasion<\/strong>, disponibles <strong data-start=\"1602\" data-end=\"1616\">sans d\u00e9lai<\/strong><\/p>\n<\/li>\n<li class=\"ai-optimize-10\" data-start=\"1617\" data-end=\"1688\">\n<p class=\"ai-optimize-11\" data-start=\"1619\" data-end=\"1688\">Des <strong data-start=\"1623\" data-end=\"1656\">offres de reprise attractives<\/strong> et un <strong data-start=\"1663\" data-end=\"1688\">financement \u00e0 taux 0%<\/strong><\/p>\n<\/li>\n<li class=\"ai-optimize-12\" data-start=\"1689\" data-end=\"1777\">\n<p class=\"ai-optimize-13\" data-start=\"1691\" data-end=\"1777\">Des mod\u00e8les expos\u00e9s, \u00e0 essayer sur place, avec l\u2019accompagnement de conseillers experts<\/p>\n<\/li>\n<li class=\"ai-optimize-14\" data-start=\"1778\" data-end=\"1850\">\n<p class=\"ai-optimize-15\" data-start=\"1780\" data-end=\"1850\">Une <strong data-start=\"1784\" data-end=\"1807\">ambiance conviviale<\/strong>, propice aux \u00e9changes et aux coups de c\u0153ur<\/p>\n<\/li>\n<\/ul>\n<p>Une voiture pour chaque envie<\/p>\n<p class=\"ai-optimize-17\" data-start=\"1887\" data-end=\"2131\">Besoin de <strong data-start=\"1897\" data-end=\"1906\">style<\/strong>, de <strong data-start=\"1911\" data-end=\"1922\">confort<\/strong> ou de <strong data-start=\"1929\" data-end=\"1943\">sensations<\/strong> ? Les gammes DS, Citro\u00ebn et Peugeot sont \u00e0 d\u00e9couvrir sur site, avec des v\u00e9hicules pr\u00eats \u00e0 partir. Tout est pens\u00e9 pour vous permettre de repartir au volant d\u2019un mod\u00e8le qui vous correspond.<\/p>\n<p class=\"ai-optimize-18\" data-start=\"2133\" data-end=\"2304\"><strong data-start=\"2136\" data-end=\"2146\">Lieu :<\/strong> GEMY Var \u2013 Concessions DS, Citro\u00ebn, Peugeot<br data-start=\"2193\" data-end=\"2196\"\/><strong data-start=\"2199\" data-end=\"2210\">Dates :<\/strong> Vendredi 13, samedi 14 et dimanche 15 juin 2025<br data-start=\"2258\" data-end=\"2261\"\/><strong data-start=\"2263\" data-end=\"2277\">Horaires :<\/strong> 9h \u00e0 19h sans interruption<\/p>\n<p class=\"ai-optimize-21\" data-start=\"2133\" data-end=\"2304\">En savoir plus sur le groupe Gemy :<a href=\"https:\/\/peugeot-toulon.gemy.fr\/XUK8vfPhGV-qui_sommes_nous\" target=\"_blank\" rel=\"noopener\"> ICI<\/a><\/p>\n<p><strong>Retour sur les lancements Gemy Peugeot<\/strong><\/p>\n<p class=\"ai-optimize-7\"><a href=\"https:\/\/www.info83.fr\/nouvelle-peugeot-208\/\" target=\"_blank\" rel=\"noopener noreferrer\">\u00a0Lancement de la nouvelle 208 en octobre 2019<\/a><\/p>\n<p class=\"ai-optimize-8\"><a href=\"https:\/\/bit.ly\/3vsJxc3\" target=\"_blank\" rel=\"noopener noreferrer\">La nouvelle 508 fait son show<\/a><\/p>\n<p class=\"ai-optimize-9\"><a href=\"https:\/\/bit.ly\/3n7aLkz\" target=\"_blank\" rel=\"noopener noreferrer\">Lancement de la nouvelle 308 2013<\/a><\/p>\n<p class=\"ai-optimize-8\"><strong><img decoding=\"async\" class=\"emoji\" role=\"img\" draggable=\"false\" src=\"https:\/\/s.w.org\/images\/core\/emoji\/13.1.0\/svg\/1f538.svg\" alt=\"\ud83d\udd38\" data-pin-no-hover=\"true\"\/>Info83, le Var proche de vous<br \/><\/strong><\/p>\n<p class=\"ai-optimize-9\"><img decoding=\"async\" class=\"emoji\" role=\"img\" draggable=\"false\" src=\"https:\/\/s.w.org\/images\/core\/emoji\/13.1.0\/svg\/27a1.svg\" alt=\"\u27a1\ufe0f\" data-pin-no-hover=\"true\"\/>\u00a0<a href=\"https:\/\/bit.ly\/2OZZMMK\" target=\"_blank\" rel=\"noopener noreferrer\">Facebook Info83<\/a><\/p>\n<p class=\"ai-optimize-10\"><img decoding=\"async\" class=\"emoji\" role=\"img\" draggable=\"false\" src=\"https:\/\/s.w.org\/images\/core\/emoji\/13.1.0\/svg\/27a1.svg\" alt=\"\u27a1\ufe0f\" data-pin-no-hover=\"true\"\/>\u00a0<a href=\"https:\/\/bit.ly\/2ONkTC9\" target=\"_blank\" rel=\"noopener noreferrer\">Youtube Info83<\/a><\/p>\n","protected":false},"excerpt":{"rendered":"Le groupe automobile GEMY vous invite \u00e0 un week-end exceptionnel \u00e0 La Seyne, Toulon, Hy\u00e8res, Cogolin et Brignoles,&hellip;\n","protected":false},"author":2,"featured_media":175003,"comment_status":"","ping_status":"","sticky":false,"template":"","format":"standard","meta":{"footnotes":""},"categories":[9619],"tags":[1111,11,7527,29550,1777,674,1011,27,31023,12,7526,31024,882,25,2310],"class_list":{"0":"post-175002","1":"post","2":"type-post","3":"status-publish","4":"format-standard","5":"has-post-thumbnail","7":"category-toulon","8":"tag-actu","9":"tag-actualites","10":"tag-citroen","11":"tag-ds","12":"tag-eu","13":"tag-europe","14":"tag-fr","15":"tag-france","16":"tag-gemytoulon","17":"tag-news","18":"tag-peugeot","19":"tag-portes-ouvertes-gemy","20":"tag-provence-alpes-cote-dazur","21":"tag-republique-francaise","22":"tag-toulon"},"share_on_mastodon":{"url":"https:\/\/pubeurope.com\/@fr\/114679783405529504","error":""},"_links":{"self":[{"href":"https:\/\/www.europesays.com\/fr\/wp-json\/wp\/v2\/posts\/175002","targetHints":{"allow":["GET"]}}],"collection":[{"href":"https:\/\/www.europesays.com\/fr\/wp-json\/wp\/v2\/posts"}],"about":[{"href":"https:\/\/www.europesays.com\/fr\/wp-json\/wp\/v2\/types\/post"}],"author":[{"embeddable":true,"href":"https:\/\/www.europesays.com\/fr\/wp-json\/wp\/v2\/users\/2"}],"replies":[{"embeddable":true,"href":"https:\/\/www.europesays.com\/fr\/wp-json\/wp\/v2\/comments?post=175002"}],"version-history":[{"count":0,"href":"https:\/\/www.europesays.com\/fr\/wp-json\/wp\/v2\/posts\/175002\/revisions"}],"wp:featuredmedia":[{"embeddable":true,"href":"https:\/\/www.europesays.com\/fr\/wp-json\/wp\/v2\/media\/175003"}],"wp:attachment":[{"href":"https:\/\/www.europesays.com\/fr\/wp-json\/wp\/v2\/media?parent=175002"}],"wp:term":[{"taxonomy":"category","embeddable":true,"href":"https:\/\/www.europesays.com\/fr\/wp-json\/wp\/v2\/categories?post=175002"},{"taxonomy":"post_tag","embeddable":true,"href":"https:\/\/www.europesays.com\/fr\/wp-json\/wp\/v2\/tags?post=175002"}],"curies":[{"name":"wp","href":"https:\/\/api.w.org\/{rel}","templated":true}]}}