{"id":175009,"date":"2025-06-14T04:20:13","date_gmt":"2025-06-14T04:20:13","guid":{"rendered":"https:\/\/www.europesays.com\/fr\/175009\/"},"modified":"2025-06-14T04:20:13","modified_gmt":"2025-06-14T04:20:13","slug":"laurence-ruffin-ecarte-ses-concurrentes-et-copie-les-methodes-piolle","status":"publish","type":"post","link":"https:\/\/www.europesays.com\/fr\/175009\/","title":{"rendered":"LAURENCE RUFFIN \u00c9CARTE SES CONCURRENTES ET COPIE LES M\u00c9THODES PIOLLE"},"content":{"rendered":"<p>Posted On 14 juin 2025 <\/p>\n<p style=\"text-align: justify;\">Pouss\u00e9e par un d\u00e9marrage de campagne en trombe d&rsquo;Alain Carignon, la candidate (pour l&rsquo;instant) non officielle de Piolle, <a href=\"https:\/\/grenoble-le-changement.fr\/2024\/09\/18\/municipales-la-candidature-laurence-ruffin-a-du-plomb-dans-laile\/\" target=\"_blank\" rel=\"noopener\">Laurence Ruffin<\/a>, sort un peu plus du bois et confirme que les Verts sont incapables de se r\u00e9inventer, seulement bons \u00e0 recopier les m\u00eames recettes, sans recul sur leurs 12 ann\u00e9es de mandat.<\/p>\n<p>LE M\u00caME PROFIL QUE PIOLLE<\/p>\n<p style=\"text-align: justify;\">Le profil de la future candidate est <a href=\"https:\/\/grenoble-le-changement.fr\/2024\/11\/16\/laurence-ruffin-savance-pour-les-municipales-du-piolle-au-feminin\/\" target=\"_blank\" rel=\"noopener\">d\u00e9j\u00e0 un copi\u00e9 coll\u00e9 de celui du candidat Piolle en 2014<\/a> : cadre du priv\u00e9 \u00e0 la fibre forc\u00e9ment sociale (le futur Maire avait bricol\u00e9 l&rsquo;histoire de son d\u00e9part d&rsquo;HP par refus d&rsquo;un plan social, Laurence Ruffin est PDG d&rsquo;une entreprise lucrative mais c&rsquo;est \u00e9videmment une SCOP), qui multiplie les poncifs sur l&rsquo;\u00e9cologie, et qui fait don de sa personne \u00e0 la collectivit\u00e9 en sacrifiant son niveau de vie pour se lancer en politique, gommant toutes les <a href=\"https:\/\/grenoble-le-changement.fr\/2024\/11\/23\/laurence-ruffin-verts-lfi-petits-mensonges-et-gros-sabots\/\" target=\"_blank\" rel=\"noopener\">zones d&rsquo;ombres de son parcours au passage<\/a>.<\/p>\n<p><a href=\"https:\/\/i1.wp.com\/grenoble-le-changement.fr\/wp-content\/uploads\/2024\/12\/Ruffin-florence.png?ssl=1\" rel=\"lightbox[82606] noopener\" target=\"_blank\"><img loading=\"lazy\" decoding=\"async\" class=\"wp-image-78866 aligncenter jetpack-lazy-image\" src=\"https:\/\/i1.wp.com\/grenoble-le-changement.fr\/wp-content\/uploads\/2024\/12\/Ruffin-florence.png?resize=435%2C580&amp;ssl=1\" alt=\"\" width=\"435\" height=\"580\" data-recalc-dims=\"1\" data-lazy-src=\"https:\/\/www.europesays.com\/fr\/wp-content\/uploads\/2025\/06\/Ruffin-florence.png\" \/><\/a><\/p>\n<p>EN CAMPAGNE, ILS SONT \u00c0 L&rsquo;\u00c9COUTE&#8230;<\/p>\n<p style=\"text-align: justify;\">Le seul profil copi\u00e9 coll\u00e9 ne suffisait pas : les sortants dupliquent \u00e9galement les m\u00e9thodes de campagne. <a target=\"_blank\" href=\"https:\/\/c.ledauphine.com\/elections\/2025\/06\/10\/municipales-2026-dites-nous-quel-est-votre-reve-pour-grenoble\" rel=\"noopener\">Dans le Dauphin\u00e9, Laurence Ruffin s&rsquo;affiche ainsi tout sourire<\/a> aux c\u00f4t\u00e9s de \u00ab\u00a0Gr\u00e9goire, Pascal, Apolline, Nicolas\u00a0\u00bb (ils n&rsquo;ont pas de nom de famille), une \u00ab\u00a0\u00e9quipe d&rsquo;\u00e9coute\u00a0\u00bb pour aller recueillir la parole des Grenoblois sur la mani\u00e8re dont ils vivent la ville et quelles sont leurs aspirations. Equipe form\u00e9e par une association parisienne, \u00e9videmment proche des Verts, qui use des m\u00eames ficelles dans la capitale.\u00a0<\/p>\n<p>&#8230; MAIS AU POUVOIR, ILS M\u00c9PRISENT LES GRENOBLOIS<\/p>\n<p style=\"text-align: justify;\">C&rsquo;est joyeux comme la campagne de Piolle en 2014. On se rappelle des candidats Verts tout sourire, qui de la m\u00eame mani\u00e8re que cette \u00e9quipe d&rsquo;\u00e9coute allaient \u00e0 la rencontre des Grenoblois, et revendiquaient d\u00e9j\u00e0 la co-construction comme engagement num\u00e9ro 1. On a vu ce qu&rsquo;il en \u00e9tait apr\u00e8s deux mandats, des Grenoblois m\u00e9pris\u00e9s comme jamais en \u00e9tant \u00e9cart\u00e9s de toutes les grandes d\u00e9cisions, ce qui nous m\u00e8ne \u00e0 <a href=\"https:\/\/grenoble-le-changement.fr\/2025\/05\/20\/la-majorite-municipale-menace-les-collectifs-qui-manifestent\/\" target=\"_blank\" rel=\"noopener\">des mobilisations citoyennes sans pr\u00e9c\u00e9dent pour fustiger l&rsquo;absence de dialogue<\/a> avec la municipalit\u00e9.<\/p>\n<p>LA M\u00caME ARRI\u00c8RE-BOUTIQUE POLITICIENNE<\/p>\n<p style=\"text-align: justify;\">Derri\u00e8re cette op\u00e9ration \u00e9lectorale d'\u00a0\u00bb\u00e9coute active des grenoblois\u00a0\u00bb, on retrouve la m\u00eame arri\u00e8re-boutique qui tient la ville : les Verts, \u00e9videmment, <a href=\"https:\/\/grenoble-le-changement.fr\/2022\/02\/04\/les-elus-verts-ades-reclament-une-augmentation-dimpots\/\" target=\"_blank\" rel=\"noopener\">mais surtout l&rsquo;ADES, l&rsquo;officine plus rouge que verte de Raymond Avrillier et Vincent Comparat<\/a>. Ce sont les v\u00e9ritables parrains de cette municipalit\u00e9, aux affaires depuis 30 ans, d&rsquo;abord comme alli\u00e9s du PS puis de leurs propres ailes en propulsant l&rsquo;alliance Verts\/LFI en 2014. Les membres du clan ont exerc\u00e9 toutes les fonctions \u00e0 la ville comme \u00e0 la m\u00e9tro (urbanisme, logement, social&#8230;) et sont de fait les premiers artisans de la funeste trajectoire de Grenoble.<\/p>\n<p><a href=\"https:\/\/i1.wp.com\/grenoble-le-changement.fr\/wp-content\/uploads\/2025\/01\/Capture-de\u0301cran-2025-01-22-a\u0300-20.53.08.png?ssl=1\" rel=\"lightbox[82606] noopener\" target=\"_blank\"><img loading=\"lazy\" decoding=\"async\" class=\" wp-image-79439 jetpack-lazy-image\" src=\"https:\/\/i1.wp.com\/grenoble-le-changement.fr\/wp-content\/uploads\/2025\/01\/Capture-de\u0301cran-2025-01-22-a\u0300-20.53.08.png?resize=536%2C693&amp;ssl=1\" alt=\"\" width=\"536\" height=\"693\" data-recalc-dims=\"1\" data-lazy-src=\"https:\/\/i1.wp.com\/grenoble-le-changement.fr\/wp-content\/uploads\/2025\/01\/Capture-de\u0301cran-2025-01-22-a\u0300-20.53.08.png?resize=536%2C693&amp;is-pending-load=1#038;ssl=1\" \/><\/a>L&rsquo;ADES tente de faire \u00e9merger Laurence Ruffin depuis des mois. En d\u00e9but d&rsquo;ann\u00e9e, tentative d&rsquo;organisation d&rsquo;une r\u00e9union sur la sant\u00e9 avec leur future candidate en intervenante&#8230; r\u00e9union avort\u00e9e : les quelques participants sont rest\u00e9s \u00e0 la porte car les champions de l&rsquo;organisation n&rsquo;avaient pas les cl\u00e9s de la salle !\u00a0<br \/>\nLE M\u00caME FAUX \u00ab\u00a0R\u00c9SEAU CITOYEN\u00a0\u00bb<\/p>\n<p style=\"text-align: justify;\">Pour donner un vernis moins politicien \u00e0 toute cette affaire, on retrouve \u00e9galement le faux \u00ab\u00a0R\u00e9seau Citoyen\u00a0\u00bb, n\u00e9buleuse groupusculaire constitu\u00e9e de vrais militants politiques \u00e9videmment issus d&rsquo;un seul bord de l&rsquo;\u00e9chiquier. \u00c0 l&rsquo;\u00e9poque anim\u00e9s par l&rsquo;adjoint Pascal Clouaire (exclu pour avoir \u00e9mis des r\u00e9serves sur la hausse d&rsquo;imp\u00f4ts)<a href=\"https:\/\/grenoble-le-changement.fr\/2023\/02\/12\/le-reseau-citoyen-va-t-il-lacher-piolle\/\" target=\"_blank\" rel=\"noopener\">, ces vrais faux citoyens ont soutenu Piolle le doigt sur la couture quelles que soient ses d\u00e9cisions<\/a>, avalant toutes les couleuvres y compris celles contraires \u00e0 leurs prises de positions officielles.<\/p>\n<p>LHEUREUX ET BELAIR \u00c9CART\u00c9ES&#8230;<\/p>\n<p style=\"text-align: justify;\">Il est int\u00e9ressant de noter qu&rsquo;aux c\u00f4t\u00e9s de son \u00e9quipe de militants, Laurence Ruffin s&rsquo;affiche seule dans le Dauphin\u00e9. Comme si elle \u00e9tait d\u00e9j\u00e0 la candidate des Verts\/ADES. <a href=\"https:\/\/grenoble-le-changement.fr\/2025\/02\/02\/laurence-ruffin-margot-belair-et-lucille-lheureux-veulent-succeder-a-piolle\/\" target=\"_blank\" rel=\"noopener\">Pourtant, officiellement, les militants \u00e9colos ont d\u00e9sign\u00e9 trois \u00ab\u00a0cheffes de file\u00a0\u00bb<\/a> : Ruffin, mais \u00e9galement les adjointes Lucille Lheureux et Margot Belair. Ces deux purs produits de la municipalit\u00e9 sortante, au c\u0153ur du r\u00e9acteur piollesque, disparaissent de la photo.<\/p>\n<p>&#8230; JUG\u00c9ES INDIGNES DE LUI SUCC\u00c9DER<\/p>\n<p style=\"text-align: justify;\">Le syst\u00e8me a tranch\u00e9 : pour que rien ne change, il faut planquer derri\u00e8re ce qui rappelle trop le r\u00e8gne de Piolle. <a href=\"https:\/\/grenoble-le-changement.fr\/2025\/06\/05\/les-acquereurs-grenoblois-ne-sont-plus-proprietaires-du-foncier\/\" target=\"_blank\" rel=\"noopener\">Belair<\/a> (adjointe au secteur 4 inconnue des habitants puis ridicule adjointe \u00e0 l&rsquo;urbanisme qui n&rsquo;a aucune connaissance du sujet) et <a href=\"https:\/\/grenoble-le-changement.fr\/2024\/02\/14\/culture-a-grenoble-nouveau-crash-de-lucille-lheureux\/\" target=\"_blank\" rel=\"noopener\">Lheureux<\/a> (adjointe \u00e0 la propret\u00e9 puis adjointe \u00e0 la culture : une h\u00e9catombe dans les deux cas) sont mises au placard. Le message est violent : elles ont beau avoir d\u00e9vou\u00e9 des ann\u00e9es au service de Piolle, elles ne sont pas jug\u00e9es au niveau pour pr\u00e9tendre lui succ\u00e9der.<\/p>\n<p><img decoding=\"async\" data-id=\"61647\" src=\"https:\/\/i0.wp.com\/grenoble-le-changement.fr\/wp-content\/uploads\/2023\/05\/Capture-de\u0301cran-2023-05-09-a\u0300-06.32.59.png?w=678&amp;ssl=1\" alt=\"margot belair grenoble\" class=\"wp-image-61647 jetpack-lazy-image\" data-recalc-dims=\"1\" data-lazy-src=\"https:\/\/i0.wp.com\/grenoble-le-changement.fr\/wp-content\/uploads\/2023\/05\/Capture-de\u0301cran-2023-05-09-a\u0300-06.32.59.png?w=678&amp;is-pending-load=1#038;ssl=1\" \/>Margot Belair, adjointe \u00e0 l&rsquo;urbanisme<\/p>\n<p><img decoding=\"async\" data-id=\"80855\" src=\"https:\/\/i2.wp.com\/grenoble-le-changement.fr\/wp-content\/uploads\/2025\/03\/lucille-lheureux.png?w=678&amp;ssl=1\" alt=\"\" class=\"wp-image-80855 jetpack-lazy-image\" data-recalc-dims=\"1\" data-lazy-src=\"https:\/\/www.europesays.com\/fr\/wp-content\/uploads\/2025\/06\/lucille-lheureux.png\" \/><br \/>\nMargot Belair et Lucille Lheureux, les dindons de la farce piollesque.<\/p>\n<p>\u00ab\u00a0RUPTURE D&rsquo;INCARNATION MAIS PAS DE LIGNE\u00a0\u00bb<\/p>\n<p style=\"text-align: justify;\">D&rsquo;o\u00f9 ce tapage autour de Laurence Ruffin, qui cumule l&rsquo;avantage d&rsquo;\u00eatre parfaitement contr\u00f4lable par les Verts\/ADES pour perp\u00e9tuer leur syst\u00e8me et conserver leurs postes, tout en \u00e9tant pas issue de la majorit\u00e9 sortante. Elle peut donc donner l&rsquo;illusion de la nouveaut\u00e9 pour tromper les Grenoblois. Une \u00ab\u00a0rupture d\u2019incarnation mais pas de rupture de ligne\u00a0\u00bb, <a target=\"_blank\" href=\"https:\/\/www.liberation.fr\/politique\/a-grenoble-laurence-ruffin-soeur-de-pour-succeder-a-eric-piolle-20241115_POY3PFVKW5F3BJKRIT3UCGJZKQ\/?datawallToken=GFT-1540680428723280badb6f78f431f246\" rel=\"noopener\">r\u00e9sumait dans Lib\u00e9ration un strat\u00e8ge Piolliste il y a quelques mois.<\/a><\/p>\n<p>LES GRENOBLOIS \u00ab\u00a0SE L\u00c2CHENT UN PEU SUR ERIC PIOLLE\u00a0\u00bb<\/p>\n<p style=\"text-align: justify;\">Mais le recopiage de la recette gagnante de 2014 a ses limites. Entretemps, 12 ann\u00e9es de pouvoir se sont \u00e9coul\u00e9s pour les Verts\/LFI. Et avec elles, une mont\u00e9e croissante de la d\u00e9ception puis du ras-le-bol face \u00e0 une \u00e9quipe de plus en plus us\u00e9e et autoritariste. M\u00eame les \u00e9quipes militantes qui partent sonder les habitants sont oblig\u00e9es de le reconnaitre : \u00ab\u00a0bien s\u00fbr qu\u2019ils se l\u00e2chent un peu sur \u00c9ric Piolle\u00a0\u00bb <a target=\"_blank\" href=\"https:\/\/c.ledauphine.com\/elections\/2025\/06\/10\/municipales-2026-dites-nous-quel-est-votre-reve-pour-grenoble\" rel=\"noopener\">expliquent-ils dans le Dauphin\u00e9<\/a> quand ils \u00e9voquent la teneur de leurs \u00e9changes avec les Grenoblois&#8230;<\/p>\n<p>LE MATCH RUFFIN \/ CARIGNON COMMENCE<\/p>\n<p style=\"text-align: justify;\">&#8230; avant d&rsquo;ajouter qu&rsquo;on leur demande aussi parfois d&#8217;embl\u00e9e si ils viennent \u00ab\u00a0du camp d\u2019en face, celui d\u2019Alain Carignon\u00a0\u00bb. Rien de surprenant puisqu&rsquo;il s&rsquo;agit du candidat qui a la plus grande notori\u00e9t\u00e9, et donc que les Grenoblois placent en t\u00eate lorsqu&rsquo;il s&rsquo;agit de d\u00e9signer qui ferait un bon Maire, comme l&rsquo;a montr\u00e9 le sondage de l&rsquo;institut IPSOS paru le mois dernier.<\/p>\n<p style=\"text-align: justify;\">Le match a le m\u00e9rite d&rsquo;\u00eatre d\u00e9j\u00e0 pos\u00e9 : les sortants autour de Laurence Ruffin qui reprennent exactement les m\u00eames ficelles, ou <a href=\"https:\/\/grenoble-le-changement.fr\/2025\/06\/06\/alain-carignon-candidat-aux-municipales-a-grenoble\/\" target=\"_blank\" rel=\"noopener\">le rassemblement autour d&rsquo;Alain Carignon pour changer clairement d&rsquo;orientation et renouer le dialogue<\/a> avec les Grenoblois. Le reste n&rsquo;est que litt\u00e9rature, sans prise avec la r\u00e9alit\u00e9 de Grenoble.<\/p>\n","protected":false},"excerpt":{"rendered":"Posted On 14 juin 2025 Pouss\u00e9e par un d\u00e9marrage de campagne en trombe d&rsquo;Alain Carignon, la candidate (pour&hellip;\n","protected":false},"author":2,"featured_media":175010,"comment_status":"","ping_status":"","sticky":false,"template":"","format":"standard","meta":{"footnotes":""},"categories":[9566],"tags":[1111,11,9601,2430,9607,1777,674,1011,27,2731,10136,10612,10613,12,9609,10140,25,25230],"class_list":{"0":"post-175009","1":"post","2":"type-post","3":"status-publish","4":"format-standard","5":"has-post-thumbnail","7":"category-grenoble","8":"tag-actu","9":"tag-actualites","10":"tag-alain-carignon","11":"tag-auvergne-rhone-alpes","12":"tag-eric-piolle","13":"tag-eu","14":"tag-europe","15":"tag-fr","16":"tag-france","17":"tag-grenoble","18":"tag-laurence-ruffin","19":"tag-lucille-lheureux","20":"tag-margot-belair","21":"tag-news","22":"tag-pascal-clouaire","23":"tag-raymond-avrillier","24":"tag-republique-francaise","25":"tag-vincent-comparat"},"share_on_mastodon":{"url":"https:\/\/pubeurope.com\/@fr\/114679803231777567","error":""},"_links":{"self":[{"href":"https:\/\/www.europesays.com\/fr\/wp-json\/wp\/v2\/posts\/175009","targetHints":{"allow":["GET"]}}],"collection":[{"href":"https:\/\/www.europesays.com\/fr\/wp-json\/wp\/v2\/posts"}],"about":[{"href":"https:\/\/www.europesays.com\/fr\/wp-json\/wp\/v2\/types\/post"}],"author":[{"embeddable":true,"href":"https:\/\/www.europesays.com\/fr\/wp-json\/wp\/v2\/users\/2"}],"replies":[{"embeddable":true,"href":"https:\/\/www.europesays.com\/fr\/wp-json\/wp\/v2\/comments?post=175009"}],"version-history":[{"count":0,"href":"https:\/\/www.europesays.com\/fr\/wp-json\/wp\/v2\/posts\/175009\/revisions"}],"wp:featuredmedia":[{"embeddable":true,"href":"https:\/\/www.europesays.com\/fr\/wp-json\/wp\/v2\/media\/175010"}],"wp:attachment":[{"href":"https:\/\/www.europesays.com\/fr\/wp-json\/wp\/v2\/media?parent=175009"}],"wp:term":[{"taxonomy":"category","embeddable":true,"href":"https:\/\/www.europesays.com\/fr\/wp-json\/wp\/v2\/categories?post=175009"},{"taxonomy":"post_tag","embeddable":true,"href":"https:\/\/www.europesays.com\/fr\/wp-json\/wp\/v2\/tags?post=175009"}],"curies":[{"name":"wp","href":"https:\/\/api.w.org\/{rel}","templated":true}]}}