{"id":175022,"date":"2025-06-14T04:27:19","date_gmt":"2025-06-14T04:27:19","guid":{"rendered":"https:\/\/www.europesays.com\/fr\/175022\/"},"modified":"2025-06-14T04:27:19","modified_gmt":"2025-06-14T04:27:19","slug":"des-avancees-concretes-en-faveur-de-locean-au-sommet-de-lonu-a-nice","status":"publish","type":"post","link":"https:\/\/www.europesays.com\/fr\/175022\/","title":{"rendered":"Des avanc\u00e9es concr\u00e8tes en faveur de l\u2019oc\u00e9an au sommet de l\u2019ONU \u00e0 Nice"},"content":{"rendered":"<p>Une mobilisation politique sans pr\u00e9c\u00e9dent et des progr\u00e8s significatifs pour la haute mer ont \u00e9t\u00e9 obtenus. Mais des difficult\u00e9s subsistent pour les aires marines prot\u00e9g\u00e9es.<\/p>\n<p class=\"fig-paragraph\">Des cornes de brume ont retenti dans le port de Nice, vendredi soir, \u00e0 la fin du\u00a0<a href=\"http:\/\/www.lefigaro.fr\/sciences\/plastiques-extraction-miniere-pollutions-sonores-au-sommet-sur-l-ocean-des-pays-s-allient-en-faveur-de-la-haute-mer-20250611\" data-fig-type=\"Article\" data-gtm-custom-categorie=\"navigation\" data-gtm-custom-action=\"crossclick\" data-gtm-custom-label=\"Contextuel\" data-gtm-event=\"customEventSPE\" data-fig-domain=\"LEFIGARO\" rel=\"nofollow noopener\" target=\"_blank\">3e\u00a0sommet mondial des Nations unies sur l\u2019oc\u00e9an<\/a>, organis\u00e9 par la France et le Costa Rica. Il y a de bonnes nouvelles. Au total, 64\u00a0chefs d\u2019\u00c9tat, de gouvernement et les repr\u00e9sentants de 174\u00a0pays sont pass\u00e9s par la Riviera pour se pencher sur la sauvegarde des milieux marins. De plus, quelque 9\u00a0milliards de dollars ont \u00e9t\u00e9 promis pour l\u2019\u00e9conomie bleue et l\u2019adaptation des mers aux d\u00e9r\u00e8glements du climat, dont 1 milliard d\u00e8s cette ann\u00e9e au sommet de l\u2019\u00e9conomie et de la finance bleue, \u00e0 Monaco le 8\u00a0juin. \u00ab\u00a0Les questions financi\u00e8res ont \u00e9t\u00e9 \u00e9voqu\u00e9es pour la premi\u00e8re fois. Ce n\u2019\u00e9tait pas le cas auparavant\u00a0\u00bb, pr\u00e9cise Ilana Seid, pr\u00e9sidente d\u2019Aosis, un groupe de 39\u00a0\u00c9tats insulaires menac\u00e9s par la mont\u00e9e des eaux. Cette derni\u00e8re estime que le sommet a \u00e9t\u00e9 un succ\u00e8s. Outre \u00ab\u00a0une mobilisation politique sans pr\u00e9c\u00e9dent pour l\u2019oc\u00e9an, cela a \u00e9t\u00e9 un succ\u00e8s populaire au Palais des expositions. C\u2019\u00e9tait inou\u00ef\u00a0!\u00a0\u00bb<\/p>\n<p class=\"fig-premium-paywall__infos\">\n        Cet article est r\u00e9serv\u00e9 aux abonn\u00e9s.        Il vous reste 85% \u00e0 d\u00e9couvrir.\n    <\/p>\n<p>                <img  data- alt=\"Le Figaro\" class=\"fig-img--complete fig-img\"\/><\/p>\n<p class=\"fig-premium-paywall__title\">Vente Flash<\/p>\n<p class=\"fig-premium-paywall__subtitle\">3,99\u20ac par mois pendant 12 mois. Sans engagement.<\/p>\n<p class=\"fig-premium-paywall__connect\">\n                D\u00e9j\u00e0 abonn\u00e9\u00a0?                <a class=\"fig-premium-paywall__connect-link\" href=\"https:\/\/connect.lefigaro.fr\/login?client=horizon_web&amp;type=main&amp;redirect_uri=https%3A%2F%2Fwww.lefigaro.fr%2Fsciences%2Fdes-avancees-concretes-en-faveur-de-l-ocean-au-sommet-de-l-onu-a-nice-20250613\" data-js-gtm=\"{&quot;customCategorie&quot;: &quot;conversion&quot;, &quot;customAction&quot;: &quot;before_Landing_Connexion_paywall_auto&quot;, &quot;customLabel&quot;: &quot;bGVmaWdhcm8uZnJfXzFmMDQ4MzY0LWQ5MzUtNmYwZS1hMTg1LTBkYjcyYTAzZDNhNl9fQXJ0aWNsZQ==_Des avanc\u00e9es concr\u00e8tes en faveur de l\u2019oc\u00e9an au sommet de l\u2019ONU \u00e0 Nice_1000&quot;, &quot;customIDSPE&quot;: &quot;bGVmaWdhcm8uZnJfXzFmMDQ4MzY0LWQ5MzUtNmYwZS1hMTg1LTBkYjcyYTAzZDNhNl9fQXJ0aWNsZQ==&quot;, &quot;event&quot;: &quot;customEventSPE&quot;}\" rel=\"nofollow noopener\" target=\"_blank\"><br \/>\n                    Connectez-vous<br \/>\n                <\/a>\n            <\/p>\n","protected":false},"excerpt":{"rendered":"Une mobilisation politique sans pr\u00e9c\u00e9dent et des progr\u00e8s significatifs pour la haute mer ont \u00e9t\u00e9 obtenus. Mais des&hellip;\n","protected":false},"author":2,"featured_media":175023,"comment_status":"","ping_status":"","sticky":false,"template":"","format":"standard","meta":{"footnotes":""},"categories":[2819],"tags":[1111,47,49,11,48,1130,51,1777,674,54,1011,27,12,2401,12687,52,882,25,41,50,53],"class_list":{"0":"post-175022","1":"post","2":"type-post","3":"status-publish","4":"format-standard","5":"has-post-thumbnail","7":"category-nice","8":"tag-actu","9":"tag-actualite","10":"tag-actualite-scientifique","11":"tag-actualites","12":"tag-astronomie","13":"tag-biodiversite","14":"tag-ecologie","15":"tag-eu","16":"tag-europe","17":"tag-faune-et-flore","18":"tag-fr","19":"tag-france","20":"tag-news","21":"tag-nice","22":"tag-oceans","23":"tag-planete","24":"tag-provence-alpes-cote-dazur","25":"tag-republique-francaise","26":"tag-sciences","27":"tag-sciences-humaines","28":"tag-zoologie"},"share_on_mastodon":{"url":"https:\/\/pubeurope.com\/@fr\/114679830513985492","error":""},"_links":{"self":[{"href":"https:\/\/www.europesays.com\/fr\/wp-json\/wp\/v2\/posts\/175022","targetHints":{"allow":["GET"]}}],"collection":[{"href":"https:\/\/www.europesays.com\/fr\/wp-json\/wp\/v2\/posts"}],"about":[{"href":"https:\/\/www.europesays.com\/fr\/wp-json\/wp\/v2\/types\/post"}],"author":[{"embeddable":true,"href":"https:\/\/www.europesays.com\/fr\/wp-json\/wp\/v2\/users\/2"}],"replies":[{"embeddable":true,"href":"https:\/\/www.europesays.com\/fr\/wp-json\/wp\/v2\/comments?post=175022"}],"version-history":[{"count":0,"href":"https:\/\/www.europesays.com\/fr\/wp-json\/wp\/v2\/posts\/175022\/revisions"}],"wp:featuredmedia":[{"embeddable":true,"href":"https:\/\/www.europesays.com\/fr\/wp-json\/wp\/v2\/media\/175023"}],"wp:attachment":[{"href":"https:\/\/www.europesays.com\/fr\/wp-json\/wp\/v2\/media?parent=175022"}],"wp:term":[{"taxonomy":"category","embeddable":true,"href":"https:\/\/www.europesays.com\/fr\/wp-json\/wp\/v2\/categories?post=175022"},{"taxonomy":"post_tag","embeddable":true,"href":"https:\/\/www.europesays.com\/fr\/wp-json\/wp\/v2\/tags?post=175022"}],"curies":[{"name":"wp","href":"https:\/\/api.w.org\/{rel}","templated":true}]}}