{"id":175024,"date":"2025-06-14T04:28:18","date_gmt":"2025-06-14T04:28:18","guid":{"rendered":"https:\/\/www.europesays.com\/fr\/175024\/"},"modified":"2025-06-14T04:28:18","modified_gmt":"2025-06-14T04:28:18","slug":"video-un-violent-orage-sabat-sur-nantes-des-13-h-30-ce-vendredi","status":"publish","type":"post","link":"https:\/\/www.europesays.com\/fr\/175024\/","title":{"rendered":"VID\u00c9O. Un violent orage s\u2019abat sur Nantes d\u00e8s 13\u00a0h\u00a030, ce vendredi"},"content":{"rendered":"<p>M\u00e9t\u00e9o France pr\u00e9venait qu\u2019une <strong>\u00ab\u00a0d\u00e9gradation orageuse marqu\u00e9e se met en place sur le nord des Pays de la Loire <a href=\"https:\/\/nantes.maville.com\/actu\/actudet_-la-loire-atlantique-reste-en-vigilance-jaune-pour-les-orages-ce-vendredi-_8-6852115_actu.Htm\" target=\"_self\" rel=\"nofollow noopener\">en milieu d\u2019apr\u00e8s-midi\u00a0\u00bb<\/a>.<\/strong><\/p>\n<p>\t<img decoding=\"async\" src=\"https:\/\/www.europesays.com\/fr\/wp-content\/uploads\/2025\/06\/P35288439D6852224G_px_640_.jpg\" alt=\"photo m\u00e9t\u00e9o france avait annonc\u00e9 des orages pour le milieu d\u2019apr\u00e8s-midi en loire-atlantique, ceux-ci ont z\u00e9br\u00e9 le ciel de nantes avec intensit\u00e9 d\u00e8s 13\u00a0h\u00a030, ce vendredi 13\u00a0juin.  \u00a9  franck dubray \/ ouest france\" width=\"640\" title=\" M\u00e9t\u00e9o France avait annonc\u00e9 des orages pour le milieu d\u2019apr\u00e8s-midi en Loire-Atlantique, ceux-ci ont z\u00e9br\u00e9 le ciel de Nantes avec intensit\u00e9 d\u00e8s 13\u00a0h\u00a030, ce vendredi 13\u00a0juin.   Franck Dubray \/ Ouest France \"\/><\/p>\n<p class=\"elmt-legende\"> M\u00e9t\u00e9o France avait annonc\u00e9 des orages pour le milieu d\u2019apr\u00e8s-midi en Loire-Atlantique, ceux-ci ont z\u00e9br\u00e9 le ciel de Nantes avec intensit\u00e9 d\u00e8s 13\u00a0h\u00a030, ce vendredi 13\u00a0juin.   Franck Dubray \/ Ouest France <\/p>\n<p>Celle-ci devait \u00eatre press\u00e9e car les \u00e9clairs ont commenc\u00e9 \u00e0 z\u00e9brer le ciel de Nantes un peu avant 13\u00a0h\u00a030, heure \u00e0 laquelle \u00ab\u00a0la symphonie des \u00e9clairs\u00a0\u00bb a s\u00e9rieusement d\u00e9but\u00e9, &#8230;<\/p>\n<p>\u00a0<\/p>\n","protected":false},"excerpt":{"rendered":"M\u00e9t\u00e9o France pr\u00e9venait qu\u2019une \u00ab\u00a0d\u00e9gradation orageuse marqu\u00e9e se met en place sur le nord des Pays de la&hellip;\n","protected":false},"author":2,"featured_media":175025,"comment_status":"","ping_status":"","sticky":false,"template":"","format":"standard","meta":{"footnotes":""},"categories":[2818],"tags":[18876,11045,31025,1111,11,1777,674,1011,27,766,12,14113,2636,25,3272,6949,133,17478],"class_list":{"0":"post-175024","1":"post","2":"type-post","3":"status-publish","4":"format-standard","5":"has-post-thumbnail","7":"category-nantes","8":"tag-18876","9":"tag-11045","10":"tag-abat","11":"tag-actu","12":"tag-actualites","13":"tag-eu","14":"tag-europe","15":"tag-fr","16":"tag-france","17":"tag-nantes","18":"tag-news","19":"tag-orage","20":"tag-pays-de-la-loire","21":"tag-republique-francaise","22":"tag-saint-nazaire","23":"tag-vendredi","24":"tag-video","25":"tag-violent"},"share_on_mastodon":{"url":"https:\/\/pubeurope.com\/@fr\/114679834473187994","error":""},"_links":{"self":[{"href":"https:\/\/www.europesays.com\/fr\/wp-json\/wp\/v2\/posts\/175024","targetHints":{"allow":["GET"]}}],"collection":[{"href":"https:\/\/www.europesays.com\/fr\/wp-json\/wp\/v2\/posts"}],"about":[{"href":"https:\/\/www.europesays.com\/fr\/wp-json\/wp\/v2\/types\/post"}],"author":[{"embeddable":true,"href":"https:\/\/www.europesays.com\/fr\/wp-json\/wp\/v2\/users\/2"}],"replies":[{"embeddable":true,"href":"https:\/\/www.europesays.com\/fr\/wp-json\/wp\/v2\/comments?post=175024"}],"version-history":[{"count":0,"href":"https:\/\/www.europesays.com\/fr\/wp-json\/wp\/v2\/posts\/175024\/revisions"}],"wp:featuredmedia":[{"embeddable":true,"href":"https:\/\/www.europesays.com\/fr\/wp-json\/wp\/v2\/media\/175025"}],"wp:attachment":[{"href":"https:\/\/www.europesays.com\/fr\/wp-json\/wp\/v2\/media?parent=175024"}],"wp:term":[{"taxonomy":"category","embeddable":true,"href":"https:\/\/www.europesays.com\/fr\/wp-json\/wp\/v2\/categories?post=175024"},{"taxonomy":"post_tag","embeddable":true,"href":"https:\/\/www.europesays.com\/fr\/wp-json\/wp\/v2\/tags?post=175024"}],"curies":[{"name":"wp","href":"https:\/\/api.w.org\/{rel}","templated":true}]}}