{"id":175030,"date":"2025-06-14T04:31:16","date_gmt":"2025-06-14T04:31:16","guid":{"rendered":"https:\/\/www.europesays.com\/fr\/175030\/"},"modified":"2025-06-14T04:31:16","modified_gmt":"2025-06-14T04:31:16","slug":"bordeaux-defend-son-jumelage-avec-ashdod-et-prepare-une-interpellation-de-son-maire-sur-la-situation-a-gaza","status":"publish","type":"post","link":"https:\/\/www.europesays.com\/fr\/175030\/","title":{"rendered":"Bordeaux d\u00e9fend son jumelage avec Ashdod et pr\u00e9pare une \u00ab\u00a0interpellation\u00a0\u00bb de son maire sur la situation \u00e0 Gaza"},"content":{"rendered":"<p class=\"wp-block-post-excerpt__excerpt\">La majorit\u00e9 de Pierre Hurmic a \u00e9t\u00e9, \u00e0 plusieurs reprises, somm\u00e9e de suspendre le jumelage entre Bordeaux et la ville isra\u00e9lienne d\u2019Ashdod, notamment depuis le d\u00e9but de la guerre \u00e0 Gaza. Jusqu\u2019ici, l\u2019ex\u00e9cutif bordelais a rejet\u00e9 ces demandes. Il entend interpeller le maire de la ville isra\u00e9lienne, alors que l\u2019actualit\u00e9 r\u00e9cente met en lumi\u00e8re le r\u00f4le strat\u00e9gique jou\u00e9 par le port de la ville dans le conflit. Quatri\u00e8me volet de notre dossier \u00ab\u00a0Pour Gaza, le Bordeaux qui boycotte Isra\u00ebl\u00a0\u00bb. <\/p>\n<p><a href=\"https:\/\/rue89bordeaux.com\/category\/kiosque-abonne\/\" rel=\"tag nofollow noopener\" target=\"_blank\">\u00c9dition abonn\u00e9s<\/a>, <a href=\"https:\/\/rue89bordeaux.com\/category\/entretien\/\" rel=\"tag nofollow noopener\" target=\"_blank\">Entretien<\/a><\/p>\n<p>Walid Salem<\/p>\n<p>Publi\u00e9 le 14 juin 2025\u00a0\u00a0\u00b7\u00a0\u00a0<\/p>\n<p>Imprim\u00e9 le 14 juin 2025 \u00e0 06h31\u00a0\u00a0\u00b7\u00a0\u00a0<\/p>\n<p>\t\t\t\t\t6\u00a0minutes\n<\/p>\n<p>Depuis l\u2019arriv\u00e9e de Pierre Hurmic au Palais Rohan, les demandes de suspendre le jumelage de Bordeaux avec la ville d\u2019Ashdod se sont multipli\u00e9es. Des \u00e9lus de l\u2019opposition \u00e0 gauche de la majorit\u00e9 ont formellement saisi le conseil municipal en mai 2021. L\u2019ex-conseiller Antoine Boudinet a pr\u00e9sent\u00e9 un v\u0153u appelant \u00e0 cette rupture, face \u00e0 ce qu\u2019il qualifiait d\u2019 \u00ab\u00a0apartheid isra\u00e9lien\u00a0\u00bb : v\u0153u rejet\u00e9 par la majorit\u00e9.<\/p>\n<p>Apr\u00e8s l\u2019attaque du Hamas le 7 octobre 2023 et la riposte isra\u00e9lienne jug\u00e9e d\u00e9mesur\u00e9e, jusqu\u2019aux actes actuels qualifi\u00e9s de g\u00e9nocidaires par l\u2019ONU, plusieurs p\u00e9titions citoyennes ont repris cette demande. D\u00e9but 2024, celle du Comit\u00e9 Action Palestine a recueilli <a href=\"https:\/\/www.mesopinions.com\/petition\/politique\/stop-jumelage-bordeaux-ashdod\/227472\" target=\"_blank\" rel=\"noreferrer noopener nofollow\">plus de 1\u202f300 signatures<\/a>, en pointant l\u2019historique d\u2019Ashdod fond\u00e9e en 1956 sur les ruines d\u2019un village palestinien, Isdoud, vid\u00e9 de ses habitants en 1948.<\/p>\n<p>En juin 2024, la conseill\u00e8re municipale Myriam Eckert a manifest\u00e9 avec son collectif Bordeaux en Luttes devant l\u2019H\u00f4tel de ville pour d\u00e9noncer ce jumelage. La majorit\u00e9 municipale <a href=\"https:\/\/rue89bordeaux.com\/2024\/06\/nouveau-soutien-financier-au-fonds-gaza-de-medecins-sans-frontieres-vote-a-lunanimite-au-conseil-municipal-de-bordeaux\/?utm_source=chatgpt.com\" target=\"_blank\" rel=\"noreferrer noopener nofollow\">refuse \u00e0 nouveau de c\u00e9der \u00e0 ces demandes<\/a> et rappelle son attachement \u00e0 un dialogue civique plut\u00f4t qu\u2019\u00e0 la rupture.<\/p>\n<p>Un an plus tard, en ce mois de juin 2025, la position ne bouge pas d\u2019un iota, alors q\u2019<a href=\"https:\/\/padlet.com\/stoparmingisraelfrance\/stop-arming-israel-france-smlj5i3burhikad3\/wish\/PVKBQO1LEYxMWj5x\" target=\"_blank\" rel=\"noreferrer noopener nofollow\">une enqu\u00eate vient de r\u00e9v\u00e9ler<\/a> que la France livre, par le port de la ville d\u2019Ashdod, des bombes, grenades, torpilles, mines, missiles et autres munitions de guerre. Cette grande ville portuaire joue un r\u00f4le strat\u00e9gique dans le contexte du conflit \u00e0 Gaza et en f\u00e9vrier dernier, une cargaison d\u2019aide alimentaire des Nations unies, destin\u00e9e \u00e0 plus d\u2019un million de Gazaouis, s\u2019y \u00e9tait retrouv\u00e9e bloqu\u00e9e.<\/p>\n<p>Malgr\u00e9 ces r\u00e9v\u00e9lations, certes condamn\u00e9es par l\u2019\u00e9quipe de Pierre Hurmic, la majorit\u00e9 reste camp\u00e9e sur ses positions. Celine Papin, adjointe charg\u00e9e des coop\u00e9rations territoriales, europ\u00e9ennes et internationales, de l\u2019enseignement sup\u00e9rieur et de la recherche, explique pourquoi.<\/p>\n<p><img loading=\"lazy\" decoding=\"async\" width=\"792\" height=\"594\" src=\"https:\/\/www.europesays.com\/fr\/wp-content\/uploads\/2025\/06\/rapport-ashdod-792x594.jpg\" alt=\"\" class=\"wp-image-164877\"  \/> Couverture du rapport sur les livraisons d\u2019armes de la France vers Isra\u00ebl publi\u00e9 par Stop Arming Israel France publie, aux c\u00f4t\u00e9s de\u00a0Progressive International, du Palestinian Youth Movement, du\u00a0conseil francilien du Mouvement de la Paix, de l\u2019AFPS, de l\u2019UJFP, de Droit-solidarit\u00e9, d\u2019Attac, de BDS France et de\u00a0The Ditch.<\/p>\n<p><strong>De nombreuses voix appellent la mairie de Bordeaux \u00e0 suspendre son jumelage avec Ashdod. Quelle est votre position \u00e0 ce sujet aujourd\u2019hui ?<\/strong><\/p>\n<p>Cette question revient r\u00e9guli\u00e8rement, comme celle d\u2019autres jumelages dans des contextes g\u00e9opolitiques tendus \u2013 je pense \u00e0 Saint-P\u00e9tersbourg ou Bakou (Azerba\u00efdjan), par exemple.<\/p>\n<p>Dans ce cas, il y a une pression r\u00e9elle pour rompre ce jumelage. Mais pour nous, cela reviendrait \u00e0 faire un amalgame entre la politique d\u2019un gouvernement \u2013 que nous d\u00e9non\u00e7ons clairement, notamment pour ses violations du droit international \u2013 et le peuple isra\u00e9lien, dont une partie ne soutient pas cette politique.<\/p>\n<p>Lisez la suite pour 1\u20ac<\/p>\n<p>En profitant de notre offre d\u2019essai, r\u00e9siliable en ligne \u00e0 tout moment.<\/p>\n<p><strong>Pour acc\u00e9der \u00e0 cet article, il faut \u00eatre abonn\u00e9. Pourquoi\u00a0?<\/strong><\/p>\n<p>Les informations exclusives, les enqu\u00eates et certains reportages constituent l\u2019\u00e9dition abonn\u00e9s de Rue89 Bordeaux. En tant que m\u00e9dia ind\u00e9pendant, nos ressources proviennent de nos lectrices et lecteurs abonn\u00e9s, aucun milliardaire ni groupe bancaire ne nous finance.<\/p>\n<p>Nous demandons \u00e0 nos lecteurs une faible contribution pour disposer \u00e0 Bordeaux d\u2019un m\u00e9dia critique des pouvoirs, capable d\u2019enqu\u00eater et de traiter les enjeux locaux en profondeur et dans la dur\u00e9e.<\/p>\n<p>Chaque abonnement compte. Toutes nos recettes sont investies dans un journalisme local ind\u00e9pendant, dont la force et la r\u00e9activit\u00e9 d\u00e9pend directement du nombre d\u2019abonn\u00e9s actifs.<\/p>\n<p class=\"has-text-align-right\"><strong><a href=\"https:\/\/rue89bordeaux.com\/?p=128375\" data-type=\"page\" data-id=\"0\" rel=\"nofollow noopener\" target=\"_blank\">Je m\u2019abonne\u00a0 <\/a><\/strong><\/p>\n<p>\t\t\t<a href=\"https:\/\/rue89bordeaux.com\/\" class=\"custom-logo-link\" rel=\"home nofollow noopener\" target=\"_blank\"><img loading=\"lazy\" decoding=\"async\" width=\"290\" height=\"49\" src=\"https:\/\/www.europesays.com\/fr\/wp-content\/uploads\/2025\/04\/logo.png\" class=\"custom-logo\" alt=\"Rue89Bordeaux Enqu\u00eates et informations de proximit\u00e9\"  \/><\/a><\/p>\n<p>\n\t\t\t\tAbonnez-vous maintenant pour suivre l\u2019actualit\u00e9 locale.\t\t\t<\/p>\n<p class=\"font-bold font-serif-heading mb-2 text-4xl\">\n\t\t\t\t\t\tL\u2019investigation locale \u00e0 port\u00e9e de main.\n\t\t\t\t\t<\/p>\n<p>\n\t\t\t\t\t\tAbonnez-vous et profitez d\u2019un acc\u00e8s illimit\u00e9 \u00e0 Rue89Bordeaux. Annulez quand vous voulez.\n\t\t\t\t\t<\/p>\n<p class=\"xl:text-sm\">\n\t\t\t\t\tD\u00e9j\u00e0 abonn\u00e9\u00a0?<br \/>\n\t\t\t\t\t<a class=\"border border-transparent text-center transition-colors duration-instant focus:border-info focus:rounded focus:shadow-focus cursor-pointer text-black hover:text-gray-700 active:bg-black-700 font-semibold inline-block\" href=\"https:\/\/rue89bordeaux.com\/user\/login\/?redirect=\/2025\/06\/bordeaux-ashdod-le-jumelage-est-une-ambition-de-dialogue-et-de-paix-entre-les-peuples\/\" rel=\"nofollow noopener\" target=\"_blank\">Connectez-vous<\/a>\t\t\t\t<\/p>\n<p>\n\t\t\t\tChoisissez votre formule\u00a0:\n\t\t\t<\/p>\n<p>\t\t\t\tFermer<\/p>\n","protected":false},"excerpt":{"rendered":"La majorit\u00e9 de Pierre Hurmic a \u00e9t\u00e9, \u00e0 plusieurs reprises, somm\u00e9e de suspendre le jumelage entre Bordeaux et&hellip;\n","protected":false},"author":2,"featured_media":175031,"comment_status":"","ping_status":"","sticky":false,"template":"","format":"standard","meta":{"footnotes":""},"categories":[2817],"tags":[1111,11,1997,1777,674,1011,27,664,12,2219,3518,25],"class_list":{"0":"post-175030","1":"post","2":"type-post","3":"status-publish","4":"format-standard","5":"has-post-thumbnail","7":"category-bordeaux","8":"tag-actu","9":"tag-actualites","10":"tag-bordeaux","11":"tag-eu","12":"tag-europe","13":"tag-fr","14":"tag-france","15":"tag-israel","16":"tag-news","17":"tag-nouvelle-aquitaine","18":"tag-palestine","19":"tag-republique-francaise"},"share_on_mastodon":{"url":"https:\/\/pubeurope.com\/@fr\/114679846463706935","error":""},"_links":{"self":[{"href":"https:\/\/www.europesays.com\/fr\/wp-json\/wp\/v2\/posts\/175030","targetHints":{"allow":["GET"]}}],"collection":[{"href":"https:\/\/www.europesays.com\/fr\/wp-json\/wp\/v2\/posts"}],"about":[{"href":"https:\/\/www.europesays.com\/fr\/wp-json\/wp\/v2\/types\/post"}],"author":[{"embeddable":true,"href":"https:\/\/www.europesays.com\/fr\/wp-json\/wp\/v2\/users\/2"}],"replies":[{"embeddable":true,"href":"https:\/\/www.europesays.com\/fr\/wp-json\/wp\/v2\/comments?post=175030"}],"version-history":[{"count":0,"href":"https:\/\/www.europesays.com\/fr\/wp-json\/wp\/v2\/posts\/175030\/revisions"}],"wp:featuredmedia":[{"embeddable":true,"href":"https:\/\/www.europesays.com\/fr\/wp-json\/wp\/v2\/media\/175031"}],"wp:attachment":[{"href":"https:\/\/www.europesays.com\/fr\/wp-json\/wp\/v2\/media?parent=175030"}],"wp:term":[{"taxonomy":"category","embeddable":true,"href":"https:\/\/www.europesays.com\/fr\/wp-json\/wp\/v2\/categories?post=175030"},{"taxonomy":"post_tag","embeddable":true,"href":"https:\/\/www.europesays.com\/fr\/wp-json\/wp\/v2\/tags?post=175030"}],"curies":[{"name":"wp","href":"https:\/\/api.w.org\/{rel}","templated":true}]}}