{"id":175042,"date":"2025-06-14T04:38:10","date_gmt":"2025-06-14T04:38:10","guid":{"rendered":"https:\/\/www.europesays.com\/fr\/175042\/"},"modified":"2025-06-14T04:38:10","modified_gmt":"2025-06-14T04:38:10","slug":"lyon-cette-tres-grande-place-est-terminee-a-villeurbanne-le-chantier-du-t6-continue","status":"publish","type":"post","link":"https:\/\/www.europesays.com\/fr\/175042\/","title":{"rendered":"Lyon. Cette tr\u00e8s grande place est termin\u00e9e \u00e0 Villeurbanne, le chantier du T6 continue"},"content":{"rendered":"<p>            Par<br \/>\n        <strong><br \/>\n            <a href=\"https:\/\/actu.fr\/auteur\/redaction-lyon\" title=\"Consulter tous les articles de R\u00e9daction Lyon\" target=\"_blank\" rel=\"noopener\">R\u00e9daction Lyon<\/a><br \/>\n        <\/strong><\/p>\n<p>        Publi\u00e9 le<\/p>\n<p>            14 juin 2025 \u00e0 6h14        <\/p>\n<p>C\u2019est l\u2019un des grands projets qui devait sortir de terre d\u2019ici 2026 \u00e0 <a href=\"https:\/\/actu.fr\/auvergne-rhone-alpes\/villeurbanne_69266\" target=\"_blank\" rel=\"noopener\">Villeurbanne<\/a> dans la m\u00e9tropole de <a href=\"https:\/\/actu.fr\/auvergne-rhone-alpes\/lyon_69123\" target=\"_blank\" rel=\"noopener\">Lyon<\/a> : la <a href=\"https:\/\/actu.fr\/auvergne-rhone-alpes\/villeurbanne_69266\/tram-1-200-logements-ce-quartier-de-villeurbanne-a-cote-de-lyon-se-transforme_60717703.html\" target=\"_blank\" rel=\"noopener\">place Jules-Cl\u00e9ment<\/a> est compl\u00e8tement transform\u00e9e. Le chantier a \u00e9t\u00e9 achev\u00e9 et l\u2019inauguration s\u2019est d\u00e9roul\u00e9e officiellement cette semaine. Il ne reste plus qu\u2019\u00e0 terminer l\u2019<a href=\"https:\/\/actu.fr\/auvergne-rhone-alpes\/lyon_69123\/tcl-la-date-de-mise-en-service-du-tramway-t6-entre-bron-lyon-et-villeurbanne-connue_62740552.html\" target=\"_blank\" rel=\"noopener\">am\u00e9nagement du tramway T6<\/a> qui passe le long de cette place importante de la ville.<\/p>\n<p>Plus d\u2019arbres, des bancs, une fontaine, une buvette\u2026<\/p>\n<p class=\" wall-content\">Les travaux ont d\u00e9marr\u00e9 en novembre 2023 et se sont achev\u00e9s il y a quelques jours. Le gros de la nouvelle place est termin\u00e9 notamment les terrassements pour agrandir le c\u0153ur de la place, le mur de sout\u00e8nement, les escaliers faisant un lien direct entre la place et le cours Tolsto\u00ef, l\u2019\u00e9largissement du trottoir sud le long des commerces, l\u2019am\u00e9nagement et les rev\u00eatements du trottoir nord.<\/p>\n<p class=\" wall-content\">La placette Est, situ\u00e9e entre la rue L\u00e9on-Blum et le boulevard Eug\u00e8ne-R\u00e9guillon, est aujourd\u2019hui entour\u00e9e d\u2019arbres et d\u2019une bande v\u00e9g\u00e9talis\u00e9e avec une fontaine anim\u00e9e en son centre. Un banc circulaire sera prochainement pos\u00e9, informe la M\u00e9tropole.\u00a0<\/p>\n<p class=\" wall-content\">Le projet comprend 98 arbres plant\u00e9s, 175 m\u00b3 de terrassement pour la mise \u00e0 niveau de la place, 11 000 m\u00b2 d\u2019espaces d\u00e9di\u00e9s aux pi\u00e9tons, une piste cyclable \u00e0 double sens qui traverse la place d\u2019est en ouest et 80 arceaux v\u00e9los. Le budget s\u2019\u00e9l\u00e8ve \u00e0 11 millions d\u2019euros.<\/p>\n<p class=\" wall-content\">La requalification de la place Grandcl\u00e9ment permet aussi la reconstruction d\u2019une nouvelle buvette en bois. De forme circulaire, situ\u00e9e devant le b\u00e2timent de La Poste, la buvette disposera d\u2019une salle int\u00e9rieure d\u2019une vingtaine de places et d\u2019une terrasse pouvant accueillir 40 personnes. La surface de la buvette est de 115 m\u00b2. Elle doit <strong>ouvrir \u00e0 l\u2019automne 2025<\/strong>.<\/p>\n<p>Vid\u00e9os : en ce moment sur Actu<br \/>\n    <a href=\"https:\/\/www.google.com\/maps\/embed?pb=!1m18!1m12!1m3!1d5140.723062185353!2d4.8858935180559895!3d45.758413356053445!2m3!1f0!2f0!3f0!3m2!1i1024!2i768!4f13.1!3m3!1m2!1s0x47f4c1fd692587a5%3A0x18e22822c08f9760!2sPlace%20Grandcl%C3%A9ment!5e0!3m2!1sfr!2sfr!4v1749822336805!5m2!1sfr!2sfr\" title=\"Ouvrie le lien\" target=\"_blank\" rel=\"noopener\">Cliquez ici pour visualiser le contenu<\/a><\/p>\n<p>Le tramway T6 attendu s\u2019arr\u00eatera en f\u00e9vrier 2026<\/p>\n<p class=\" wall-content\">Bruno Bernard a annonc\u00e9 \u00e0 actu Lyon la mise en service de la future ligne de tramway T6 qui passera par la place. Il doit circuler \u00e0 partir de la mi-f\u00e9vrier 2026. Une station est en cours d\u2019am\u00e9nagement et sera ouverte sur la place.<\/p>\n<p>    <img   decoding=\"async\" loading=\"lazy\" src=\"https:\/\/www.europesays.com\/fr\/wp-content\/uploads\/2025\/06\/tramwat-t6-grandclement-villeurbanne-960x640.png\" alt=\"Le tramway T6 en cours d'am\u00e9nagement vers la place Grandcl\u00e9ment.\" width=\"960\" height=\"640\"\/><br \/>\n    Le tramway T6 en cours d\u2019am\u00e9nagement vers la place Grandcl\u00e9ment. (\u00a9Jean-Philippe Malartre)<\/p>\n<p class=\" wall-content\">Le chantier se poursuit dans le secteur sur l\u2019avenue G\u00e9n\u00e9ral Leclerc, les travaux de voirie s\u2019ach\u00e8vent sur la partie Est, tandis que les travaux d\u2019infrastructures et d\u2019am\u00e9nagements urbains continuent sur la partie Ouest. Sur la rue Jean-Jaur\u00e8s, les \u00e9quipes finalisent la voirie de la partie Sud.<\/p>\n<p class=\" wall-content\">Suivez toute l\u2019actualit\u00e9 de vos villes et m\u00e9dias favoris en vous inscrivant \u00e0 <a href=\"https:\/\/moncompte.actu.fr\" title=\"D\u00e9couvez Mon Actu\" rel=\"nofollow noopener\" data-trk=\"{&quot;cta&quot;:{&quot;action&quot;:&quot;https:\\\/\\\/moncompte.actu.fr&quot;,&quot;category&quot;:&quot;mon compte&quot;,&quot;from&quot;:&quot;article footer&quot;,&quot;name&quot;:&quot;Mon actu&quot;,&quot;type&quot;:&quot;cta&quot;}}\" target=\"_blank\">Mon Actu<\/a>.<\/p>\n","protected":false},"excerpt":{"rendered":"Par R\u00e9daction Lyon Publi\u00e9 le 14 juin 2025 \u00e0 6h14 C\u2019est l\u2019un des grands projets qui devait sortir&hellip;\n","protected":false},"author":2,"featured_media":175043,"comment_status":"","ping_status":"","sticky":false,"template":"","format":"standard","meta":{"footnotes":""},"categories":[1889],"tags":[1111,11,2430,1777,674,1011,27,2808,2428,12,25,104,1352],"class_list":{"0":"post-175042","1":"post","2":"type-post","3":"status-publish","4":"format-standard","5":"has-post-thumbnail","7":"category-lyon","8":"tag-actu","9":"tag-actualites","10":"tag-auvergne-rhone-alpes","11":"tag-eu","12":"tag-europe","13":"tag-fr","14":"tag-france","15":"tag-grand-lyon","16":"tag-lyon","17":"tag-news","18":"tag-republique-francaise","19":"tag-societe","20":"tag-urbanisme"},"share_on_mastodon":{"url":"https:\/\/pubeurope.com\/@fr\/114679873783426929","error":""},"_links":{"self":[{"href":"https:\/\/www.europesays.com\/fr\/wp-json\/wp\/v2\/posts\/175042","targetHints":{"allow":["GET"]}}],"collection":[{"href":"https:\/\/www.europesays.com\/fr\/wp-json\/wp\/v2\/posts"}],"about":[{"href":"https:\/\/www.europesays.com\/fr\/wp-json\/wp\/v2\/types\/post"}],"author":[{"embeddable":true,"href":"https:\/\/www.europesays.com\/fr\/wp-json\/wp\/v2\/users\/2"}],"replies":[{"embeddable":true,"href":"https:\/\/www.europesays.com\/fr\/wp-json\/wp\/v2\/comments?post=175042"}],"version-history":[{"count":0,"href":"https:\/\/www.europesays.com\/fr\/wp-json\/wp\/v2\/posts\/175042\/revisions"}],"wp:featuredmedia":[{"embeddable":true,"href":"https:\/\/www.europesays.com\/fr\/wp-json\/wp\/v2\/media\/175043"}],"wp:attachment":[{"href":"https:\/\/www.europesays.com\/fr\/wp-json\/wp\/v2\/media?parent=175042"}],"wp:term":[{"taxonomy":"category","embeddable":true,"href":"https:\/\/www.europesays.com\/fr\/wp-json\/wp\/v2\/categories?post=175042"},{"taxonomy":"post_tag","embeddable":true,"href":"https:\/\/www.europesays.com\/fr\/wp-json\/wp\/v2\/tags?post=175042"}],"curies":[{"name":"wp","href":"https:\/\/api.w.org\/{rel}","templated":true}]}}