{"id":175044,"date":"2025-06-14T04:39:11","date_gmt":"2025-06-14T04:39:11","guid":{"rendered":"https:\/\/www.europesays.com\/fr\/175044\/"},"modified":"2025-06-14T04:39:11","modified_gmt":"2025-06-14T04:39:11","slug":"les-nuits-de-fourviere-cest-mon-premier-concert-le-premier-de-ma-vie","status":"publish","type":"post","link":"https:\/\/www.europesays.com\/fr\/175044\/","title":{"rendered":"\u00ab\u00a0Les Nuits de Fourvi\u00e8re, c\u2019est mon premier concert, le premier de ma vie\u00a0!\u00a0\u00bb"},"content":{"rendered":"<blockquote class=\"question\"><p><strong>Vous avez jou\u00e9 plusieurs fois \u00e0 Lyon, aux Nouvelles voix en Beaujolais, \u00e0 la Halle Tony-Garnier, au Radiant et aussi aux Nuits de Fourvi\u00e8re. C\u2019\u00e9tait en 2019. Que vous inspire notre festival\u00a0?<\/strong><\/p><\/blockquote>\n<p><strong>Clara Luciani.<\/strong> \u00ab\u00a0Je suis trop heureuse d\u2019\u00eatre l\u00e0, vraiment. En toute honn\u00eatet\u00e9, c\u2019est le plus joli festival\u2026 Le d\u00e9cor est incroyable.\u00a0La premi\u00e8re fois, j\u2019avoue ce qui m\u2019avait frapp\u00e9e, c\u2019\u00e9tait les\u2026 coussins. On m\u2019avait pr\u00e9venue que le public les lan\u00e7ait \u00e0 la fin. Mais pour moi, rien\u00a0! On m\u2019a expliqu\u00e9 apr\u00e8s qu\u2019ils n\u2019avaient pas \u00e9t\u00e9 distribu\u00e9s, en raison de la pluie, alors que j\u2019avais l\u2019impression d\u2019avoir \u00e9t\u00e9 boud\u00e9e\u00a0; du coup, je les attends vraiment\u00a0! [rires]. Pour moi, c\u2019est\u00a0un grand cadeau, un \u00e9crin intimiste, \u201cLE\u201d lieu d\u2019un festival de proximit\u00e9 qui promet des interactions folles.\u00a0Et je suis fan de Noor, la premi\u00e8re partie. Et c\u2019est aux Nuits de&#8230;<\/p>\n","protected":false},"excerpt":{"rendered":"Vous avez jou\u00e9 plusieurs fois \u00e0 Lyon, aux Nouvelles voix en Beaujolais, \u00e0 la Halle Tony-Garnier, au Radiant&hellip;\n","protected":false},"author":2,"featured_media":175045,"comment_status":"","ping_status":"","sticky":false,"template":"","format":"standard","meta":{"footnotes":""},"categories":[1889],"tags":[1111,11,2430,1687,2757,1777,674,107,1011,27,2428,2756,12,25,2429,4604,273,3140],"class_list":{"0":"post-175044","1":"post","2":"type-post","3":"status-publish","4":"format-standard","5":"has-post-thumbnail","7":"category-lyon","8":"tag-actu","9":"tag-actualites","10":"tag-auvergne-rhone-alpes","11":"tag-culture-loisirs","12":"tag-edition-lyon-villeurbanne","13":"tag-eu","14":"tag-europe","15":"tag-fil-info","16":"tag-fr","17":"tag-france","18":"tag-lyon","19":"tag-lyon-bassin","20":"tag-news","21":"tag-republique-francaise","22":"tag-rhone","23":"tag-selection-abonne","24":"tag-selection-de-la-redaction","25":"tag-spectacle"},"share_on_mastodon":{"url":"https:\/\/pubeurope.com\/@fr\/114679877664776729","error":""},"_links":{"self":[{"href":"https:\/\/www.europesays.com\/fr\/wp-json\/wp\/v2\/posts\/175044","targetHints":{"allow":["GET"]}}],"collection":[{"href":"https:\/\/www.europesays.com\/fr\/wp-json\/wp\/v2\/posts"}],"about":[{"href":"https:\/\/www.europesays.com\/fr\/wp-json\/wp\/v2\/types\/post"}],"author":[{"embeddable":true,"href":"https:\/\/www.europesays.com\/fr\/wp-json\/wp\/v2\/users\/2"}],"replies":[{"embeddable":true,"href":"https:\/\/www.europesays.com\/fr\/wp-json\/wp\/v2\/comments?post=175044"}],"version-history":[{"count":0,"href":"https:\/\/www.europesays.com\/fr\/wp-json\/wp\/v2\/posts\/175044\/revisions"}],"wp:featuredmedia":[{"embeddable":true,"href":"https:\/\/www.europesays.com\/fr\/wp-json\/wp\/v2\/media\/175045"}],"wp:attachment":[{"href":"https:\/\/www.europesays.com\/fr\/wp-json\/wp\/v2\/media?parent=175044"}],"wp:term":[{"taxonomy":"category","embeddable":true,"href":"https:\/\/www.europesays.com\/fr\/wp-json\/wp\/v2\/categories?post=175044"},{"taxonomy":"post_tag","embeddable":true,"href":"https:\/\/www.europesays.com\/fr\/wp-json\/wp\/v2\/tags?post=175044"}],"curies":[{"name":"wp","href":"https:\/\/api.w.org\/{rel}","templated":true}]}}