{"id":175046,"date":"2025-06-14T04:41:21","date_gmt":"2025-06-14T04:41:21","guid":{"rendered":"https:\/\/www.europesays.com\/fr\/175046\/"},"modified":"2025-06-14T04:41:21","modified_gmt":"2025-06-14T04:41:21","slug":"le-master-jidf-2025-le-premier-master-du-padel-jeunes-en-ile-de-france","status":"publish","type":"post","link":"https:\/\/www.europesays.com\/fr\/175046\/","title":{"rendered":"Le Master JIDF 2025 : Le premier Master du padel jeunes en \u00cele-de-France"},"content":{"rendered":"<p>Le <strong>dimanche 15 juin 2025<\/strong>, le <strong>club des Pyramides<\/strong> \u00e0 <strong>Port-Marly<\/strong> accueillera le tout premier <strong>Master Jeunes \u00cele-de-France (JIDF)<\/strong>, point d\u2019orgue du <strong>circuit jeunes r\u00e9gional<\/strong> organis\u00e9 par la <strong>Ligue \u00cele-de-France<\/strong> en partenariat avec <strong>Player\u2019s Academy<\/strong>.<\/p>\n<p>Apr\u00e8s <strong>12 \u00e9tapes<\/strong> disput\u00e9es depuis plusieurs mois, cette finale r\u00e9unira les <strong>meilleurs jeunes talents franciliens<\/strong> dans les cat\u00e9gories <strong>U12, U14 et U16\/U18<\/strong>.<\/p>\n<p>Une journ\u00e9e d\u00e9di\u00e9e \u00e0 la rel\u00e8ve du padel<\/p>\n<p>D\u00e8s <strong>9h00<\/strong>, les premiers matchs lanceront une journ\u00e9e sportive, conviviale et d\u00e9cisive. Ce <strong>Master JIDF<\/strong>, r\u00e9compense \u00e0 la fois la <strong>performance sportive<\/strong> et la <strong>r\u00e9gularit\u00e9<\/strong> des jeunes joueurs tout au long du circuit.<\/p>\n<p><strong>24 \u00e9quipes qualifi\u00e9es<\/strong> participeront \u00e0 cette journ\u00e9e dans trois cat\u00e9gories de tournois homologu\u00e9s FFT :<\/p>\n<p><strong>Cat\u00e9gorie U12 \u2013 P25<\/strong><\/p>\n<ul class=\"wp-block-list\">\n<li>Paul Alameda \/ Vicente Rodrigues<\/li>\n<li>Camilo Baltasar \/ Frederik Schmidt Sanchez<\/li>\n<li>Th\u00e9o Rataboul \/ Paulina Perdreau<\/li>\n<li>Garcia\u00a0Romane \/ Elina Garcia<\/li>\n<li>Nathan Boulay \/ Eliott Marrapodi<\/li>\n<li>Sacha Lionnet \/ Ma\u00ebl Lionnet<\/li>\n<li>Hugo De Oliveira \/ Diego Goncalves<\/li>\n<li>Ben Dumousseau \/ Maxime Wils<\/li>\n<\/ul>\n<p><strong>Cat\u00e9gorie U14 \u2013 P100<\/strong><\/p>\n<ul class=\"wp-block-list\">\n<li>Marin Le Saux \/ Pierre Tendron<\/li>\n<li>Tristan Dauphin \/ Noam Meritet<\/li>\n<li>Paul Lavigne \/ Filip Pavlovic<\/li>\n<li>Yahya Ayoub \/ Majd Ayoub<\/li>\n<li>Ilian Zouioueche \/ Alexandre Roche<\/li>\n<li>Lo\u00efs Meyer \/ Chlo\u00e9 Le Jeune<\/li>\n<li>Karel Badran \/ L\u00e9on Maire<\/li>\n<li>Mila Oliveira \/ Ta\u00efwo Iacovella<\/li>\n<\/ul>\n<p><strong>Cat\u00e9gorie U16\/U18 \u2013 P250<\/strong><\/p>\n<ul class=\"wp-block-list\">\n<li>Lucas Terminet \/ Loann Jovasevic<\/li>\n<li>Nolann Ballay \/ Sacha Devriendt<\/li>\n<li>Tom Lang-Trotoux \/ L\u00e9o Lang-Trotoux<\/li>\n<li>Rafael Bastide \/ Lucas Maigret<\/li>\n<li>Luka Perdreau \/ Tristan Robert<\/li>\n<li>Quentin Brunet \/ Cl\u00e9ment Mocho<\/li>\n<li>Alycia Gr\u00e9boval \/ Chlo\u00e9 Ava Robert<\/li>\n<li>Alexandre Barbier-Pageault \/ Sim\u00e9o Debroy<\/li>\n<\/ul>\n<p><strong>Programme de la journ\u00e9e<\/strong><\/p>\n<ul class=\"wp-block-list\">\n<li>9h00 : d\u00e9but des matchs<\/li>\n<li>14h00 : finales U12 et U14<\/li>\n<li>Finale U16\/U18 \u00e0 suivre dans la foul\u00e9e<\/li>\n<li>Vers 16h30 : remise des r\u00e9compenses<\/li>\n<\/ul>\n<p><img title=\"Le Master JIDF 2025 : la grande finale du padel jeunes en \u00cele-de-France | Padel Magazine\" loading=\"lazy\" decoding=\"async\" width=\"730\" height=\"1024\" src=\"https:\/\/www.europesays.com\/fr\/wp-content\/uploads\/2025\/06\/2025-06-12_12h45_18-730x1024.png\" alt=\"Le Master JIDF 2025 : la grande finale du padel jeunes en \u00cele-de-France\" class=\"wp-image-261327\"  \/>Un circuit structurant pour les jeunes<\/p>\n<p>Le <strong>circuit JIDF<\/strong> a \u00e9t\u00e9 con\u00e7u pour favoriser l\u2019<strong>ouverture<\/strong>, la <strong>mixit\u00e9<\/strong> et les <strong>\u00e9changes interclubs<\/strong>. Les tableaux sont ouverts aux <strong>\u00e9quipes masculines, f\u00e9minines et mixtes<\/strong>, avec un classement par points pour r\u00e9compenser la constance et l\u2019implication.<\/p>\n<p>C\u2019est aussi la <strong>premi\u00e8re ann\u00e9e<\/strong> de ce circuit jeunes en \u00cele-de-France, ce qui rend cette \u00e9dition inaugurale encore plus symbolique.<\/p>\n<p><strong>Les vainqueurs d\u2019\u00e9tapes marquants<\/strong><\/p>\n<p><strong>U14<\/strong><\/p>\n<ul class=\"wp-block-list\">\n<li>Marin Le Saux &amp; Ilian Zouioueche (\u00e9tape 1)<\/li>\n<li>Marin Le Saux &amp; Tristan Dauphin (\u00e9tapes 2, 5, 8)<\/li>\n<li>Adam Banayan &amp; Joseph Hababou (\u00e9tape 3)<\/li>\n<li>Pierre Tendron &amp; Timo Monier Vinard (\u00e9tape 4)<\/li>\n<li>Alex Roche &amp; Ilian Zouioueche (\u00e9tape 9)<\/li>\n<li>Noam Meritet &amp; Tristan Dauphin (\u00e9tapes 10, 11)<\/li>\n<li>Luka Perdreau &amp; Alex Roche (\u00e9tape 12)<\/li>\n<\/ul>\n<p><strong>U18<\/strong><\/p>\n<ul class=\"wp-block-list\">\n<li>Tom &amp; L\u00e9o Lang-Trotoux (\u00e9tapes 1, 3, 6, 8)<\/li>\n<li>Tom Lang-Trotoux &amp; Luka Perdreau (\u00e9tape 2)<\/li>\n<li>Tristan Robert &amp; Sim\u00e9o Debroy (\u00e9tape 4)<\/li>\n<li>Alex Barbier &amp; Luka Perdreau (\u00e9tapes 5, 10)<\/li>\n<li>Cl\u00e9ment Monot &amp; Luka Perdreau (\u00e9tape 7)<\/li>\n<li>Elliot Mura &amp; Sacha Devriendt (\u00e9tape 9)<\/li>\n<li>Luka Perdreau &amp; Lucas Terminet (\u00e9tape 11)<\/li>\n<li>Alex Barbier &amp; Sacha Devriendt (\u00e9tape 12)<\/li>\n<\/ul>\n<p><strong>Informations pratiques<\/strong><\/p>\n<p>Lieu : Club des Pyramides \u2013 Port-Marly<br \/>Acc\u00e8s : entr\u00e9e gratuite sur inscription (Google Forms)<br \/>Suivi : Instagram @padeljeuneidf<br \/>Diffusion : finales U12 et U14, demi-finales et finale U16\/U18 retransmises sur <strong>PadelMag TV<\/strong><\/p>\n<\/p>\n<p><img loading=\"lazy\" decoding=\"async\" data-del=\"avatar\" alt=\"Communiqu\u00e9 de presse\" src=\"https:\/\/www.europesays.com\/fr\/wp-content\/uploads\/2025\/04\/Green-and-Gold-Simple-Charity-Event-Press-Release-Document-1-150x150.png\" class=\"avatar pp-user-avatar avatar-100 photo \" height=\"100\" width=\"100\"\/><\/p>\n<p class=\"related-title\">Sur le m\u00eame sujet<\/p>\n","protected":false},"excerpt":{"rendered":"Le dimanche 15 juin 2025, le club des Pyramides \u00e0 Port-Marly accueillera le tout premier Master Jeunes \u00cele-de-France&hellip;\n","protected":false},"author":2,"featured_media":175047,"comment_status":"","ping_status":"","sticky":false,"template":"","format":"standard","meta":{"footnotes":""},"categories":[1592],"tags":[1111,11,1777,674,1011,27,662,4074,12,626,25,25480],"class_list":{"0":"post-175046","1":"post","2":"type-post","3":"status-publish","4":"format-standard","5":"has-post-thumbnail","7":"category-ile-de-france","8":"tag-actu","9":"tag-actualites","10":"tag-eu","11":"tag-europe","12":"tag-fr","13":"tag-france","14":"tag-ile-de-france","15":"tag-jeunes","16":"tag-news","17":"tag-paris","18":"tag-republique-francaise","19":"tag-tournois-nationaux-jeunes-tnj"},"share_on_mastodon":{"url":"https:\/\/pubeurope.com\/@fr\/114679885713771004","error":""},"_links":{"self":[{"href":"https:\/\/www.europesays.com\/fr\/wp-json\/wp\/v2\/posts\/175046","targetHints":{"allow":["GET"]}}],"collection":[{"href":"https:\/\/www.europesays.com\/fr\/wp-json\/wp\/v2\/posts"}],"about":[{"href":"https:\/\/www.europesays.com\/fr\/wp-json\/wp\/v2\/types\/post"}],"author":[{"embeddable":true,"href":"https:\/\/www.europesays.com\/fr\/wp-json\/wp\/v2\/users\/2"}],"replies":[{"embeddable":true,"href":"https:\/\/www.europesays.com\/fr\/wp-json\/wp\/v2\/comments?post=175046"}],"version-history":[{"count":0,"href":"https:\/\/www.europesays.com\/fr\/wp-json\/wp\/v2\/posts\/175046\/revisions"}],"wp:featuredmedia":[{"embeddable":true,"href":"https:\/\/www.europesays.com\/fr\/wp-json\/wp\/v2\/media\/175047"}],"wp:attachment":[{"href":"https:\/\/www.europesays.com\/fr\/wp-json\/wp\/v2\/media?parent=175046"}],"wp:term":[{"taxonomy":"category","embeddable":true,"href":"https:\/\/www.europesays.com\/fr\/wp-json\/wp\/v2\/categories?post=175046"},{"taxonomy":"post_tag","embeddable":true,"href":"https:\/\/www.europesays.com\/fr\/wp-json\/wp\/v2\/tags?post=175046"}],"curies":[{"name":"wp","href":"https:\/\/api.w.org\/{rel}","templated":true}]}}