{"id":175054,"date":"2025-06-14T04:45:09","date_gmt":"2025-06-14T04:45:09","guid":{"rendered":"https:\/\/www.europesays.com\/fr\/175054\/"},"modified":"2025-06-14T04:45:09","modified_gmt":"2025-06-14T04:45:09","slug":"plusieurs-stations-de-la-ligne-3-du-metro-a-paris-vont-fermer-plus-dun-mois-pour-travaux","status":"publish","type":"post","link":"https:\/\/www.europesays.com\/fr\/175054\/","title":{"rendered":"plusieurs stations de la ligne 3 du m\u00e9tro \u00e0 Paris vont fermer plus d&rsquo;un mois pour travaux"},"content":{"rendered":"<p>            Par<br \/>\n        <strong><br \/>\n            <a href=\"https:\/\/actu.fr\/auteur\/redaction-paris\" title=\"Consulter tous les articles de R\u00e9daction Paris\" target=\"_blank\" rel=\"noopener\">R\u00e9daction Paris<\/a><br \/>\n        <\/strong><\/p>\n<p>        Publi\u00e9 le<\/p>\n<p>            14 juin 2025 \u00e0 6h14        <\/p>\n<p><a href=\"https:\/\/actu.fr\/ile-de-france\/paris_75056\/metro-rer-train-tramway-ligne-par-ligne-les-interruptions-prevues-a-la-ratp-et-la-sncf-cet-ete_62585820.html\" target=\"_blank\" rel=\"noopener\">L\u2019\u00e9t\u00e9 2025<\/a> va \u00eatre l\u2019occasion pour la <a href=\"https:\/\/actu.fr\/tag\/ratp\" target=\"_blank\" rel=\"noopener\">RATP<\/a> de mener des <a href=\"https:\/\/actu.fr\/tag\/travaux\" target=\"_blank\" rel=\"noopener\">travaux<\/a> sur plusieurs de ses lignes. La <a href=\"https:\/\/actu.fr\/ile-de-france\/paris_75056\/ratp-cette-station-de-la-ligne-6-du-metro-a-paris-va-fermer-pendant-deux-mois-pour-travaux_62759855.html\" target=\"_blank\" rel=\"noopener\">ligne 6<\/a> va \u00eatre notamment concern\u00e9e avec la fermeture de la Station Cambronne pendant deux mois. Ce sera \u00e9galement le cas de la <strong>ligne 3<\/strong> avec diff\u00e9rents chantier programm\u00e9s \u00e0 Paris.\u00a0<\/p>\n<p>La RATP promet un renforcement de l\u2019offre de transport<\/p>\n<p class=\" wall-content\">La RATP pr\u00e9voit des travaux de r\u00e9novation en tunnel situ\u00e9s entre les stations Bourse et Quatre Septembre et les stations R\u00e9aumur S\u00e9bastopol et Sentier. Des travaux de cr\u00e9ation d\u2019une aire de nettoyage patrimoniale et d\u2019un centre de nettoyage des trains seront \u00e9galement men\u00e9s \u00e0 la station Gallieni, ainsi que la cr\u00e9ation d\u2019une position de garage \u00e0 la station Gambetta.<\/p>\n<p class=\" wall-content\">La R\u00e9gie des transports indique sur son site s\u2019\u00eatre \u00ab\u00a0organis\u00e9e pour limiter l\u2019impact de ce chantier sur les voyageurs, en mutualisant les travaux\u00a0\u00bb. Le trafic sera malgr\u00e9 tout interrompu du 28 juin au 3 ao\u00fbt 2025 entre les stations Op\u00e9ra et Gallieni.<\/p>\n<p class=\" wall-content\">\u00ab\u00a0En cons\u00e9quence, des bus de substitution seront mis en place entre Gallieni et R\u00e9publique, annonce\u00a0\u00bb, indique la RATP tout en annon\u00e7ant le renforcement de l\u2019offre de transport sur les lignes de m\u00e9tro et \u00ab\u00a0un plan de transport adapt\u00e9\u00a0\u00bb.<\/p>\n<p class=\" wall-content\">Suivez toute l\u2019actualit\u00e9 de vos villes et m\u00e9dias favoris en vous inscrivant \u00e0 <a href=\"https:\/\/moncompte.actu.fr\" title=\"D\u00e9couvez Mon Actu\" rel=\"nofollow noopener\" data-trk=\"{&quot;cta&quot;:{&quot;action&quot;:&quot;https:\\\/\\\/moncompte.actu.fr&quot;,&quot;category&quot;:&quot;mon compte&quot;,&quot;from&quot;:&quot;article footer&quot;,&quot;name&quot;:&quot;Mon actu&quot;,&quot;type&quot;:&quot;cta&quot;}}\" target=\"_blank\">Mon Actu<\/a>.<\/p>\n","protected":false},"excerpt":{"rendered":"Par R\u00e9daction Paris Publi\u00e9 le 14 juin 2025 \u00e0 6h14 L\u2019\u00e9t\u00e9 2025 va \u00eatre l\u2019occasion pour la RATP&hellip;\n","protected":false},"author":2,"featured_media":175055,"comment_status":"","ping_status":"","sticky":false,"template":"","format":"standard","meta":{"footnotes":""},"categories":[1888],"tags":[11,1777,674,1011,27,4047,12,626,625,25,104,2086],"class_list":{"0":"post-175054","1":"post","2":"type-post","3":"status-publish","4":"format-standard","5":"has-post-thumbnail","7":"category-paris","8":"tag-actualites","9":"tag-eu","10":"tag-europe","11":"tag-fr","12":"tag-france","13":"tag-metro","14":"tag-news","15":"tag-paris","16":"tag-ratp","17":"tag-republique-francaise","18":"tag-societe","19":"tag-travaux"},"share_on_mastodon":{"url":"https:\/\/pubeurope.com\/@fr\/114679901331058180","error":""},"_links":{"self":[{"href":"https:\/\/www.europesays.com\/fr\/wp-json\/wp\/v2\/posts\/175054","targetHints":{"allow":["GET"]}}],"collection":[{"href":"https:\/\/www.europesays.com\/fr\/wp-json\/wp\/v2\/posts"}],"about":[{"href":"https:\/\/www.europesays.com\/fr\/wp-json\/wp\/v2\/types\/post"}],"author":[{"embeddable":true,"href":"https:\/\/www.europesays.com\/fr\/wp-json\/wp\/v2\/users\/2"}],"replies":[{"embeddable":true,"href":"https:\/\/www.europesays.com\/fr\/wp-json\/wp\/v2\/comments?post=175054"}],"version-history":[{"count":0,"href":"https:\/\/www.europesays.com\/fr\/wp-json\/wp\/v2\/posts\/175054\/revisions"}],"wp:featuredmedia":[{"embeddable":true,"href":"https:\/\/www.europesays.com\/fr\/wp-json\/wp\/v2\/media\/175055"}],"wp:attachment":[{"href":"https:\/\/www.europesays.com\/fr\/wp-json\/wp\/v2\/media?parent=175054"}],"wp:term":[{"taxonomy":"category","embeddable":true,"href":"https:\/\/www.europesays.com\/fr\/wp-json\/wp\/v2\/categories?post=175054"},{"taxonomy":"post_tag","embeddable":true,"href":"https:\/\/www.europesays.com\/fr\/wp-json\/wp\/v2\/tags?post=175054"}],"curies":[{"name":"wp","href":"https:\/\/api.w.org\/{rel}","templated":true}]}}