{"id":175058,"date":"2025-06-14T04:47:16","date_gmt":"2025-06-14T04:47:16","guid":{"rendered":"https:\/\/www.europesays.com\/fr\/175058\/"},"modified":"2025-06-14T04:47:16","modified_gmt":"2025-06-14T04:47:16","slug":"lunion-europeenne-prolonge-jusquen-2027-la-protection-accordee-aux-refugies-ukrainiens","status":"publish","type":"post","link":"https:\/\/www.europesays.com\/fr\/175058\/","title":{"rendered":"l&rsquo;Union europ\u00e9enne prolonge jusqu&rsquo;en 2027 la protection accord\u00e9e aux r\u00e9fugi\u00e9s ukrainiens"},"content":{"rendered":"<p>Ils sont actuellement 4,3 millions, r\u00e9partis principalement en Allemagne, Pologne et R\u00e9publique tch\u00e8que.<\/p>\n<p class=\"fig-paragraph\">Les\u00a0<a href=\"http:\/\/www.lefigaro.fr\/international\/guerre-en-ukraine-a-l-elysee-l-europe-tente-de-desolidariser-les-etats-unis-de-la-russie-20250417\" target=\"_blank\" data-fig-type=\"Article\" rel=\"noopener\" data-gtm-custom-categorie=\"navigation\" data-gtm-custom-action=\"crossclick\" data-gtm-custom-label=\"Contextuel\" data-gtm-event=\"customEventSPE\" data-fig-domain=\"LEFIGARO\">\u00c9tats europ\u00e9ens<\/a>\u00a0ont approuv\u00e9 ce vendredi 13 juin \u00e0 l&rsquo;unanimit\u00e9 la prolongation d&rsquo;un an, jusqu&rsquo;en mars 2027, de la protection accord\u00e9e aux\u00a0<a href=\"http:\/\/www.lefigaro.fr\/international\/ukraine-donald-trump-envisage-de-revoquer-le-statut-de-protection-temporaire-des-240-000-refugies-ukrainiens-aux-etats-unis-20250306\" target=\"_blank\" data-fig-type=\"NewsFlash\" rel=\"noopener\" data-gtm-custom-categorie=\"navigation\" data-gtm-custom-action=\"crossclick\" data-gtm-custom-label=\"Contextuel\" data-gtm-event=\"customEventSPE\" data-fig-domain=\"LEFIGARO\">r\u00e9fugi\u00e9s ukrainiens<\/a>\u00a0dans l&rsquo;<a href=\"http:\/\/www.lefigaro.fr\/sciences\/l-union-europeenne-et-la-chine-doivent-prendre-le-leadership-climatique-20250528\" target=\"_blank\" data-fig-type=\"NewsFlash\" rel=\"noopener\" data-gtm-custom-categorie=\"navigation\" data-gtm-custom-action=\"crossclick\" data-gtm-custom-label=\"Contextuel\" data-gtm-event=\"customEventSPE\" data-fig-domain=\"LEFIGARO\">Union europ\u00e9enne<\/a>\u00a0(UE).<\/p>\n<p class=\"fig-paragraph\">Les Ukrainiens fuyant le conflit avec la Russie b\u00e9n\u00e9ficient depuis 2022 d&rsquo;un statut unique leur permettant de s\u00e9journer, de travailler et d&rsquo;acc\u00e9der \u00e0 des aides au sein de l&rsquo;UE. Ils sont actuellement 4,3 millions dans ce cas, r\u00e9partis principalement en Allemagne, Pologne et R\u00e9publique tch\u00e8que.<\/p>\n<p class=\"fig-paragraph\">\u00abAlors que la Russie continue de terroriser les civils ukrainiens par des frappes a\u00e9riennes aveugles, l&rsquo;UE continue de montrer sa solidarit\u00e9 avec le peuple ukrainien\u00bb, a soulign\u00e9 le ministre de l&rsquo;Int\u00e9rieur polonais Tomasz Siemoniak, dont le pays occupe la pr\u00e9sidence tournante du Conseil de l&rsquo;UE.<\/p>\n<p>P\u00e9renniser le statut de ceux restant dans l\u2019UE<\/p>\n<p class=\"fig-paragraph\">Mais des discussions sont d\u00e9sormais engag\u00e9es au sein des 27 \u00c9tats membres de l&rsquo;Union pour \u00abpr\u00e9parer une transition coordonn\u00e9e pour sortir de la protection temporaire\u00bb des Ukrainiens, a-t-il ajout\u00e9. Il s&rsquo;agirait de p\u00e9renniser le statut de ceux restant dans l&rsquo;UE et de pr\u00e9parer de premiers retours vers l&rsquo;Ukraine quand la situation le permettra.<\/p>\n<p class=\"fig-paragraph\">Car plusieurs pays montrent des signes d&rsquo;impatience. \u00c0 commencer par la Pologne, longtemps soutien ind\u00e9fectible de Kiev mais dont le nouveau pr\u00e9sident, le nationaliste Karol Nawrocki, a promis de r\u00e9duire les avantages accord\u00e9s aux r\u00e9fugi\u00e9s ukrainiens. Ou l&rsquo;Allemagne, dont le gouvernement durcit de plus en plus sa politique migratoire et envisage de sabrer dans les aides vers\u00e9es aux r\u00e9fugi\u00e9s ukrainiens.<\/p>\n<p class=\"fig-paragraph\">Au-del\u00e0 de la situation en Ukraine, l&rsquo;ex\u00e9cutif europ\u00e9en subit une pression croissante pour durcir ses politiques migratoires, en raison de la pouss\u00e9e de la droite et de l&rsquo;extr\u00eame droite \u00e0 travers l&rsquo;UE. La Commission europ\u00e9enne avance m\u00e9thodiquement sur ces questions\u00a0: elle a d\u00e9voil\u00e9 au cours des derniers mois des mesures pour acc\u00e9l\u00e9rer les expulsions d&rsquo;\u00e9trangers en situation irr\u00e9guli\u00e8re et limiter les possibilit\u00e9s d&rsquo;asile pour les ressortissants de certains pays.<\/p>\n","protected":false},"excerpt":{"rendered":"Ils sont actuellement 4,3 millions, r\u00e9partis principalement en Allemagne, Pologne et R\u00e9publique tch\u00e8que. Les\u00a0\u00c9tats europ\u00e9ens\u00a0ont approuv\u00e9 ce vendredi&hellip;\n","protected":false},"author":2,"featured_media":175059,"comment_status":"","ping_status":"","sticky":false,"template":"","format":"standard","meta":{"footnotes":""},"categories":[1590],"tags":[11,426,427,422,423,1777,674,418,131,424,425,420,421,12,419,316,429,1778,220,428],"class_list":{"0":"post-175058","1":"post","2":"type-post","3":"status-publish","4":"format-standard","5":"has-post-thumbnail","7":"category-ukraine","8":"tag-actualites","9":"tag-candidat","10":"tag-candidats","11":"tag-depute","12":"tag-deputes","13":"tag-eu","14":"tag-europe","15":"tag-gouvernement","16":"tag-guerre-en-ukraine","17":"tag-institution","18":"tag-institutions","19":"tag-loi","20":"tag-lois","21":"tag-news","22":"tag-opposition","23":"tag-politique","24":"tag-ps","25":"tag-ue","26":"tag-ukraine","27":"tag-ump"},"share_on_mastodon":{"url":"https:\/\/pubeurope.com\/@fr\/114679909122834024","error":""},"_links":{"self":[{"href":"https:\/\/www.europesays.com\/fr\/wp-json\/wp\/v2\/posts\/175058","targetHints":{"allow":["GET"]}}],"collection":[{"href":"https:\/\/www.europesays.com\/fr\/wp-json\/wp\/v2\/posts"}],"about":[{"href":"https:\/\/www.europesays.com\/fr\/wp-json\/wp\/v2\/types\/post"}],"author":[{"embeddable":true,"href":"https:\/\/www.europesays.com\/fr\/wp-json\/wp\/v2\/users\/2"}],"replies":[{"embeddable":true,"href":"https:\/\/www.europesays.com\/fr\/wp-json\/wp\/v2\/comments?post=175058"}],"version-history":[{"count":0,"href":"https:\/\/www.europesays.com\/fr\/wp-json\/wp\/v2\/posts\/175058\/revisions"}],"wp:featuredmedia":[{"embeddable":true,"href":"https:\/\/www.europesays.com\/fr\/wp-json\/wp\/v2\/media\/175059"}],"wp:attachment":[{"href":"https:\/\/www.europesays.com\/fr\/wp-json\/wp\/v2\/media?parent=175058"}],"wp:term":[{"taxonomy":"category","embeddable":true,"href":"https:\/\/www.europesays.com\/fr\/wp-json\/wp\/v2\/categories?post=175058"},{"taxonomy":"post_tag","embeddable":true,"href":"https:\/\/www.europesays.com\/fr\/wp-json\/wp\/v2\/tags?post=175058"}],"curies":[{"name":"wp","href":"https:\/\/api.w.org\/{rel}","templated":true}]}}