{"id":175063,"date":"2025-06-14T04:50:17","date_gmt":"2025-06-14T04:50:17","guid":{"rendered":"https:\/\/www.europesays.com\/fr\/175063\/"},"modified":"2025-06-14T04:50:17","modified_gmt":"2025-06-14T04:50:17","slug":"deutsche-telekom-et-nvidia-sassocient-pour-creer-un-nuage-dia-pour-les-fabricants-en-allemagne-13-06-2025-a-1551","status":"publish","type":"post","link":"https:\/\/www.europesays.com\/fr\/175063\/","title":{"rendered":"Deutsche Telekom et Nvidia s&rsquo;associent pour cr\u00e9er un nuage d&rsquo;IA pour les fabricants en Allemagne &#8211; 13\/06\/2025 \u00e0 15:51"},"content":{"rendered":"<p>\n ((Traduction automatis\u00e9e par Reuters \u00e0 l&rsquo;aide de l&rsquo;apprentissage<br \/>\nautomatique et de l&rsquo;IA g\u00e9n\u00e9rative, veuillez vous r\u00e9f\u00e9rer \u00e0<br \/>\nl&rsquo;avertissement suivant: https:\/\/bit.ly\/rtrsauto))\n<\/p>\n<p>\n (Mise \u00e0 jour avec d\u00e9tails, ministre num\u00e9rique, contexte)<br \/>\npar Andreas Rinke et Hakan Ersen\n<\/p>\n<p>\n Deutsche Telekom<br \/>\n <a href=\"https:\/\/www.boursorama.com\/cours\/1zDTE\/\" rel=\"nofollow noopener\" target=\"_blank\"><br \/>\n  DTEGn.DE<br \/>\n <\/a><br \/>\n va<br \/>\njoindre ses forces \u00e0 celles de Nvidia<br \/>\n <a href=\"https:\/\/www.boursorama.com\/cours\/NVDA\/\" rel=\"nofollow noopener\" target=\"_blank\"><br \/>\n  NVDA.O<br \/>\n <\/a><br \/>\n pour \u00e9tablir un<br \/>\nnuage d&rsquo;intelligence artificielle pour les fabricants europ\u00e9ens<br \/>\nen Allemagne, ont d\u00e9clar\u00e9 les entreprises vendredi.\n<\/p>\n<p>\n Nvidia fournira 10 000 puces, ou unit\u00e9s de traitement graphique<br \/>\n(GPU), qui seront int\u00e9gr\u00e9es dans les centres de donn\u00e9es<br \/>\nexistants de Deutsche Telekom.\n<\/p>\n<p>\n Le cloud, que les entreprises visent \u00e0 mettre en \u0153uvre d&rsquo;ici<br \/>\n2026, est consid\u00e9r\u00e9 comme une \u00e9tape importante vers la<br \/>\nconstruction de centres de donn\u00e9es \u00e0 grande \u00e9chelle, un \u00e9l\u00e9ment<br \/>\ncrucial de la volont\u00e9 du nouveau gouvernement allemand de<br \/>\nmoderniser l&rsquo;industrie en retard du pays et une partie des<br \/>\nefforts de l&rsquo;UE pour rattraper les autres puissances mondiales<br \/>\nen mati\u00e8re d&rsquo;IA.\n<\/p>\n<p>\n Le directeur g\u00e9n\u00e9ral de Nvidia, Jensen Huang, a d\u00e9voil\u00e9<br \/>\nmercredi les plans de l&rsquo;entreprise am\u00e9ricaine pour construire<br \/>\nune plateforme cloud d&rsquo;IA en Allemagne. La participation de<br \/>\nDeutsche Telekom a \u00e9t\u00e9 annonc\u00e9e vendredi, alors que Jensen Huang<br \/>\nrencontrait \u00e9galement le chancelier allemand Friedrich Merz.\n<\/p>\n<p>\n \u00ab\u00a0Les investissements dans les infrastructures strat\u00e9giques d&rsquo;IA<br \/>\nsont essentiels \u00e0 la force d&rsquo;innovation de notre pays\u00a0\u00bb, a<br \/>\nd\u00e9clar\u00e9 Friedrich Merz dans un communiqu\u00e9 \u00e0 l&rsquo;issue de la<br \/>\nr\u00e9union.\n<\/p>\n<p>\n \u00ab\u00a0Nous saluons express\u00e9ment l&rsquo;engagement de Nvidia et de ses<br \/>\npartenaires. Cette coop\u00e9ration peut constituer une \u00e9tape<br \/>\nimportante pour la souverainet\u00e9 num\u00e9rique et l&rsquo;avenir \u00e9conomique<br \/>\nde l&rsquo;Allemagne\u00a0\u00bb, a-t-il ajout\u00e9.\n<\/p>\n<p>\n Les GPU sont devenus un \u00e9l\u00e9ment important de la mont\u00e9e en<br \/>\npuissance de l&rsquo;IA.\n<\/p>\n<p>\n Sous la pr\u00e9sidence de Friedrich Merz, l&rsquo;Allemagne pr\u00e9voit de<br \/>\npromouvoir la construction de grands centres de donn\u00e9es pour<br \/>\nr\u00e9pondre \u00e0 la transition vers l&rsquo;IA dans les ann\u00e9es \u00e0 venir, en<br \/>\nvisant \u00e0 obtenir jusqu&rsquo;\u00e0 100 000 GPU avec une subvention de 35 %<br \/>\nde l&rsquo;\u00c9tat.\n<\/p>\n<p>\n \u00ab\u00a0Mais cela signifie que l&rsquo;industrie doit prendre en charge 65<br \/>\n%\u00a0\u00bb, a d\u00e9clar\u00e9 Thomas Jarzombek, le ministre d\u00e9l\u00e9gu\u00e9 aux affaires<br \/>\nnum\u00e9riques du gouvernement.\n<\/p>\n<p>\n En f\u00e9vrier, la Commission europ\u00e9enne a d\u00e9voil\u00e9 des plans<br \/>\n pour financer \u00e0 hauteur de 20 milliards de dollars la<br \/>\nconstruction de centres de donn\u00e9es d&rsquo;IA afin de rattraper les<br \/>\n\u00c9tats-Unis et la Chine.\n<\/p>\n<p>\n Deutsche Telekom a annonc\u00e9 le mois dernier qu&rsquo;elle s&rsquo;\u00e9tait<br \/>\nassoci\u00e9e au g\u00e9ant technologique SAP<br \/>\n <a href=\"https:\/\/www.boursorama.com\/cours\/1zSAP\/\" rel=\"nofollow noopener\" target=\"_blank\"><br \/>\n  SAPG.DE<br \/>\n <\/a><br \/>\n , \u00e0 la soci\u00e9t\u00e9<br \/>\nd&rsquo;h\u00e9bergement web Ionos<br \/>\n <a href=\"https:\/\/www.boursorama.com\/cours\/1zIOS\/\" rel=\"nofollow noopener\" target=\"_blank\"><br \/>\n  IOSn.DE<br \/>\n <\/a><br \/>\n et au distributeur non cot\u00e9<br \/>\nSchwarz pour obtenir le soutien de l&rsquo;Union europ\u00e9enne afin de<br \/>\nconstruire un tel centre en Allemagne.\n<\/p>\n<p>\n Nvidia s&rsquo;associe \u00e9galement au champion europ\u00e9en de l&rsquo;IA Mistral<br \/>\npour cr\u00e9er un syst\u00e8me informatique d&rsquo;IA fonctionnant sur 18 000<br \/>\ndes derni\u00e8res puces Nvidia pour les entreprises europ\u00e9ennes.<\/p>\n","protected":false},"excerpt":{"rendered":"((Traduction automatis\u00e9e par Reuters \u00e0 l&rsquo;aide de l&rsquo;apprentissage automatique et de l&rsquo;IA g\u00e9n\u00e9rative, veuillez vous r\u00e9f\u00e9rer \u00e0 l&rsquo;avertissement&hellip;\n","protected":false},"author":2,"featured_media":2554,"comment_status":"","ping_status":"","sticky":false,"template":"","format":"standard","meta":{"footnotes":""},"categories":[1587],"tags":[400,11,672,398,408,1804,405,1805,1803,1777,674,1801,403,402,399,404,12,1802,401,406,407],"class_list":{"0":"post-175063","1":"post","2":"type-post","3":"status-publish","4":"format-standard","5":"has-post-thumbnail","7":"category-allemagne","8":"tag-action-cac-40","9":"tag-actualites","10":"tag-allemagne","11":"tag-bourse-de-paris","12":"tag-boursorama","13":"tag-bundesrepublik-deutschland","14":"tag-cotations","15":"tag-de","16":"tag-deutschland","17":"tag-eu","18":"tag-europe","19":"tag-germany","20":"tag-indices-devises","21":"tag-investir","22":"tag-investissement","23":"tag-marche-boursier","24":"tag-news","25":"tag-republique-federale-dallemagne","26":"tag-sicav","27":"tag-trackers","28":"tag-warrants"},"share_on_mastodon":{"url":"https:\/\/pubeurope.com\/@fr\/114679921085187351","error":""},"_links":{"self":[{"href":"https:\/\/www.europesays.com\/fr\/wp-json\/wp\/v2\/posts\/175063","targetHints":{"allow":["GET"]}}],"collection":[{"href":"https:\/\/www.europesays.com\/fr\/wp-json\/wp\/v2\/posts"}],"about":[{"href":"https:\/\/www.europesays.com\/fr\/wp-json\/wp\/v2\/types\/post"}],"author":[{"embeddable":true,"href":"https:\/\/www.europesays.com\/fr\/wp-json\/wp\/v2\/users\/2"}],"replies":[{"embeddable":true,"href":"https:\/\/www.europesays.com\/fr\/wp-json\/wp\/v2\/comments?post=175063"}],"version-history":[{"count":0,"href":"https:\/\/www.europesays.com\/fr\/wp-json\/wp\/v2\/posts\/175063\/revisions"}],"wp:featuredmedia":[{"embeddable":true,"href":"https:\/\/www.europesays.com\/fr\/wp-json\/wp\/v2\/media\/2554"}],"wp:attachment":[{"href":"https:\/\/www.europesays.com\/fr\/wp-json\/wp\/v2\/media?parent=175063"}],"wp:term":[{"taxonomy":"category","embeddable":true,"href":"https:\/\/www.europesays.com\/fr\/wp-json\/wp\/v2\/categories?post=175063"},{"taxonomy":"post_tag","embeddable":true,"href":"https:\/\/www.europesays.com\/fr\/wp-json\/wp\/v2\/tags?post=175063"}],"curies":[{"name":"wp","href":"https:\/\/api.w.org\/{rel}","templated":true}]}}