{"id":175064,"date":"2025-06-14T04:51:10","date_gmt":"2025-06-14T04:51:10","guid":{"rendered":"https:\/\/www.europesays.com\/fr\/175064\/"},"modified":"2025-06-14T04:51:10","modified_gmt":"2025-06-14T04:51:10","slug":"europe-etats-membres-evolution-zoom-sur-lespace-schengen-dont-laccord-fete-ses-40-ans","status":"publish","type":"post","link":"https:\/\/www.europesays.com\/fr\/175064\/","title":{"rendered":"Europe. \u00c9tats membres, \u00e9volution&#8230; zoom sur l&rsquo;espace Schengen, dont l&rsquo;accord f\u00eate ses 40 ans"},"content":{"rendered":"<p>Le 14 juin 1985, l\u2019accord de Schengen \u00e9tait sign\u00e9 dans cette petite ville luxembourgeoise, situ\u00e9e \u00e0 la fronti\u00e8re avec la France et l\u2019Allemagne. Il s\u2019agissait de la premi\u00e8re \u00e9tape avant la cr\u00e9ation de l\u2019espace Schengen. Cet espace permet une libre circulation des biens et des personnes entre pays europ\u00e9ens signataires.<\/p>\n<p>Cette ouverture des fronti\u00e8res est act\u00e9e par l\u2019entr\u00e9e en vigueur de la convention d\u2019application de Schengen, le 26 mars 1995. L\u2019espace Schengen compte sept pays membres \u00e0 l\u2019origine : l\u2019Allemagne de l\u2019Ouest, la Belgique, la France, le Luxembourg et les Pays-Bas, \u00e0 son initiative, ainsi que l\u2019Espagne et le Portugal, qui ont ratifi\u00e9 la convention en juin 1991.<\/p>\n<p>29 \u00c9tats membres<\/p>\n<p>Depuis, l\u2019espace Schengen a continu\u00e9 de s\u2019\u00e9largir. L\u2019Italie, puis l\u2019Autriche l\u2019ont int\u00e9gr\u00e9 en 1997, suivis de la Gr\u00e8ce en 2000, du Danemark, de la Finlande et de la Su\u00e8de en 2001, de l\u2019Estonie, de la Hongrie, de la Lettonie, de la Lituanie, de Malte, de la Pologne, de la Slovaquie, de la Slov\u00e9nie et de la R\u00e9publique tch\u00e8que en 2007, de la Croatie en 2023, puis de <a href=\"https:\/\/www.ledauphine.com\/transport\/2024\/12\/12\/la-roumanie-et-la-bulgarie-adherent-a-l-espace-schengen-le-1er-janvier\" target=\"_blank\" rel=\"nofollow noopener\">la Bulgarie et de la Roumanie r\u00e9cemment en 2025<\/a>.<\/p>\n<p>Si la plupart des pays membres de l\u2019espace Schengen sont \u00e9galement membres de l\u2019UE, ce n\u2019est pas le cas pour tous. Il s\u2019agit des \u00c9tats associ\u00e9s, \u00e0 savoir l\u2019Islande, qui a rejoint en 2001 la Norv\u00e8ge, la m\u00eame ann\u00e9e, la Suisse, en 2008, et le Liechtenstein en 2011. Au contraire, seuls deux \u00c9tats membres de l\u2019UE ne sont actuellement pas membres de l\u2019espace Schengen : Chypre et l\u2019Irlande. Aujourd\u2019hui, l\u2019espace Schengen compte 29 \u00c9tats membres.<\/p>\n","protected":false},"excerpt":{"rendered":"Le 14 juin 1985, l\u2019accord de Schengen \u00e9tait sign\u00e9 dans cette petite ville luxembourgeoise, situ\u00e9e \u00e0 la fronti\u00e8re&hellip;\n","protected":false},"author":2,"featured_media":175065,"comment_status":"","ping_status":"","sticky":false,"template":"","format":"standard","meta":{"footnotes":""},"categories":[1586],"tags":[11,1777,674,107,1011,27,329,937,12,25,104],"class_list":{"0":"post-175064","1":"post","2":"type-post","3":"status-publish","4":"format-standard","5":"has-post-thumbnail","7":"category-europe","8":"tag-actualites","9":"tag-eu","10":"tag-europe","11":"tag-fil-info","12":"tag-fr","13":"tag-france","14":"tag-france-monde","15":"tag-histoire","16":"tag-news","17":"tag-republique-francaise","18":"tag-societe"},"share_on_mastodon":{"url":"https:\/\/pubeurope.com\/@fr\/114679924931620222","error":""},"_links":{"self":[{"href":"https:\/\/www.europesays.com\/fr\/wp-json\/wp\/v2\/posts\/175064","targetHints":{"allow":["GET"]}}],"collection":[{"href":"https:\/\/www.europesays.com\/fr\/wp-json\/wp\/v2\/posts"}],"about":[{"href":"https:\/\/www.europesays.com\/fr\/wp-json\/wp\/v2\/types\/post"}],"author":[{"embeddable":true,"href":"https:\/\/www.europesays.com\/fr\/wp-json\/wp\/v2\/users\/2"}],"replies":[{"embeddable":true,"href":"https:\/\/www.europesays.com\/fr\/wp-json\/wp\/v2\/comments?post=175064"}],"version-history":[{"count":0,"href":"https:\/\/www.europesays.com\/fr\/wp-json\/wp\/v2\/posts\/175064\/revisions"}],"wp:featuredmedia":[{"embeddable":true,"href":"https:\/\/www.europesays.com\/fr\/wp-json\/wp\/v2\/media\/175065"}],"wp:attachment":[{"href":"https:\/\/www.europesays.com\/fr\/wp-json\/wp\/v2\/media?parent=175064"}],"wp:term":[{"taxonomy":"category","embeddable":true,"href":"https:\/\/www.europesays.com\/fr\/wp-json\/wp\/v2\/categories?post=175064"},{"taxonomy":"post_tag","embeddable":true,"href":"https:\/\/www.europesays.com\/fr\/wp-json\/wp\/v2\/tags?post=175064"}],"curies":[{"name":"wp","href":"https:\/\/api.w.org\/{rel}","templated":true}]}}