{"id":175066,"date":"2025-06-14T04:52:10","date_gmt":"2025-06-14T04:52:10","guid":{"rendered":"https:\/\/www.europesays.com\/fr\/175066\/"},"modified":"2025-06-14T04:52:10","modified_gmt":"2025-06-14T04:52:10","slug":"chercheurs-americains-en-europe-une-vaste-comedie-selon-cette-eurodeputee-insoumise","status":"publish","type":"post","link":"https:\/\/www.europesays.com\/fr\/175066\/","title":{"rendered":"Chercheurs am\u00e9ricains en Europe : \u00ab Une vaste com\u00e9die \u00bb, selon cette eurod\u00e9put\u00e9e insoumise\u00a0\u00a0"},"content":{"rendered":"<p>\u00ab\u00a0Recherche chercheurs am\u00e9ricains d\u00e9sesp\u00e9r\u00e9ment. \u00bb Voici une formule qui pourrait r\u00e9sumer la strat\u00e9gie de l\u2019Union europ\u00e9enne alors que les scientifiques am\u00e9ricains font les frais des attaques de Donald Trump contre la recherche. Face aux coupes budg\u00e9taires, notamment dans la recherche m\u00e9dicale, et aux interdictions de traiter de sujets contraires \u00e0 l\u2019id\u00e9ologie de la droite ultraconservatrice am\u00e9ricaine, de nombreux chercheurs am\u00e9ricains sont pr\u00eats \u00e0 quitter leur pays. \u00a0\u00a0<\/p>\n<p><b>500 millions d\u2019euros entre 2025 et 2027<\/b>\u00a0<\/p>\n<p>Dans ce contexte, pour attirer les cerveaux am\u00e9ricains de l\u2019autre c\u00f4t\u00e9 de l\u2019Atlantique, l\u2019Union europ\u00e9enne a d\u00e9bloqu\u00e9 500 millions d\u2019euros pour les deux prochaines ann\u00e9es, dans le cadre de son plan \u00ab\u00a0Choose Europe for Science\u00a0\u00bb, leur promettant des incitations financi\u00e8res, des contrats de recherche plus longs et une totale libert\u00e9 acad\u00e9mique. A cela s\u2019ajoutent 100 millions d\u2019euros, annonc\u00e9s par Emmanuel Macron pour attirer ces scientifiques sur le sol fran\u00e7ais. \u00a0\u00a0<\/p>\n<p>Cette fuite des cerveaux am\u00e9ricains, \u00ab c\u2019est une \u00e9norme opportunit\u00e9 pour l\u2019Europe \u00bb, commente l\u2019eurod\u00e9put\u00e9 belge Wouter Beke, membre du groupe du PPE (Parti populaire europ\u00e9en), interrog\u00e9 dans l\u2019\u00e9mission Ici l\u2019Europe, sur France 24, LCP et Public S\u00e9nat. \u00ab Dans le rapport de Mario Draghi pour relancer la comp\u00e9titivit\u00e9 de l\u2019Union europ\u00e9enne, l\u2019un des points cruciaux est la recherche et l\u2019innovation. \u00bb\u00a0<\/p>\n<p>A l\u2019oppos\u00e9, pour l\u2019eurod\u00e9put\u00e9 insoumise Marina Mesure, membre du groupe La Gauche au Parlement europ\u00e9en, ce plan port\u00e9 par la Commission europ\u00e9enne, \u00ab est une vaste com\u00e9die. La pr\u00e9sidente de la Commission Ursula von der Leyen et Emmanuel Macron font ces annonces, mais ils oublient de dire que dans certains pays il y a des coupes budg\u00e9taires pour la recherche. Ces deux derni\u00e8res ann\u00e9es, le budget de la recherche en France a diminu\u00e9 d\u20191,5 milliard d\u2019euros. Nous sommes dans un moment aust\u00e9ritaire o\u00f9 on demande des efforts \u00e0 notre recherche alors que nos concurrents chinois et am\u00e9ricains investissent des milliards dans ce domaine. \u00bb\u00a0<\/p>\n<p><b>L\u2019Union europ\u00e9enne et la recherche : 100 milliards d\u2019euros sur 7 ans<\/b>\u00a0<\/p>\n<p>M\u00eame si la recherche est un poste budg\u00e9taire important de l\u2019Union europ\u00e9enne, avec 100 milliards d\u2019euros sur 7 ans, l\u2019\u00e9cart est cons\u00e9quent avec le budget f\u00e9d\u00e9ral am\u00e9ricain pour la recherche qui s\u2019\u00e9l\u00e8ve \u00e0 plus de 130 milliards de dollars par an. Il sera d\u2019autant plus difficile d\u2019attirer les chercheurs am\u00e9ricains qui sont en moyenne quatre fois mieux pay\u00e9s que leurs homologues en Espagne et en France.\u00a0<\/p>\n<p>Pour rattraper son retard avec les autres grandes puissances, l\u2019Union europ\u00e9enne s\u2019est fix\u00e9e pour objectif de consacrer \u00e0 la recherche dans les prochaines ann\u00e9es 3% de son PIB (pour 2,3% actuellement). \u00ab Il faut financer la recherche mais aussi les starts ups \u00bb, note Wouter Beke. \u00ab Cela ne suffit pas de cr\u00e9er des laboratoires de recherche il faut savoir commercialiser les r\u00e9sultats de cette recherche. \u00bb \u00a0\u00a0<\/p>\n<p>Alors comment trouver de nouveaux financements pour la recherche et l\u2019innovation ? \u00ab En taxant les g\u00e9ants du num\u00e9rique sur les profits qu\u2019ils r\u00e9alisent sur notre sol \u00bb, r\u00e9pond l\u2019eurod\u00e9put\u00e9 insoumise. \u00ab\u00a0On peut aussi taxer les revenus de la propri\u00e9t\u00e9 intellectuelle, tous les logiciels et les brevets qui sont prot\u00e9g\u00e9s. \u00bb \u00a0\u00a0<\/p>\n<p><b>La libert\u00e9 scientifique au c\u0153ur de la culture europ\u00e9enne<\/b>\u00a0<\/p>\n<p>Mais pour Wouter Beke, au-del\u00e0 de la question des moyens et des revenus, ce qui va attirer les scientifiques en Europe, \u00ab\u00a0c\u2019est un \u00e9tat d\u2019esprit favorable \u00e0 la recherche scientifique. Cette culture europ\u00e9enne de la v\u00e9rit\u00e9 scientifique va suffire \u00e0 les faire venir. La situation est comparable \u00e0 celle des ann\u00e9es 1930 quand de nombreux scientifiques europ\u00e9ens, confront\u00e9s au fascisme et au nazisme, ont \u00e9migr\u00e9 aux Etats-Unis. R\u00e9sultat : dans les 1960, l\u2019Am\u00e9rique a eu une croissance \u00e9conomique tr\u00e8s forte gr\u00e2ce aux cerveaux qu\u2019elle avait attir\u00e9s.\u00a0\u00bb\u00a0<\/p>\n<p>Mais selon Marina Mesure, la libert\u00e9 acad\u00e9mique en Europe\u00a0\u00ab\u00a0pourrait bient\u00f4t elle aussi \u00eatre remise en cause alors qu\u2019il y a de plus en plus de gouvernements d\u2019extr\u00eame droite au sein de l\u2019Union. \u00bb\u00a0<\/p>\n","protected":false},"excerpt":{"rendered":"\u00ab\u00a0Recherche chercheurs am\u00e9ricains d\u00e9sesp\u00e9r\u00e9ment. \u00bb Voici une formule qui pourrait r\u00e9sumer la strat\u00e9gie de l\u2019Union europ\u00e9enne alors que&hellip;\n","protected":false},"author":2,"featured_media":175067,"comment_status":"","ping_status":"","sticky":false,"template":"","format":"standard","meta":{"footnotes":""},"categories":[1586],"tags":[11,73,1777,674,1779,1011,27,3997,12,959,25,43,467,1778,364],"class_list":{"0":"post-175066","1":"post","2":"type-post","3":"status-publish","4":"format-standard","5":"has-post-thumbnail","7":"category-europe","8":"tag-actualites","9":"tag-etats-unis","10":"tag-eu","11":"tag-europe","12":"tag-european-union","13":"tag-fr","14":"tag-france","15":"tag-musk","16":"tag-news","17":"tag-recherche","18":"tag-republique-francaise","19":"tag-science","20":"tag-trump","21":"tag-ue","22":"tag-union-europeenne"},"share_on_mastodon":{"url":"https:\/\/pubeurope.com\/@fr\/114679928865029889","error":""},"_links":{"self":[{"href":"https:\/\/www.europesays.com\/fr\/wp-json\/wp\/v2\/posts\/175066","targetHints":{"allow":["GET"]}}],"collection":[{"href":"https:\/\/www.europesays.com\/fr\/wp-json\/wp\/v2\/posts"}],"about":[{"href":"https:\/\/www.europesays.com\/fr\/wp-json\/wp\/v2\/types\/post"}],"author":[{"embeddable":true,"href":"https:\/\/www.europesays.com\/fr\/wp-json\/wp\/v2\/users\/2"}],"replies":[{"embeddable":true,"href":"https:\/\/www.europesays.com\/fr\/wp-json\/wp\/v2\/comments?post=175066"}],"version-history":[{"count":0,"href":"https:\/\/www.europesays.com\/fr\/wp-json\/wp\/v2\/posts\/175066\/revisions"}],"wp:featuredmedia":[{"embeddable":true,"href":"https:\/\/www.europesays.com\/fr\/wp-json\/wp\/v2\/media\/175067"}],"wp:attachment":[{"href":"https:\/\/www.europesays.com\/fr\/wp-json\/wp\/v2\/media?parent=175066"}],"wp:term":[{"taxonomy":"category","embeddable":true,"href":"https:\/\/www.europesays.com\/fr\/wp-json\/wp\/v2\/categories?post=175066"},{"taxonomy":"post_tag","embeddable":true,"href":"https:\/\/www.europesays.com\/fr\/wp-json\/wp\/v2\/tags?post=175066"}],"curies":[{"name":"wp","href":"https:\/\/api.w.org\/{rel}","templated":true}]}}