{"id":175078,"date":"2025-06-14T04:58:19","date_gmt":"2025-06-14T04:58:19","guid":{"rendered":"https:\/\/www.europesays.com\/fr\/175078\/"},"modified":"2025-06-14T04:58:19","modified_gmt":"2025-06-14T04:58:19","slug":"super-xiii-thibaud-margalet-pouvoir-profiter-de-mes-filles-et-ma-femme-est-tres-important-pour-moi-rugby-a-xiii","status":"publish","type":"post","link":"https:\/\/www.europesays.com\/fr\/175078\/","title":{"rendered":"Super XIII &#8211; Thibaud Margalet : \u00ab\u00a0Pouvoir profiter de mes filles et ma femme est tr\u00e8s important pour moi\u00a0\u00bb &#8211; Rugby \u00e0 XIII"},"content":{"rendered":"<p style=\"text-align: justify;\"><strong>Thibaud Margalet, troisi\u00e8me ligne de Saint-Est\u00e8ve XIII Catalan, revient sur les moments forts de sa carri\u00e8re et \u00e9voque l\u2019apr\u00e8s rugby.<\/strong><\/p>\n<p style=\"text-align: justify;\"><strong>Thibaud, peux-tu te pr\u00e9senter ?\u00a0<\/strong><\/p>\n<p style=\"text-align: justify;\">Thibaud Margalet, 32 ans, mari\u00e9 \u00e0 Charlotte Margalet, 2 enfants, exploitant agricole sur la commune d\u2019Ille-sur-T\u00eat, Nefiach et Toulouges.<\/p>\n<p style=\"text-align: justify;\"><strong> Pourquoi arr\u00eates-tu ta carri\u00e8re maintenant alors que tu sors d\u2019une belle saison avec Saint-Est\u00e8ve XIII Catalan et qu\u2019une excellente g\u00e9n\u00e9ration arrive en Super XIII ?<\/strong><\/p>\n<p style=\"text-align: justify;\">Normalement, je devrais arr\u00eater ma carri\u00e8re ! Sortir en ayant remport\u00e9 la Coupe de France avec cette \u00e9quipe jeune de Saint-Est\u00e8ve XIII Catalan \u00e9tait la meilleure des sorties. Apr\u00e8s, c\u2019est vrai que ce qui me freine le plus c\u2019est le travail avec mon fr\u00e8re Tristan. On a beaucoup de boulot, la soci\u00e9t\u00e9 grandit et j\u2019ai besoin d\u2019\u00eatre plus pr\u00e9sent car le rugby prend beaucoup de place. J\u2019ai aussi une vie de famille qui me tient tr\u00e8s \u00e0 c\u0153ur. Pouvoir profiter de mes filles et ma femme est tr\u00e8s important pour moi.<\/p>\n<p style=\"text-align: justify;\"><strong>Quels sont les \u00e9ducateurs, entra\u00eeneurs et joueurs qui auront marqu\u00e9 ta carri\u00e8re ?<\/strong><\/p>\n<p style=\"text-align: justify;\">C\u2019est difficile \u00e0 dire car je ne voudrais oublier personne. J\u2019ai quand m\u00eame fait pas mal de clubs donc chaque saison avec des entra\u00eeneurs et des joueurs diff\u00e9rents a \u00e9t\u00e9 super !<\/p>\n<p style=\"text-align: justify;\"><strong>As-tu des regrets quand tu regardes dans le r\u00e9tro ?<\/strong><\/p>\n<p style=\"text-align: justify;\">Des regrets ? Non, je ne regrette rien. Je suis \u00e9panoui dans ma vie professionnelle. Les Dragons ont \u00e9t\u00e9 des beaux moments pass\u00e9s mais je n\u2019envie en aucun cas ma vie actuelle comme exploitant agricole, aucun regret.<\/p>\n<p style=\"text-align: justify;\"><strong>Quels sont tes envies apr\u00e8s le rugby ?<\/strong><\/p>\n<p style=\"text-align: justify;\">Comme je t\u2019ai dit, c\u2019est normalement fini si tout va bien. Mais je vais profiter avec la famille, les amis et me consacrer au boulot encore plus.<\/p>\n","protected":false},"excerpt":{"rendered":"Thibaud Margalet, troisi\u00e8me ligne de Saint-Est\u00e8ve XIII Catalan, revient sur les moments forts de sa carri\u00e8re et \u00e9voque&hellip;\n","protected":false},"author":2,"featured_media":175079,"comment_status":"","ping_status":"","sticky":false,"template":"","format":"standard","meta":{"footnotes":""},"categories":[1416],"tags":[1011,27,479,2228,1468,2229,2230,60,2231,31028],"class_list":{"0":"post-175078","1":"post","2":"type-post","3":"status-publish","4":"format-standard","5":"has-post-thumbnail","7":"category-rugby","8":"tag-fr","9":"tag-france","10":"tag-rugby","11":"tag-rugby-a-xiii","12":"tag-rugby-football","13":"tag-rugby-league","14":"tag-saint-esteve-xiii-catalan","15":"tag-sports","16":"tag-super-xiii","17":"tag-thibaud-margalet"},"share_on_mastodon":{"url":"https:\/\/pubeurope.com\/@fr\/114679952542985200","error":""},"_links":{"self":[{"href":"https:\/\/www.europesays.com\/fr\/wp-json\/wp\/v2\/posts\/175078","targetHints":{"allow":["GET"]}}],"collection":[{"href":"https:\/\/www.europesays.com\/fr\/wp-json\/wp\/v2\/posts"}],"about":[{"href":"https:\/\/www.europesays.com\/fr\/wp-json\/wp\/v2\/types\/post"}],"author":[{"embeddable":true,"href":"https:\/\/www.europesays.com\/fr\/wp-json\/wp\/v2\/users\/2"}],"replies":[{"embeddable":true,"href":"https:\/\/www.europesays.com\/fr\/wp-json\/wp\/v2\/comments?post=175078"}],"version-history":[{"count":0,"href":"https:\/\/www.europesays.com\/fr\/wp-json\/wp\/v2\/posts\/175078\/revisions"}],"wp:featuredmedia":[{"embeddable":true,"href":"https:\/\/www.europesays.com\/fr\/wp-json\/wp\/v2\/media\/175079"}],"wp:attachment":[{"href":"https:\/\/www.europesays.com\/fr\/wp-json\/wp\/v2\/media?parent=175078"}],"wp:term":[{"taxonomy":"category","embeddable":true,"href":"https:\/\/www.europesays.com\/fr\/wp-json\/wp\/v2\/categories?post=175078"},{"taxonomy":"post_tag","embeddable":true,"href":"https:\/\/www.europesays.com\/fr\/wp-json\/wp\/v2\/tags?post=175078"}],"curies":[{"name":"wp","href":"https:\/\/api.w.org\/{rel}","templated":true}]}}