{"id":175080,"date":"2025-06-14T04:59:10","date_gmt":"2025-06-14T04:59:10","guid":{"rendered":"https:\/\/www.europesays.com\/fr\/175080\/"},"modified":"2025-06-14T04:59:10","modified_gmt":"2025-06-14T04:59:10","slug":"pronostic-reilly-opelka-zizou-bergs-atp-s-hertogenbosch","status":"publish","type":"post","link":"https:\/\/www.europesays.com\/fr\/175080\/","title":{"rendered":"Pronostic Reilly Opelka Zizou Bergs &#8211; ATP &lsquo;s-Hertogenbosch"},"content":{"rendered":"<p class=\"text-xs leading-5 text-gray-400 mb-2\">\n                        Publi\u00e9 le 13\/06\/2025 13:20<br \/>\n                        \u00a0par<br \/>\n                                                            <a href=\"https:\/\/www.sportytrader.com\/auteur\/leo-measson-54\/\" rel=\"nofollow noopener\" target=\"_blank\">L\u00e9o Measson<\/a><\/p>\n<p>                                                    |<br \/>\n                            Modifi\u00e9 le<br \/>\n                                13\/06\/2025<br \/>\n                                \u00e0 13:33<\/p>\n<p>                                                                                                            dans<br \/>\n                                <a data-trans=\"tips.published.sport %sport%\" href=\"https:\/\/www.sportytrader.com\/pronostics\/tennis\/\" rel=\"nofollow noopener\" target=\"_blank\"><br \/>\n                                    Pronostics Tennis<br \/>\n                                <\/a><\/p>\n<p>Nous connaitrons bient\u00f4t le nom du successeur de Alex De Minaur dans ce tournoi ATP 250 de S-Hertogenbosch ! Avant cela, les demi-finales doivent se jouer et dans l&rsquo;une d&rsquo;entre elles le public hollandais va assister \u00e0 un duel entre l&rsquo;am\u00e9ricain\u00a0Reilly Opelka et le belge\u00a0Zizou Bergs.<\/p>\n<p>Reilly Opelka est entr\u00e9 dans ce tournoi par les qualifications et a finalement \u00e9t\u00e9 rep\u00each\u00e9 en tant que Lucky Loser. Et le joueur de 27 ans n&rsquo;a pas laiss\u00e9 passer cette chance puisqu&rsquo;il a su enchainer 3 victoires cons\u00e9cutives en ne perdant qu&rsquo;un seul set face \u00e0 Jesper De Jong au premier tour. Tombeur de Nicolas Jarry, c&rsquo;est surtout lors de son quart de finale qu&rsquo;il a marqu\u00e9 les esprits puisqu&rsquo;il a stopp\u00e9 le top 15 et t\u00eate de s\u00e9rie num\u00e9ro 1,\u00a0Daniil Medvedev, en seulement 1h38.<\/p>\n<p>Zizou Bergs, de son c\u00f4t\u00e9, est arriv\u00e9 aux Pays-Bas avec 4 d\u00e9faites cons\u00e9cutives au compteur. Stopp\u00e9 notamment au premier tour de Roland Garros par\u00a0Giovanni Mpetshi Perricard, il a eu du mal \u00e0 se d\u00e9faire du qualifi\u00e9 et 145e mondial\u00a0Alexander Blockx lors de son premier tour ici puisque la victoire s&rsquo;est jou\u00e9e au tie-break du 3e set. Revenu au score ensuite face \u00e0 la t\u00eate de s\u00e9rie, Alexei Popyrin, le belge de 26 ans a une nouvelle fois \u00e9t\u00e9 au bout de l&rsquo;effort en remportant la victoire au tie-break du 3e set. Des matchs difficiles dans lesquels il devrait avoir laiss\u00e9 de l&rsquo;\u00e9nergie.\u00a0<\/p>\n","protected":false},"excerpt":{"rendered":"Publi\u00e9 le 13\/06\/2025 13:20 \u00a0par L\u00e9o Measson | Modifi\u00e9 le 13\/06\/2025 \u00e0 13:33 dans Pronostics Tennis Nous connaitrons&hellip;\n","protected":false},"author":2,"featured_media":175081,"comment_status":"","ping_status":"","sticky":false,"template":"","format":"standard","meta":{"footnotes":""},"categories":[1415],"tags":[31031,1011,27,1817,1821,31029,60,1467,31030],"class_list":{"0":"post-175080","1":"post","2":"type-post","3":"status-publish","4":"format-standard","5":"has-post-thumbnail","7":"category-tennis","8":"tag-atp-s-hertogenbosch","9":"tag-fr","10":"tag-france","11":"tag-pronostic","12":"tag-pronostics","13":"tag-reilly-opelka","14":"tag-sports","15":"tag-tennis","16":"tag-zizou-bergs"},"share_on_mastodon":{"url":"https:\/\/pubeurope.com\/@fr\/114679956437286859","error":""},"_links":{"self":[{"href":"https:\/\/www.europesays.com\/fr\/wp-json\/wp\/v2\/posts\/175080","targetHints":{"allow":["GET"]}}],"collection":[{"href":"https:\/\/www.europesays.com\/fr\/wp-json\/wp\/v2\/posts"}],"about":[{"href":"https:\/\/www.europesays.com\/fr\/wp-json\/wp\/v2\/types\/post"}],"author":[{"embeddable":true,"href":"https:\/\/www.europesays.com\/fr\/wp-json\/wp\/v2\/users\/2"}],"replies":[{"embeddable":true,"href":"https:\/\/www.europesays.com\/fr\/wp-json\/wp\/v2\/comments?post=175080"}],"version-history":[{"count":0,"href":"https:\/\/www.europesays.com\/fr\/wp-json\/wp\/v2\/posts\/175080\/revisions"}],"wp:featuredmedia":[{"embeddable":true,"href":"https:\/\/www.europesays.com\/fr\/wp-json\/wp\/v2\/media\/175081"}],"wp:attachment":[{"href":"https:\/\/www.europesays.com\/fr\/wp-json\/wp\/v2\/media?parent=175080"}],"wp:term":[{"taxonomy":"category","embeddable":true,"href":"https:\/\/www.europesays.com\/fr\/wp-json\/wp\/v2\/categories?post=175080"},{"taxonomy":"post_tag","embeddable":true,"href":"https:\/\/www.europesays.com\/fr\/wp-json\/wp\/v2\/tags?post=175080"}],"curies":[{"name":"wp","href":"https:\/\/api.w.org\/{rel}","templated":true}]}}