{"id":175082,"date":"2025-06-14T05:00:11","date_gmt":"2025-06-14T05:00:11","guid":{"rendered":"https:\/\/www.europesays.com\/fr\/175082\/"},"modified":"2025-06-14T05:00:11","modified_gmt":"2025-06-14T05:00:11","slug":"video-la-finale-de-nm1-mulhouse-challans-en-direct-sur-youtube","status":"publish","type":"post","link":"https:\/\/www.europesays.com\/fr\/175082\/","title":{"rendered":"[Vid\u00e9o] La finale de NM1, Mulhouse &#8211; Challans, en direct sur YouTube"},"content":{"rendered":"<p>Qui de Mulhouse ou Challans accompagnera Quimper en Pro B ? La finale des playoffs de Nationale 1 d\u00e9marre ce vendredi soir.<\/p>\n<p>LIRE AUSSI<\/p>\n<p><a href=\"https:\/\/www.bebasket.fr\/mulhouse-challans-une-finale-des-playoffs-nm1-ou-le-match-1-est-important-pour-acceder-a-la-pro-b\" target=\"_blank\" rel=\"noopener\"> <img decoding=\"async\" src=\"https:\/\/www.europesays.com\/fr\/wp-content\/uploads\/2025\/06\/bebasket-articles-2-1f04861d-ebb1-674e-ad37-bd84228f64d1.jpg\" alt=\"\"\/> <\/a><\/p>\n<p>Pr\u00e9vu en Alsace, \u00e0 20h, le Match 1 sera diffus\u00e9 gratuitement sur YouTube. Il en sera de m\u00eame pour la manche retour vendredi prochain, 20 juin, en Vend\u00e9e, ainsi que pour la belle \u00e9ventuelle le dimanche 22.<\/p>\n<\/p>\n<p><strong>Le programme des finales des playoffs de Nationale Masculine 1 2025 :<\/strong><\/p>\n<p>Match aller \u2013 Vendredi 13 juin 2025 \u00e0 20H00<\/p>\n<p>Mulhouse Basket Agglom\u00e9ration (4) \u2013 Vend\u00e9e Challans Basket (2)<\/p>\n<p>Match retour \u2013 Vendredi 20 juin 2025 \u00e0 20H00<\/p>\n<p>Vend\u00e9e Challans Basket (2) \u2013 Mulhouse Basket Agglom\u00e9ration (4)<\/p>\n<p>Belle si n\u00e9c\u00e9ssaire le dimanche 22 juin \u00e0 15H30.<\/p>\n<p><strong>L\u2019int\u00e9gralit\u00e9 des rencontres des Finales de Nationale Masculine 1 2025 seront \u00e0 suivre en direct sur\u00a0<a href=\"https:\/\/www.youtube.com\/@FFBB_officiel\/streams\" target=\"_blank\" rel=\"noopener\">la cha\u00eene YouTube de la F\u00e9d\u00e9ration Fran\u00e7aise de Basketball.<\/a><\/strong><\/p>\n","protected":false},"excerpt":{"rendered":"Qui de Mulhouse ou Challans accompagnera Quimper en Pro B ? La finale des playoffs de Nationale 1&hellip;\n","protected":false},"author":2,"featured_media":175083,"comment_status":"","ping_status":"","sticky":false,"template":"","format":"standard","meta":{"footnotes":""},"categories":[1414],"tags":[1465,1464,1011,27,60],"class_list":{"0":"post-175082","1":"post","2":"type-post","3":"status-publish","4":"format-standard","5":"has-post-thumbnail","7":"category-basket","8":"tag-basket","9":"tag-basketball","10":"tag-fr","11":"tag-france","12":"tag-sports"},"share_on_mastodon":{"url":"https:\/\/pubeurope.com\/@fr\/114679960631100513","error":""},"_links":{"self":[{"href":"https:\/\/www.europesays.com\/fr\/wp-json\/wp\/v2\/posts\/175082","targetHints":{"allow":["GET"]}}],"collection":[{"href":"https:\/\/www.europesays.com\/fr\/wp-json\/wp\/v2\/posts"}],"about":[{"href":"https:\/\/www.europesays.com\/fr\/wp-json\/wp\/v2\/types\/post"}],"author":[{"embeddable":true,"href":"https:\/\/www.europesays.com\/fr\/wp-json\/wp\/v2\/users\/2"}],"replies":[{"embeddable":true,"href":"https:\/\/www.europesays.com\/fr\/wp-json\/wp\/v2\/comments?post=175082"}],"version-history":[{"count":0,"href":"https:\/\/www.europesays.com\/fr\/wp-json\/wp\/v2\/posts\/175082\/revisions"}],"wp:featuredmedia":[{"embeddable":true,"href":"https:\/\/www.europesays.com\/fr\/wp-json\/wp\/v2\/media\/175083"}],"wp:attachment":[{"href":"https:\/\/www.europesays.com\/fr\/wp-json\/wp\/v2\/media?parent=175082"}],"wp:term":[{"taxonomy":"category","embeddable":true,"href":"https:\/\/www.europesays.com\/fr\/wp-json\/wp\/v2\/categories?post=175082"},{"taxonomy":"post_tag","embeddable":true,"href":"https:\/\/www.europesays.com\/fr\/wp-json\/wp\/v2\/tags?post=175082"}],"curies":[{"name":"wp","href":"https:\/\/api.w.org\/{rel}","templated":true}]}}