{"id":175091,"date":"2025-06-14T05:05:09","date_gmt":"2025-06-14T05:05:09","guid":{"rendered":"https:\/\/www.europesays.com\/fr\/175091\/"},"modified":"2025-06-14T05:05:09","modified_gmt":"2025-06-14T05:05:09","slug":"decede-a-lage-de-3-ans-son-coeur-sest-arrete-une-tribu-de-familles-nombreuses-en-pleine-tragedie","status":"publish","type":"post","link":"https:\/\/www.europesays.com\/fr\/175091\/","title":{"rendered":"\u00ab\u00a0D\u00e9c\u00e9d\u00e9 \u00e0 l&rsquo;\u00e2ge de 3 ans\u00a0\u00bb, \u00ab\u00a0son c\u0153ur s&rsquo;est arr\u00eat\u00e9\u00a0\u00bb : une tribu de \u00ab\u00a0Familles nombreuses\u00a0\u00bb en pleine trag\u00e9die"},"content":{"rendered":"<p>      R\u00e9sum\u00e9<\/p>\n<p>La famille Vantorre, connue de \u00ab\u00a0Familles nombreuses, la vie en XXL\u00a0\u00bb, traverse un deuil apr\u00e8s la perte soudaine de leur chien Timoun, d\u00e9c\u00e9d\u00e9 d\u2019un arr\u00eat cardiaque \u00e0 3 ans.<\/p>\n<p>        Sommaire<\/p>\n<p>Un \u00eatre cher vient de s\u2019envoler et plonger la famille Vantorre dans une profonde tristesse. Ce jeudi 12 juin 2025, <a href=\"https:\/\/www.public.fr\/diaporamas\/familles-nombreuses-la-vie-en-xxl-cette-terrible-disparition-qui-bouleverse-les-vantorre-la-tribu-au-fond-du-trou\" rel=\"nofollow noopener\" target=\"_blank\">Aur\u00e9lie Vantorre<\/a>, de <a href=\"https:\/\/www.public.fr\/tag\/familles-nombreuses-la-vie-en-xxl\" rel=\"nofollow noopener\" target=\"_blank\"><strong>\u00ab\u00a0Familles nombreuses, la vie en XXL\u00a0\u00bb<\/strong>,<\/a> a en effet pris la parole pour partager une triste nouvelle \u00e0 ses abonn\u00e9s.<\/p>\n<p>Pour rappel, la m\u00e8re de 5 enfants a int\u00e9gr\u00e9 le programme en 2022 et d\u00e9voile son quotidienne de famille nombreuse sur TF1. Mais cette fois-ci, c\u2019est sur <a href=\"https:\/\/www.instagram.com\/p\/DKz_JTXofHE\/?utm_source=ig_embed\" rel=\"nofollow noopener\" target=\"_blank\">ses r\u00e9seaux sociaux<\/a> qu\u2019Aur\u00e9lie Vantorre a fait le choix de s\u2019exprimer pour annoncer le d\u00e9part de Timoun.<\/p>\n<p>La famille Vantorre en plein deuil<\/p>\n<p>Il s\u2019agit d\u2019un adorable chien que la tribu de <strong>\u00ab\u00a0Familles nombreuses, la vie en XXL\u00a0\u00bb<\/strong> a recueilli il y a 3 ans. En l\u2019espace de quelques semaines, comme tout animal de compagnie, la boule de poils a trouv\u00e9 sa place et est devenu un membre \u00e0 part enti\u00e8re de la famille.\u00a0<\/p>\n<p>C\u2019est donc avec une immense tristesse que la famille Vantorre a annonc\u00e9 la disparition du chien, ce jeudi 12 juin 2025. \u00ab\u00a0Parce qu&rsquo;il n y a aucune fa\u00e7on de l annoncer &lsquo;correctement&rsquo;. Parce que la mort est toujours choquante, mais je dirai encore plus quand on ne s&rsquo;y attend pas. <strong>Notre chien TIMOUN, \u00e2g\u00e9 de 3 ans, est d\u00e9c\u00e9d\u00e9 mardi\u00a0\u00bb<\/strong>, a indiqu\u00e9 la m\u00e8re de 5 enfants.<\/p>\n<p>Par la suite, celle-ci r\u00e9v\u00e8le que Timoun \u00ab\u00a0<strong>a eu un coup de chaud et il est mont\u00e9 \u00e0 41 degr\u00e9s<\/strong>\u00ab\u00a0. En faisant cette d\u00e9couverte, la tribu de <strong>\u00ab\u00a0Familles nombreuses, la vie en XXL\u00a0\u00bb<\/strong> a rapidement pris contact avec un v\u00e9t\u00e9rinaire afin qu\u2019il se rende \u00e0 leur domicile.\u00a0<\/p>\n<p>Un arr\u00eat cardiaque pour la tribu de \u00ab\u00a0Familles nombreuses, la vie en XXL\u00a0\u00bb<\/p>\n<p>Rafra\u00eechit \u00e0 la douche et perfus\u00e9, les \u00ab\u00a0d\u00e9g\u00e2ts\u00a0\u00bb \u00e9taient malheureusement trop importants. \u00ab\u00a0Apr\u00e8s avoir \u00e9t\u00e9 stabilis\u00e9, Mathieu l&rsquo;a emmen\u00e9 dans une clinique v\u00e9t\u00e9rinaire sous conseil du v\u00e9t\u00e9rinaire \u00e0 la maison. Malheureusement,\u00a0malgr\u00e9 les soins, cela n&rsquo;aura pas suffit. <strong>Timoun a fait un arr\u00eat cardiaque et nous a quitt\u00e9 dans la nuit de mardi soir<\/strong>\u00ab\u00a0, a ajout\u00e9 Aur\u00e9lie Vantorre.<\/p>\n<p>\u00ab\u00a0G\u00e9rer la perte de Timoun s&rsquo;av\u00e8re compliqu\u00e9, il nous manque d\u00e9j\u00e0 tant.\u00a0 On a l&rsquo;impression qu&rsquo;il va venir nous voir, qu&rsquo;il va rentrer du jardin mais non, il faut se soumettre \u00e0 l \u00e9vidence.\u00a0Sa mort a \u00e9t\u00e9 foudroyante et nous avons du mal \u00e0 la r\u00e9aliser. Les enfants se trouvent affect\u00e9s. Mercredi,\u00a0Ang\u00e9lie a fait une crise d&rsquo;angoisse\u00a0et j&rsquo;ai d\u00fb la r\u00e9cup\u00e9rer \u00e0 l\u2019\u00e9cole\u00a0\u00bb, regrette la m\u00e8re de la tribu de <strong>\u00ab\u00a0Familles nombreuses, la vie en XXL\u00a0\u00bb<\/strong>.<\/p>\n<p>Et pour cause, \u00e0 la premi\u00e8re heure de cours, \u00ab\u00a0elle avait cours d&rsquo;arts plastiques et son sujet \u00e9tait sur Timoun\u00a0\u00bb. \u00ab\u00a0Maxence a pris conscience que son chien ne reviendrait plus et \u00e7a a \u00e9t\u00e9 compliqu\u00e9\u00a0\u00bb, a \u00e9galement pr\u00e9cis\u00e9 la m\u00e8re de 5 enfants.\u00a0<\/p>\n<p>      Mentionn\u00e9s dans cet article<\/p>\n<p>\u00c0 lire aussi<\/p>\n<p><script async src=\"\/\/www.instagram.com\/embed.js\"><\/script><\/p>\n","protected":false},"excerpt":{"rendered":"R\u00e9sum\u00e9 La famille Vantorre, connue de \u00ab\u00a0Familles nombreuses, la vie en XXL\u00a0\u00bb, traverse un deuil apr\u00e8s la perte&hellip;\n","protected":false},"author":2,"featured_media":175092,"comment_status":"","ping_status":"","sticky":false,"template":"","format":"standard","meta":{"footnotes":""},"categories":[1359],"tags":[58,59,652,4980,1011,27,973],"class_list":{"0":"post-175091","1":"post","2":"type-post","3":"status-publish","4":"format-standard","5":"has-post-thumbnail","7":"category-people","8":"tag-divertissement","9":"tag-entertainment","10":"tag-famille","11":"tag-familles-nombreuses-la-vie-en-xxl","12":"tag-fr","13":"tag-france","14":"tag-people"},"share_on_mastodon":{"url":"https:\/\/pubeurope.com\/@fr\/114679979875383925","error":""},"_links":{"self":[{"href":"https:\/\/www.europesays.com\/fr\/wp-json\/wp\/v2\/posts\/175091","targetHints":{"allow":["GET"]}}],"collection":[{"href":"https:\/\/www.europesays.com\/fr\/wp-json\/wp\/v2\/posts"}],"about":[{"href":"https:\/\/www.europesays.com\/fr\/wp-json\/wp\/v2\/types\/post"}],"author":[{"embeddable":true,"href":"https:\/\/www.europesays.com\/fr\/wp-json\/wp\/v2\/users\/2"}],"replies":[{"embeddable":true,"href":"https:\/\/www.europesays.com\/fr\/wp-json\/wp\/v2\/comments?post=175091"}],"version-history":[{"count":0,"href":"https:\/\/www.europesays.com\/fr\/wp-json\/wp\/v2\/posts\/175091\/revisions"}],"wp:featuredmedia":[{"embeddable":true,"href":"https:\/\/www.europesays.com\/fr\/wp-json\/wp\/v2\/media\/175092"}],"wp:attachment":[{"href":"https:\/\/www.europesays.com\/fr\/wp-json\/wp\/v2\/media?parent=175091"}],"wp:term":[{"taxonomy":"category","embeddable":true,"href":"https:\/\/www.europesays.com\/fr\/wp-json\/wp\/v2\/categories?post=175091"},{"taxonomy":"post_tag","embeddable":true,"href":"https:\/\/www.europesays.com\/fr\/wp-json\/wp\/v2\/tags?post=175091"}],"curies":[{"name":"wp","href":"https:\/\/api.w.org\/{rel}","templated":true}]}}