{"id":175093,"date":"2025-06-14T05:07:12","date_gmt":"2025-06-14T05:07:12","guid":{"rendered":"https:\/\/www.europesays.com\/fr\/175093\/"},"modified":"2025-06-14T05:07:12","modified_gmt":"2025-06-14T05:07:12","slug":"chartres-de-bretagne-ils-ont-gagne-des-livres-qui-racontent-leur-ville","status":"publish","type":"post","link":"https:\/\/www.europesays.com\/fr\/175093\/","title":{"rendered":"Chartres-de-Bretagne. Ils ont gagn\u00e9 des livres qui racontent leur ville"},"content":{"rendered":"<p>Les organisateurs de la f\u00eate de la Marionnais ont exp\u00e9riment\u00e9, dimanche, une chasse aux puzzle-tr\u00e9sors des pirates avec des cadeaux \u00e0 gagner. \u00a0Nous avons lanc\u00e9 ce jeu pour rendre la Marionnais attractive aux jeunes g\u00e9n\u00e9rations et leur famille\u00a0\u00bb, explique Jean-Pierre Primault, le pr\u00e9sident de l\u2019association Le cadeau de la Marionnais.<\/p>\n<p>Mercredi apr\u00e8s-midi, les six enfants gagnants accompagn\u00e9s de leur famille ont re\u00e7u un livre en cadeau. \u00a0Nous sommes dans une p\u00e9riode de transition pour faire venir des jeunes et leur transmettre cette ferme-manoir du XVIIe.\u00a0<\/p>\n<p><strong>Contact\u00a0<\/strong>: cadeaumarionnais@orange.fr ou 06\u00a081\u00a049\u00a057\u00a041.<\/p>\n<p>\u00a0<\/p>\n","protected":false},"excerpt":{"rendered":"Les organisateurs de la f\u00eate de la Marionnais ont exp\u00e9riment\u00e9, dimanche, une chasse aux puzzle-tr\u00e9sors des pirates avec&hellip;\n","protected":false},"author":2,"featured_media":175094,"comment_status":"","ping_status":"","sticky":false,"template":"","format":"standard","meta":{"footnotes":""},"categories":[1357],"tags":[1379,19962,58,59,1011,27,8296,1380,31032,584,4824],"class_list":{"0":"post-175093","1":"post","2":"type-post","3":"status-publish","4":"format-standard","5":"has-post-thumbnail","7":"category-livres","8":"tag-books","9":"tag-chartres-de-bretagne","10":"tag-divertissement","11":"tag-entertainment","12":"tag-fr","13":"tag-france","14":"tag-gagne","15":"tag-livres","16":"tag-racontent","17":"tag-rennes","18":"tag-ville"},"share_on_mastodon":{"url":"https:\/\/pubeurope.com\/@fr\/114679987852435335","error":""},"_links":{"self":[{"href":"https:\/\/www.europesays.com\/fr\/wp-json\/wp\/v2\/posts\/175093","targetHints":{"allow":["GET"]}}],"collection":[{"href":"https:\/\/www.europesays.com\/fr\/wp-json\/wp\/v2\/posts"}],"about":[{"href":"https:\/\/www.europesays.com\/fr\/wp-json\/wp\/v2\/types\/post"}],"author":[{"embeddable":true,"href":"https:\/\/www.europesays.com\/fr\/wp-json\/wp\/v2\/users\/2"}],"replies":[{"embeddable":true,"href":"https:\/\/www.europesays.com\/fr\/wp-json\/wp\/v2\/comments?post=175093"}],"version-history":[{"count":0,"href":"https:\/\/www.europesays.com\/fr\/wp-json\/wp\/v2\/posts\/175093\/revisions"}],"wp:featuredmedia":[{"embeddable":true,"href":"https:\/\/www.europesays.com\/fr\/wp-json\/wp\/v2\/media\/175094"}],"wp:attachment":[{"href":"https:\/\/www.europesays.com\/fr\/wp-json\/wp\/v2\/media?parent=175093"}],"wp:term":[{"taxonomy":"category","embeddable":true,"href":"https:\/\/www.europesays.com\/fr\/wp-json\/wp\/v2\/categories?post=175093"},{"taxonomy":"post_tag","embeddable":true,"href":"https:\/\/www.europesays.com\/fr\/wp-json\/wp\/v2\/tags?post=175093"}],"curies":[{"name":"wp","href":"https:\/\/api.w.org\/{rel}","templated":true}]}}