{"id":175095,"date":"2025-06-14T05:08:25","date_gmt":"2025-06-14T05:08:25","guid":{"rendered":"https:\/\/www.europesays.com\/fr\/175095\/"},"modified":"2025-06-14T05:08:25","modified_gmt":"2025-06-14T05:08:25","slug":"si-julien-avait-participe-a-lemission-je-ne-serais-jamais-allee-aussi-loin","status":"publish","type":"post","link":"https:\/\/www.europesays.com\/fr\/175095\/","title":{"rendered":"Si Julien avait particip\u00e9 \u00e0 l&rsquo;\u00e9mission, je ne serais jamais all\u00e9e aussi loin"},"content":{"rendered":"<p>Apr\u00e8s plusieurs semaines de strat\u00e9gies et d&rsquo;\u00e9liminations, la <a href=\"https:\/\/www.programme-tv.net\/news\/tele-realite\/380998-the-power-qui-a-gagne-la-saison-2\/\" data-api-deeplink=\"teleloisirs:\/\/news\/380998\" rel=\"nofollow noopener\" target=\"_blank\">saison 2 de The Power <\/a>a offert aux t\u00e9l\u00e9spectateurs un d\u00e9nouement \u00e9pique. Ces derniers jours, les d\u00e9parts se sont encha\u00een\u00e9s avec les \u00e9liminations de Ma\u00efssane et de Cindy. Lors de la derni\u00e8re ligne droite, sept candidats se livraient une bataille sans merci et lors de cette finale, un vrai Power Player a \u00e9t\u00e9 d\u00e9sign\u00e9. Manon Tanti a d\u00fb endosser ce r\u00f4le et la <a href=\"https:\/\/www.programme-tv.net\/news\/tele-realite\/324596-tu-es-mon-pilier-julien-tanti-fait-une-touchante-declaration-a-sa-femme-manon-lors-de-vacances-paradisiaques-avec-leurs-deux-enfants\/\" data-api-deeplink=\"teleloisirs:\/\/news\/324596\" rel=\"nofollow noopener\" target=\"_blank\">femme de Julien Tanti<\/a> a fait face aux soup\u00e7ons des autres candidats, offrant aux t\u00e9l\u00e9spectateurs des sueurs froides, entre confrontations et suspicions. Au terme d&rsquo;une finale haletante, c&rsquo;est finalement Manon Tanti qui a remport\u00e9 cette seconde saison de The Power et 20\u00a0000 euros ont \u00e9t\u00e9 revers\u00e9s \u00e0 l&rsquo;association Action contre la faim. Dans une interview accord\u00e9e \u00e0 T\u00e9l\u00e9-Loisirs, Manon est revenue sur sa victoire \u00e9clatante et s&rsquo;est longuement confi\u00e9e sur cette aventure sans son mari.<\/p>\n<p>Manon Marsault (The Power) : \u00ab\u00a0Si Julien Tanti avait particip\u00e9 \u00e0 l&rsquo;\u00e9mission, je ne serais pas all\u00e9e aussi loin\u00a0\u00bb<\/p>\n<p><b>T\u00e9l\u00e9-Loisirs <\/b><b>: Vous avez remport\u00e9 la saison 2 de <\/b><b>The Power<\/b><b>, pensiez-vous aller aussi loin dans l\u2019aventure ?<br \/>Manon Tanti : <\/b>Je ne pensais pas faire plus de dix jours parce que je n\u2019ai jamais laiss\u00e9 mon mari et mes enfants plus d\u2019un mois. Au d\u00e9but, je m\u2019\u00e9tais dit que j\u2019allais rester 10 jours&#8230; Une fois que j\u2019\u00e9tais dedans, je ne pouvais pas faire marche arri\u00e8re, j\u2019\u00e9tais dans un engrenage et je voulais aller au bout. Je suis tr\u00e8s surprise d\u2019avoir gagn\u00e9 mais c\u2019\u00e9tait mon but : au moins, je n\u2019ai pas autant menti et manipul\u00e9 pour rien.<\/p>\n<p><b>Le public a d\u00e9couvert un nouveau visage de vous, et l\u2019a beaucoup appr\u00e9ci\u00e9. Avez-vous remarqu\u00e9 les commentaires positifs ? Qu\u2019en pensez-vous ?<br \/><\/b>J\u2019\u00e9tais plut\u00f4t contente, c\u2019est la premi\u00e8re fois qu\u2019on me voit sans Julien dans une \u00e9mission. Les gens ont d\u00e9couvert une nouvelle Manon, les candidats ont d\u00e9couvert une nouvelle Manon et je me suis aussi d\u00e9couverte. Quand je fais des aventures avec Julien, on n&rsquo;est pas souvent sur la m\u00eame longueur d\u2019onde. L\u00e0, j\u2019ai fait vraiment comme j\u2019avais envie donc c\u2019\u00e9tait plaisant.<\/p>\n<p><b>Vous pr\u00e9f\u00e9rez donc participer \u00e0 un jeu sans votre mari Julien Tanti ? <br \/><\/b>Mon mari et mes enfants m\u2019ont manqu\u00e9. Mais n\u2019avoir du stress que pour moi-m\u00eame, \u00e7a m\u2019a fait du bien. Pour une fois, ne pas penser pour deux, faire mes propres choix, \u00e7a m\u2019a fait du bien. Si Julien avait \u00e9t\u00e9 avec moi dans The Power, je ne pense pas que je serais all\u00e9e aussi loin. Nous deux dans une aventure, on est un peu des t\u00eates \u00e0 abattre.<\/p>\n<p>Manon Tanti se confie sur son amiti\u00e9 avec M\u00e9lanie Dedigama dans la saison 2 de The Power<\/p>\n<p><b>Quelle \u00e9tait la diff\u00e9rence entre ce tournage et les pr\u00e9c\u00e9dents ?<br \/><\/b>Cela a \u00e9t\u00e9 mon meilleur tournage, \u00e7a a \u00e9t\u00e9 du bon stress, il y a eu de la bonne adr\u00e9naline. J\u2019ai eu de belles amiti\u00e9s comme <a href=\"https:\/\/www.programme-tv.net\/biographie\/367005-melanie-dedigama\/\" data-link-people=\"96783946-bda3-44e2-95fa-5af549e74c7d\" rel=\"nofollow noopener\" target=\"_blank\">M\u00e9lanie Dedigama<\/a>. Beaucoup de candidats ont trouv\u00e9 que The Power \u00e9tait diff\u00e9rent des autres tournages. C\u2019est vraiment un truc \u00e0 vivre, c\u2019\u00e9tait un truc de fou.<\/p>\n<p><b>Lors de la semaine de la finale, pourquoi avez-vous choisi d\u2019\u00e9liminer Giovanni en premier, un membre de votre alliance ?<br \/><\/b>Le but c\u2019\u00e9tait chacun pour soi pour aller le plus loin possible. Je voulais \u00e9liminer tous ceux qui n\u2019avaient pas mon nom en t\u00eate. Tous ceux qui avaient des doutes sur moi, je les ai gard\u00e9s aupr\u00e8s de moi pour pouvoir leur retourner le cerveau jusqu\u2019\u00e0 la fin.<\/p>\n<p><b>Avez-vous eu peur quand Antoine a \u00e9t\u00e9 d\u00e9sign\u00e9 super cible ? Il n\u2019avait pas cach\u00e9 ses doutes envers vous, pensiez-vous que c\u2019\u00e9tait termin\u00e9 ?<br \/><\/b>J\u2019ai eu peur parce qu\u2019il a cit\u00e9 mon nom, mais d\u2019un autre c\u00f4t\u00e9, je le connais pas coeur et pensais qu&rsquo;il ne me soup\u00e7onnait pas. Par contre, il y a un truc qu\u2019on n\u2019a pas vu et dont je suis assez fi\u00e8re, c\u2019est qu\u2019il n\u2019y avait pas mon pr\u00e9nom dans les enveloppes. Quoiqu\u2019il arrivait, je gagnais.<\/p>\n<p><b>De quoi aviez-vous le plus peur quand vous \u00e9tiez Power Player ?<br \/><\/b>J\u2019ai eu peur quand Vivian et Jessica \u00e9taient Power Players. J\u2019avais des doutes sur eux et au final je n&rsquo;en ai plus eu. J\u2019\u00e9tais dans le flou et c\u2019est vraiment \u00e0 la derni\u00e8re minute o\u00f9 Robin a bien voulu me faire confiance que tout a chang\u00e9. Robin ne voyait que par Jessy donc c\u2019\u00e9tait pas gagn\u00e9.<\/p>\n<p><b>Robin a \u00e9t\u00e9 d\u00e9\u00e7u au visionnage des \u00e9pisodes et n\u2019a pas h\u00e9sit\u00e9 \u00e0 reprocher votre comportement, avez-vous pris connaissance de ses propos ?<br \/><\/b>Quand je vois les \u00e9pisodes, parfois je me dis que j\u2019y vais un peu fort. Parfois, je l\u2019envoyais balader parce qu\u2019il est \u00ab\u00a0attachiant\u00a0\u00bb. D\u2019un c\u00f4t\u00e9, je regrette de l\u2019avoir sacrifi\u00e9 et de pas avoir mis Sarah parce que quand je vois comment Sarah me l\u2019a rendue\u2026Elle ne s\u2019est pas sentie redevable. Mais d\u2019un autre c\u00f4t\u00e9, je ne regrette pas d\u2019avoir \u00e9limin\u00e9 Robin parce qu\u2019il \u00e9tait plus fort que Sarah donc \u00e7a aurait pu me desservir par la suite et notamment pour la finale. Et quand je vois comment Robin agit\u2026 Je le vois essayer de briller, de surfer un peu sur le buzz, de faire des interviews pour se positionner en victime, \u00e7a va deux secondes. Il n\u2019\u00e9tait pas dans mon alliance. Je ne lui devais rien.<\/p>\n<p><b>Plut\u00f4t que de vous en vouloir, M\u00e9lanie vous a saut\u00e9 dans les bras, cela vous a-t-il touch\u00e9 ? Quelle est votre relation actuelle avec elle ?<br \/><\/b>C\u2019est s\u00fbr que \u00e7a m\u2019a touch\u00e9. M\u00e9lanie est devenue une super amie parce qu\u2019elle pense toujours aux autres avant de penser \u00e0 elle. Si elle savait que c\u2019\u00e9tait moi, elle n\u2019aurait jamais mis mon nom dans l\u2019enveloppe. M\u00e9lanie c\u2019est quelqu\u2019un qui veut vraiment du bien. Il n\u2019y a pas de rivalit\u00e9, il n\u2019y a aucune jalousie entre nous.<\/p>\n<p>            Manon Tanti (The Power) pr\u00eate \u00e0 ne plus participer \u00e0 une \u00e9mission avec son mari Julien ?<\/p>\n<p><b>En quoi ce jeu vous a chang\u00e9 ? <br \/><\/b>Le fait d\u2019\u00eatre seule dans cette aventure, d\u2019\u00eatre moi-m\u00eame, de ne pas avoir la pression, \u00e7a change tout. <b>Quand je suis avec Julien, je suis sous pression<\/b>, il ne va pas dans le m\u00eame sens que moi, on n&rsquo;est pas strat\u00e9giques de la m\u00eame mani\u00e8re. On s\u2019embrouille souvent, donc je ne suis pas lumineuse, je ne suis pas p\u00e9tillante. Dans The Power, \u00e7a m\u2019a chang\u00e9e, j\u2019ai pass\u00e9 un mois pour moi, m\u00eame si mon mari et mes enfants m\u2019ont manqu\u00e9. Mais \u00e7a m&rsquo;a fait du bien.<\/p>\n<p><b>Justement, est-ce que vos enfants regardent vos \u00e9missions ? Qu\u2019ont-ils pens\u00e9 de votre performance dans <\/b><b>The Power<\/b><b> ?<br \/><\/b><a href=\"https:\/\/www.programme-tv.net\/news\/tele-realite\/375130-jai-enfreint-les-regles-manon-tanti-the-power-explique-comment-son-fils-tiago-l-a-aidee-pendant-le-tournage\/\" data-api-deeplink=\"teleloisirs:\/\/news\/375130\" rel=\"nofollow noopener\" target=\"_blank\">Mon plus proche alli\u00e9 dans The Power, c\u2019\u00e9tait Tiago<\/a>. Je l\u2019avais deux fois par jour au t\u00e9l\u00e9phone, je lui expliquais tout ce qu\u2019il se passait. Je lui demandais aussi des conseils, je l\u2019ai beaucoup \u00e9cout\u00e9. \u00c7a me permettait de garder le lien avec mon fils.<\/p>\n<p><b>Vous avez d\u00e9cid\u00e9 de donner les 20 000 \u20ac \u00e0 l\u2019association Action contre la faim, pourquoi cette association est-elle importante pour vous ?<br \/><\/b>Gr\u00e2ce \u00e0 cette somme, je vais pouvoir distribuer plus de 40 000 repas \u00e0 des enfants, donc c\u2019est fantastique. L\u2019association ne le sait pas encore, mais j\u2019aimerais aller sur le terrain avec eux. Ce serait l\u2019aboutissement de tout ce stress et de tous ses mensonges parce que je pourrais voir des sourires sur les visages des enfants. J\u2019aimerais vraiment aller sur place pour distribuer des repas et j\u2019aimerais prendre mes enfants avec moi. Ils vivent dans une bulle dor\u00e9e \u00e0 Duba\u00ef, donc j\u2019aimerais faire de l\u2019humanitaire pour qu\u2019ils prennent conscience des choses.<\/p>\n","protected":false},"excerpt":{"rendered":"Apr\u00e8s plusieurs semaines de strat\u00e9gies et d&rsquo;\u00e9liminations, la saison 2 de The Power a offert aux t\u00e9l\u00e9spectateurs un&hellip;\n","protected":false},"author":2,"featured_media":175096,"comment_status":"","ping_status":"","sticky":false,"template":"","format":"standard","meta":{"footnotes":""},"categories":[1356],"tags":[1111,244,58,59,1011,27,2173,31033,6855,3351,252,17046,5251,1364,9990,2395,9989],"class_list":{"0":"post-175095","1":"post","2":"type-post","3":"status-publish","4":"format-standard","5":"has-post-thumbnail","7":"category-television","8":"tag-actu","9":"tag-commentaire","10":"tag-divertissement","11":"tag-entertainment","12":"tag-fr","13":"tag-france","14":"tag-interview","15":"tag-julien-tanti","16":"tag-manon-tanti","17":"tag-nathalie-marquay","18":"tag-television","19":"tag-the-power-qui-a-le-pouvoir","20":"tag-tu00e9lu00e9-loisirs","21":"tag-tv","22":"tag-u00c9mission-de-tv","23":"tag-w9","24":"tag-wochit"},"share_on_mastodon":{"url":"https:\/\/pubeurope.com\/@fr\/114679991787888504","error":""},"_links":{"self":[{"href":"https:\/\/www.europesays.com\/fr\/wp-json\/wp\/v2\/posts\/175095","targetHints":{"allow":["GET"]}}],"collection":[{"href":"https:\/\/www.europesays.com\/fr\/wp-json\/wp\/v2\/posts"}],"about":[{"href":"https:\/\/www.europesays.com\/fr\/wp-json\/wp\/v2\/types\/post"}],"author":[{"embeddable":true,"href":"https:\/\/www.europesays.com\/fr\/wp-json\/wp\/v2\/users\/2"}],"replies":[{"embeddable":true,"href":"https:\/\/www.europesays.com\/fr\/wp-json\/wp\/v2\/comments?post=175095"}],"version-history":[{"count":0,"href":"https:\/\/www.europesays.com\/fr\/wp-json\/wp\/v2\/posts\/175095\/revisions"}],"wp:featuredmedia":[{"embeddable":true,"href":"https:\/\/www.europesays.com\/fr\/wp-json\/wp\/v2\/media\/175096"}],"wp:attachment":[{"href":"https:\/\/www.europesays.com\/fr\/wp-json\/wp\/v2\/media?parent=175095"}],"wp:term":[{"taxonomy":"category","embeddable":true,"href":"https:\/\/www.europesays.com\/fr\/wp-json\/wp\/v2\/categories?post=175095"},{"taxonomy":"post_tag","embeddable":true,"href":"https:\/\/www.europesays.com\/fr\/wp-json\/wp\/v2\/tags?post=175095"}],"curies":[{"name":"wp","href":"https:\/\/api.w.org\/{rel}","templated":true}]}}